{"id":25195,"date":"2019-11-26T19:49:38","date_gmt":"2019-11-26T23:49:38","guid":{"rendered":"http:\/\/blogdalucianaoliveira.com.br\/blog\/?p=25195"},"modified":"2019-11-26T19:49:55","modified_gmt":"2019-11-26T23:49:55","slug":"anistia-internacional-e-indigenas-pedem-protecao-da-amazonia-contra-grileiros","status":"publish","type":"post","link":"http:\/\/blogdalucianaoliveira.com.br\/blog\/2019\/11\/26\/anistia-internacional-e-indigenas-pedem-protecao-da-amazonia-contra-grileiros\/","title":{"rendered":"Anistia Internacional e ind\u00edgenas pedem prote\u00e7\u00e3o da Amaz\u00f4nia contra grileiros"},"content":{"rendered":"\n<h2 class=\"wp-block-heading\"><\/h2>\n\n\n\n<figure class=\"wp-block-image size-large\"><img data-recalc-dims=\"1\" loading=\"lazy\" decoding=\"async\" width=\"600\" height=\"450\" data-attachment-id=\"25196\" data-permalink=\"http:\/\/blogdalucianaoliveira.com.br\/blog\/2019\/11\/26\/anistia-internacional-e-indigenas-pedem-protecao-da-amazonia-contra-grileiros\/71bdf537-1c69-4824-b37f-26704583c9b5\/\" data-orig-file=\"https:\/\/i0.wp.com\/blogdalucianaoliveira.com.br\/blog\/wp-content\/uploads\/2019\/11\/71BDF537-1C69-4824-B37F-26704583C9B5.jpeg?fit=640%2C480\" data-orig-size=\"640,480\" data-comments-opened=\"0\" data-image-meta=\"{&quot;aperture&quot;:&quot;0&quot;,&quot;credit&quot;:&quot;&quot;,&quot;camera&quot;:&quot;&quot;,&quot;caption&quot;:&quot;&quot;,&quot;created_timestamp&quot;:&quot;0&quot;,&quot;copyright&quot;:&quot;&quot;,&quot;focal_length&quot;:&quot;0&quot;,&quot;iso&quot;:&quot;0&quot;,&quot;shutter_speed&quot;:&quot;0&quot;,&quot;title&quot;:&quot;&quot;,&quot;orientation&quot;:&quot;0&quot;}\" data-image-title=\"71BDF537-1C69-4824-B37F-26704583C9B5\" data-image-description=\"\" data-image-caption=\"\" data-medium-file=\"https:\/\/i0.wp.com\/blogdalucianaoliveira.com.br\/blog\/wp-content\/uploads\/2019\/11\/71BDF537-1C69-4824-B37F-26704583C9B5.jpeg?fit=300%2C225\" data-large-file=\"https:\/\/i0.wp.com\/blogdalucianaoliveira.com.br\/blog\/wp-content\/uploads\/2019\/11\/71BDF537-1C69-4824-B37F-26704583C9B5.jpeg?fit=600%2C450\" src=\"https:\/\/i0.wp.com\/blogdalucianaoliveira.com.br\/blog\/wp-content\/uploads\/2019\/11\/71BDF537-1C69-4824-B37F-26704583C9B5.jpeg?resize=600%2C450\" alt=\"\" class=\"wp-image-25196\" srcset=\"https:\/\/i0.wp.com\/blogdalucianaoliveira.com.br\/blog\/wp-content\/uploads\/2019\/11\/71BDF537-1C69-4824-B37F-26704583C9B5.jpeg?w=640 640w, https:\/\/i0.wp.com\/blogdalucianaoliveira.com.br\/blog\/wp-content\/uploads\/2019\/11\/71BDF537-1C69-4824-B37F-26704583C9B5.jpeg?resize=300%2C225 300w, https:\/\/i0.wp.com\/blogdalucianaoliveira.com.br\/blog\/wp-content\/uploads\/2019\/11\/71BDF537-1C69-4824-B37F-26704583C9B5.jpeg?resize=400%2C300 400w\" sizes=\"auto, (max-width: 600px) 100vw, 600px\" \/><\/figure>\n\n\n\n<h3 class=\"wp-block-heading\">Institui\u00e7\u00e3o apresentou relat\u00f3rio que comprova rela\u00e7\u00e3o entre pecu\u00e1ria ilegal, desmatamento e conflitos na regi\u00e3o.<\/h3>\n\n\n\n<!--more-->\n\n\n\n<p><br>Cristiane Sampaio\u00a0<\/p>\n\n\n\n<p>Brasil de Fato |<\/p>\n\n\n\n<p>A pauta ind\u00edgena voltou \u00e0 cena dos destaques em Bras\u00edlia nesta ter\u00e7a-feira (26), em um novo protesto popular.<\/p>\n\n\n\n<p>Manifestantes da Anistia Internacional e lideran\u00e7as de povos tradicionais se reuniram em um ato na frente do Pal\u00e1cio do Planalto para pedir prote\u00e7\u00e3o \u00e0 Amaz\u00f4nia e \u00e0s comunidades da regi\u00e3o. Na ocasi\u00e3o, o grupo apresentou um abaixo-assinado com 160 mil assinaturas que oficializam o pedido.<\/p>\n\n\n\n<p>\u201c\u00c9 uma mensagem clara, a mesma que estamos trazendo aqui e que diz: \u2018Bolsonaro, proteja a floresta e os povos que vivem nela\u2019. N\u00e3o \u00e9 uma novidade e n\u00e3o \u00e9 nada que o presidente n\u00e3o tenha o dever de fazer cumprir\u201d, disse a diretora-executiva da Anistia Internacional Brasil, Jurema Werneck.<\/p>\n\n\n\n<p>Bolsonaro negou encontro<\/p>\n\n\n\n<p>A entidade destacou que fez contato oficial com o Pal\u00e1cio no in\u00edcio do m\u00eas para pedir um encontro com o presidente Jair Bolsonaro (PSL), mas foi informada de que a audi\u00eancia n\u00e3o seria poss\u00edvel.<\/p>\n\n\n\n<p>De acordo com Werneck, o Planalto indicou que a Anistia poder\u00e1 tentar uma reuni\u00e3o com o ministro do Meio Ambiente, Ricardo Salles. Atualmente, o \u00f3rg\u00e3o respons\u00e1vel diretamente pelas popula\u00e7\u00f5es ind\u00edgenas \u00e9 a Funai, que est\u00e1 sob o guarda-chuva administrativo do Minist\u00e9rio da Justi\u00e7a.<\/p>\n\n\n\n<p>\u201cN\u00f3s retornamos o contato com o Pal\u00e1cio pra dizer que estamos tratando de povos ind\u00edgenas, comunidades tradicionais, e que a esse respeito o Salles n\u00e3o tem nada que possa colaborar ou fazer cumprir. Sem contar que as 160 mil assinaturas que recolhemos s\u00e3o dirigidas a ele [Bolsonaro]. Lamentamos terrivelmente essa indisponibilidade de nos receber, e \u00e9 a segunda vez. A gente lamenta a dificuldade que o presidente tem de dialogar com o seu povo. N\u00f3s n\u00e3o desistimos. Vamos continuar tentando falar diretamente com ele\u201d, frisou Werneck.<\/p>\n\n\n\n<blockquote class=\"wp-block-quote is-layout-flow wp-block-quote-is-layout-flow\"><p><strong><em>\u201c\u00c9 uma mensagem clara, a mesma que estamos trazendo aqui e que diz: \u2018Bolsonaro, proteja a floresta e os povos que vivem nela\u2019. N\u00e3o \u00e9 uma novidade e n\u00e3o \u00e9 nada que o presidente n\u00e3o tenha o dever de fazer cumprir\u201d<\/em><\/strong><br><\/p><\/blockquote>\n\n\n\n<p>O protesto da Anistia Internacional com ind\u00edgenas \u00e9 mais um cap\u00edtulo do conjunto de manifesta\u00e7\u00f5es que o governo enfrenta no pa\u00eds a respeito do tema, apontado como um dos pontos cr\u00edticos da gest\u00e3o Bolsonaro.<\/p>\n\n\n\n<p>Entre outras coisas, este primeiro ano de mandato tem sido marcado pelo aumento das&nbsp;<a href=\"https:\/\/www.brasildefato.com.br\/especiais\/amazonia-em-chamas-or-os-impactos-da-devastacao-da-maior-floresta-tropical-do-mundo\/\">queimadas<\/a>&nbsp;e do&nbsp;<a href=\"https:\/\/www.brasildefato.com.br\/2019\/09\/30\/campeoes-de-desmatamento-e-queimadas-na-amazonia-sao-dominados-pelo-gado-e-pela-soja\/\">desmatamento<\/a>&nbsp;na Amaz\u00f4nia, com avan\u00e7o tamb\u00e9m das manifesta\u00e7\u00f5es de&nbsp;<a href=\"https:\/\/www.brasildefato.com.br\/2019\/11\/02\/lider-guajajara-e-morto-em-emboscada-de-madereiros-no-maranhao\/\">viol\u00eancia contra as comunidades tradicionais<\/a>, com destaque para o racismo.<\/p>\n\n\n\n<p>\u201cCom tudo isso, mesmo com relat\u00f3rios em m\u00e3os, dados oficiais, com pessoas em carne e osso querendo dialogar, o presidente n\u00e3o tem nos recebido. Lamentamos isso. A gente quer dialogar e sentar. A gente gostaria muito de conversar com ele porque \u00e9 ele quem responde\u201d, disse Giovani Tapura, l\u00edder ind\u00edgena Manoki do Mato Grosso, estado que integra a Amaz\u00f4nia Legal.<\/p>\n\n\n\n<p><strong>Relat\u00f3rio<\/strong><\/p>\n\n\n\n<p>Durante o protesto, os manifestantes apresentaram o relat\u00f3rio<a href=\"https:\/\/www.amnesty.org\/en\/documents\/amr19\/1401\/2019\/pt\/\" target=\"_blank\" rel=\"noreferrer noopener\">&nbsp;\u201cCercar e trazer o boi: pecu\u00e1ria bovina ilegal na Amaz\u00f4nia brasileira\u201d<\/a>, produzido pela Anistia Internacional, que mostra a rela\u00e7\u00e3o entre a pecu\u00e1ria ilegal, o desmatamento e os conflitos na regi\u00e3o.<\/p>\n\n\n\n<p>Para produzir o material, a entidade realizou visitas de campo, entrevistas e analisou dados e imagens de sat\u00e9lite.<\/p>\n\n\n\n<p>De car\u00e1ter in\u00e9dito, a pesquisa destaca que a cria\u00e7\u00e3o ilegal de gado na Amaz\u00f4nia \u00e9 a principal indutora da grilagem \u2013 apropria\u00e7\u00e3o irregular de terras \u2013 que avan\u00e7a sobre reservas extrativistas e terras ind\u00edgenas, afetando \u00e1reas legalmente protegidas.<\/p>\n\n\n\n<p>O documento denuncia que autoridades estaduais facilitam a atua\u00e7\u00e3o de criadores ilegais de gado na floresta tropical amaz\u00f4nica e que o problema se arrasta ao longo do tempo.<\/p>\n\n\n\n<figure class=\"wp-block-image\"><img data-recalc-dims=\"1\" decoding=\"async\" src=\"https:\/\/i0.wp.com\/farm66.staticflickr.com\/65535\/48793823468_5e9bdee2fe_o.jpg?w=600&#038;ssl=1\" alt=\"\"\/><\/figure>\n\n\n\n<p>O relat\u00f3rio mostra que, entre 1988 e 2014, cerca de dois ter\u00e7os das \u00e1reas desmatadas da Amaz\u00f4nia foram queimados e convertidos em pastagens (Foto:&nbsp;Saul Schramm)<\/p>\n\n\n\n<p>A \u00e1rea total afetada foi de 500 mil km\u00b2, que equivale a cinco vezes o tamanho de Portugal.<\/p>\n\n\n\n<p>Imagens de sat\u00e9lite analisadas pelos pesquisadores mostram que, em v\u00e1rios casos, as \u00e1reas incendiadas por desmatadores est\u00e3o pr\u00f3ximas da pastagem de bovinos.<\/p>\n\n\n\n<p>\u201cEm alguns casos, os prov\u00e1veis caminhos que os bovinos percorreram em locais que haviam sido recentemente queimados eram vis\u00edveis\u201d, afirma a Anistia. &nbsp;<\/p>\n\n\n\n<p>O relat\u00f3rio da entidade sublinha tamb\u00e9m que outros problemas se somam aos pesadelos dos povos tradicionais da Amaz\u00f4nia al\u00e9m da cria\u00e7\u00e3o ilegal de gado, como \u00e9 o caso da constru\u00e7\u00e3o de estradas e da instala\u00e7\u00e3o de acampamentos em \u00e1reas protegidas. Lideran\u00e7as ind\u00edgenas destacam que a quest\u00e3o se conecta ao comportamento do governo Bolsonaro diante do tema.<\/p>\n\n\n\n<figure class=\"wp-block-image\"><img data-recalc-dims=\"1\" decoding=\"async\" src=\"https:\/\/i0.wp.com\/farm66.staticflickr.com\/65535\/49123441506_be7c564588_z.jpg?w=600&#038;ssl=1\" alt=\"\"\/><\/figure>\n\n\n\n<p>Registro a\u00e9reo de \u00e1rea derrubada da floresta amaz\u00f4nica em Porto Velho (RO), um dos munic\u00edpios campe\u00f5es de desmatamento, segundo o Inpe (Carl de Souza\/AFP)<\/p>\n\n\n\n<p>O cacique Andr\u00e9 Karipuna, de Rond\u00f4nia, aponta que, ao afrouxar prote\u00e7\u00f5es ambientais e negar os dados que mensuram a devasta\u00e7\u00e3o da regi\u00e3o amaz\u00f4nica, a gest\u00e3o contribui para a viol\u00eancia contra os povos tradicionais. A situa\u00e7\u00e3o \u00e9 considerada cr\u00edtica, por exemplo, na capital do estado, Porto Velho, onde mais de 40 km de novas estradas foram abertas desde 2017.<\/p>\n\n\n\n<p>&nbsp;\u201cA gente sente isso na pele na forma de amea\u00e7as, grilagem, roubo de madeira, etc. Eu mesmo venho sofrendo amea\u00e7as, minha fam\u00edlia e meu povo tamb\u00e9m. N\u00e3o tenho sossego, n\u00e3o tenho paz. A gente anda muito preocupado com isso e com o que vai ser daqui pra frente, com esse governo atual. N\u00e3o estamos pedindo novas leis ou algo do tipo. Estamos pedindo a\u00e7\u00e3o. A gente quer viver em paz e com sossego\u201d, afirma Karipuna.<\/p>\n\n\n\n<p>Ao final do protesto, os manifestantes protocolaram, no Pal\u00e1cio do Planalto, o abaixo-assinado e o relat\u00f3rio da Anistia Internacional.<\/p>\n\n\n\n<p>Edi\u00e7\u00e3o: Rodrigo Chagas<\/p>\n\n\n\n<p><\/p>\n","protected":false},"excerpt":{"rendered":"<p>Institui\u00e7\u00e3o apresentou relat\u00f3rio que comprova rela\u00e7\u00e3o entre pecu\u00e1ria ilegal, desmatamento e conflitos na regi\u00e3o.<\/p>\n","protected":false},"author":1,"featured_media":0,"comment_status":"closed","ping_status":"open","sticky":false,"template":"","format":"standard","meta":{"_exactmetrics_skip_tracking":false,"_exactmetrics_sitenote_active":false,"_exactmetrics_sitenote_note":"","_exactmetrics_sitenote_category":0,"jetpack_post_was_ever_published":false,"_jetpack_newsletter_access":"","_jetpack_dont_email_post_to_subs":false,"_jetpack_newsletter_tier_id":0,"_jetpack_memberships_contains_paywalled_content":false,"_jetpack_memberships_contains_paid_content":false,"footnotes":"","jetpack_publicize_message":"","jetpack_publicize_feature_enabled":true,"jetpack_social_post_already_shared":true,"jetpack_social_options":{"image_generator_settings":{"template":"highway","enabled":false},"version":2}},"categories":[1],"tags":[],"class_list":["post-25195","post","type-post","status-publish","format-standard","hentry","category-notas"],"jetpack_publicize_connections":[],"jetpack_sharing_enabled":true,"jetpack_featured_media_url":"","jetpack_shortlink":"https:\/\/wp.me\/p7wKYW-6yn","jetpack-related-posts":[],"_links":{"self":[{"href":"http:\/\/blogdalucianaoliveira.com.br\/blog\/wp-json\/wp\/v2\/posts\/25195","targetHints":{"allow":["GET"]}}],"collection":[{"href":"http:\/\/blogdalucianaoliveira.com.br\/blog\/wp-json\/wp\/v2\/posts"}],"about":[{"href":"http:\/\/blogdalucianaoliveira.com.br\/blog\/wp-json\/wp\/v2\/types\/post"}],"author":[{"embeddable":true,"href":"http:\/\/blogdalucianaoliveira.com.br\/blog\/wp-json\/wp\/v2\/users\/1"}],"replies":[{"embeddable":true,"href":"http:\/\/blogdalucianaoliveira.com.br\/blog\/wp-json\/wp\/v2\/comments?post=25195"}],"version-history":[{"count":1,"href":"http:\/\/blogdalucianaoliveira.com.br\/blog\/wp-json\/wp\/v2\/posts\/25195\/revisions"}],"predecessor-version":[{"id":25197,"href":"http:\/\/blogdalucianaoliveira.com.br\/blog\/wp-json\/wp\/v2\/posts\/25195\/revisions\/25197"}],"wp:attachment":[{"href":"http:\/\/blogdalucianaoliveira.com.br\/blog\/wp-json\/wp\/v2\/media?parent=25195"}],"wp:term":[{"taxonomy":"category","embeddable":true,"href":"http:\/\/blogdalucianaoliveira.com.br\/blog\/wp-json\/wp\/v2\/categories?post=25195"},{"taxonomy":"post_tag","embeddable":true,"href":"http:\/\/blogdalucianaoliveira.com.br\/blog\/wp-json\/wp\/v2\/tags?post=25195"}],"curies":[{"name":"wp","href":"https:\/\/api.w.org\/{rel}","templated":true}]}}