{"id":25201,"date":"2019-11-27T11:36:05","date_gmt":"2019-11-27T15:36:05","guid":{"rendered":"http:\/\/blogdalucianaoliveira.com.br\/blog\/?p=25201"},"modified":"2019-11-27T11:36:17","modified_gmt":"2019-11-27T15:36:17","slug":"folha-diz-que-sao-ineptos-e-autoritarios-bolsonaro-e-seus-seguidores-que-defendem-o-ai-5","status":"publish","type":"post","link":"http:\/\/blogdalucianaoliveira.com.br\/blog\/2019\/11\/27\/folha-diz-que-sao-ineptos-e-autoritarios-bolsonaro-e-seus-seguidores-que-defendem-o-ai-5\/","title":{"rendered":"Folha diz que s\u00e3o &#8216;ineptos e autorit\u00e1rios&#8217; Bolsonaro e seus seguidores que defendem o AI-5"},"content":{"rendered":"\n<figure class=\"wp-block-image size-large\"><img data-recalc-dims=\"1\" loading=\"lazy\" decoding=\"async\" width=\"408\" height=\"240\" data-attachment-id=\"25202\" data-permalink=\"http:\/\/blogdalucianaoliveira.com.br\/blog\/2019\/11\/27\/folha-diz-que-sao-ineptos-e-autoritarios-bolsonaro-e-seus-seguidores-que-defendem-o-ai-5\/3a594b99-8c75-4a8f-a2d0-053c74119de3\/\" data-orig-file=\"https:\/\/i0.wp.com\/blogdalucianaoliveira.com.br\/blog\/wp-content\/uploads\/2019\/11\/3A594B99-8C75-4A8F-A2D0-053C74119DE3.jpeg?fit=408%2C240\" data-orig-size=\"408,240\" data-comments-opened=\"0\" data-image-meta=\"{&quot;aperture&quot;:&quot;0&quot;,&quot;credit&quot;:&quot;&quot;,&quot;camera&quot;:&quot;&quot;,&quot;caption&quot;:&quot;&quot;,&quot;created_timestamp&quot;:&quot;0&quot;,&quot;copyright&quot;:&quot;&quot;,&quot;focal_length&quot;:&quot;0&quot;,&quot;iso&quot;:&quot;0&quot;,&quot;shutter_speed&quot;:&quot;0&quot;,&quot;title&quot;:&quot;&quot;,&quot;orientation&quot;:&quot;0&quot;}\" data-image-title=\"3A594B99-8C75-4A8F-A2D0-053C74119DE3\" data-image-description=\"\" data-image-caption=\"\" data-medium-file=\"https:\/\/i0.wp.com\/blogdalucianaoliveira.com.br\/blog\/wp-content\/uploads\/2019\/11\/3A594B99-8C75-4A8F-A2D0-053C74119DE3.jpeg?fit=300%2C176\" data-large-file=\"https:\/\/i0.wp.com\/blogdalucianaoliveira.com.br\/blog\/wp-content\/uploads\/2019\/11\/3A594B99-8C75-4A8F-A2D0-053C74119DE3.jpeg?fit=408%2C240\" src=\"https:\/\/i0.wp.com\/blogdalucianaoliveira.com.br\/blog\/wp-content\/uploads\/2019\/11\/3A594B99-8C75-4A8F-A2D0-053C74119DE3.jpeg?resize=408%2C240\" alt=\"\" class=\"wp-image-25202\" srcset=\"https:\/\/i0.wp.com\/blogdalucianaoliveira.com.br\/blog\/wp-content\/uploads\/2019\/11\/3A594B99-8C75-4A8F-A2D0-053C74119DE3.jpeg?w=408 408w, https:\/\/i0.wp.com\/blogdalucianaoliveira.com.br\/blog\/wp-content\/uploads\/2019\/11\/3A594B99-8C75-4A8F-A2D0-053C74119DE3.jpeg?resize=300%2C176 300w\" sizes=\"auto, (max-width: 408px) 100vw, 408px\" \/><\/figure>\n\n\n\n<p><strong>247 &#8211;<\/strong>\u00a0O jornal Folha de S.Paulo faz dura cr\u00edtica \u00e0s declara\u00e7\u00f5es do ministro da Economia Paulo Guedes, que em entrevista coletiva em Washington, amea\u00e7ou o pa\u00eds com o retorno do AI-5 (Ato Institucional n\u00famero 5), aludindo \u00e0 possibilidade de enfrentar com medidas ditatoriais hipot\u00e9ticas manifesta\u00e7\u00f5es populares. \u00a0<\/p>\n\n\n\n<!--more-->\n\n\n\n<p>\u201c\u00c0 sua maneira atrapalhada e agressiva, [Guedes] deixou expostos os andaimes da teoria conspirat\u00f3ria que circula no Executivo&#8221;, escreve o editorialista da\u00a0<a href=\"https:\/\/www1.folha.uol.com.br\/opiniao\/2019\/11\/ineptos-e-autoritarios.shtml\"><strong>Folha<\/strong><\/a>. \u00a0&#8220;Ali se trata o direito leg\u00edtimo da oposi\u00e7\u00e3o de organizar protestos de rua, desde que pac\u00edficos, como &#8216;irresponsabilidade&#8217; e desejo de &#8216;quebrar tudo&#8217;. Guedes, al\u00e9m disso, tenta lan\u00e7ar na esquerda minorit\u00e1ria no Congresso a culpa, que \u00e9 da in\u00e9pcia parlamentar do ministro e do governo, pelas dificuldades na aprova\u00e7\u00e3o de novas reformas&#8221;. \u00a0<br><\/p>\n\n\n\n<p>&#8220;A alus\u00e3o ao ato que em 1968 inaugurou a fase de viola\u00e7\u00f5es mais brutais dos direitos humanos na ditadura militar conota o repert\u00f3rio autorit\u00e1rio de que Jair Bolsonaro e seguidores jamais se afastaram \u2014outro exemplo recente foi a sugest\u00e3o do mandat\u00e1rio de usar a Lei de Seguran\u00e7a Nacional contra Lula&#8221;, prosseue o editorial, que enfatiza o &#8220;necess\u00e1rio rep\u00fadio&#8221; que manifesta\u00e7\u00f5es desse tipo merecem. &nbsp;<\/p>\n\n\n\n<p>A Folha elogia como &#8220;oportuna&#8221; a abertura nesta ter\u00e7a-feira (26) de processos no Conselho de \u00c9tica contra o deputado federal Eduardo Bolsonaro, &#8220;primeiro a cogitar em p\u00fablico o recurso ao instituto ditatorial&#8221;. &nbsp;<\/p>\n\n\n\n<p>Destaque-se ainda a cr\u00edtica \u00e0 &#8220;ofensiva do presidente da Rep\u00fablica para incentivar o uso da for\u00e7a letal por policiais, militares e cidad\u00e3os&#8221;.<\/p>\n","protected":false},"excerpt":{"rendered":"<p>247 &#8211;\u00a0O jornal Folha de S.Paulo faz dura cr\u00edtica \u00e0s declara\u00e7\u00f5es do ministro da Economia Paulo Guedes, que em entrevista coletiva em Washington, amea\u00e7ou o pa\u00eds com o retorno do AI-5 (Ato Institucional n\u00famero 5), aludindo \u00e0 possibilidade de enfrentar com medidas ditatoriais hipot\u00e9ticas manifesta\u00e7\u00f5es populares. \u00a0<\/p>\n","protected":false},"author":1,"featured_media":0,"comment_status":"closed","ping_status":"open","sticky":false,"template":"","format":"standard","meta":{"_exactmetrics_skip_tracking":false,"_exactmetrics_sitenote_active":false,"_exactmetrics_sitenote_note":"","_exactmetrics_sitenote_category":0,"jetpack_post_was_ever_published":false,"_jetpack_newsletter_access":"","_jetpack_dont_email_post_to_subs":false,"_jetpack_newsletter_tier_id":0,"_jetpack_memberships_contains_paywalled_content":false,"_jetpack_memberships_contains_paid_content":false,"footnotes":"","jetpack_publicize_message":"","jetpack_publicize_feature_enabled":true,"jetpack_social_post_already_shared":true,"jetpack_social_options":{"image_generator_settings":{"template":"highway","enabled":false},"version":2}},"categories":[1],"tags":[],"class_list":["post-25201","post","type-post","status-publish","format-standard","hentry","category-notas"],"jetpack_publicize_connections":[],"jetpack_sharing_enabled":true,"jetpack_featured_media_url":"","jetpack_shortlink":"https:\/\/wp.me\/p7wKYW-6yt","jetpack-related-posts":[],"_links":{"self":[{"href":"http:\/\/blogdalucianaoliveira.com.br\/blog\/wp-json\/wp\/v2\/posts\/25201","targetHints":{"allow":["GET"]}}],"collection":[{"href":"http:\/\/blogdalucianaoliveira.com.br\/blog\/wp-json\/wp\/v2\/posts"}],"about":[{"href":"http:\/\/blogdalucianaoliveira.com.br\/blog\/wp-json\/wp\/v2\/types\/post"}],"author":[{"embeddable":true,"href":"http:\/\/blogdalucianaoliveira.com.br\/blog\/wp-json\/wp\/v2\/users\/1"}],"replies":[{"embeddable":true,"href":"http:\/\/blogdalucianaoliveira.com.br\/blog\/wp-json\/wp\/v2\/comments?post=25201"}],"version-history":[{"count":1,"href":"http:\/\/blogdalucianaoliveira.com.br\/blog\/wp-json\/wp\/v2\/posts\/25201\/revisions"}],"predecessor-version":[{"id":25203,"href":"http:\/\/blogdalucianaoliveira.com.br\/blog\/wp-json\/wp\/v2\/posts\/25201\/revisions\/25203"}],"wp:attachment":[{"href":"http:\/\/blogdalucianaoliveira.com.br\/blog\/wp-json\/wp\/v2\/media?parent=25201"}],"wp:term":[{"taxonomy":"category","embeddable":true,"href":"http:\/\/blogdalucianaoliveira.com.br\/blog\/wp-json\/wp\/v2\/categories?post=25201"},{"taxonomy":"post_tag","embeddable":true,"href":"http:\/\/blogdalucianaoliveira.com.br\/blog\/wp-json\/wp\/v2\/tags?post=25201"}],"curies":[{"name":"wp","href":"https:\/\/api.w.org\/{rel}","templated":true}]}}