{"id":25204,"date":"2019-11-27T11:40:41","date_gmt":"2019-11-27T15:40:41","guid":{"rendered":"http:\/\/blogdalucianaoliveira.com.br\/blog\/?p=25204"},"modified":"2019-11-27T11:40:55","modified_gmt":"2019-11-27T15:40:55","slug":"governo-autoriza-mais-57-agrotoxicos-sendo-2-ineditos","status":"publish","type":"post","link":"http:\/\/blogdalucianaoliveira.com.br\/blog\/2019\/11\/27\/governo-autoriza-mais-57-agrotoxicos-sendo-2-ineditos\/","title":{"rendered":"Governo autoriza mais 57 agrot\u00f3xicos, sendo 2 in\u00e9ditos"},"content":{"rendered":"\n<figure class=\"wp-block-image size-large\"><img data-recalc-dims=\"1\" loading=\"lazy\" decoding=\"async\" width=\"600\" height=\"315\" data-attachment-id=\"25205\" data-permalink=\"http:\/\/blogdalucianaoliveira.com.br\/blog\/2019\/11\/27\/governo-autoriza-mais-57-agrotoxicos-sendo-2-ineditos\/506f511d-a4b2-45af-b507-e68f7c23ee64\/\" data-orig-file=\"https:\/\/i0.wp.com\/blogdalucianaoliveira.com.br\/blog\/wp-content\/uploads\/2019\/11\/506F511D-A4B2-45AF-B507-E68F7C23EE64.jpeg?fit=800%2C420\" data-orig-size=\"800,420\" data-comments-opened=\"0\" data-image-meta=\"{&quot;aperture&quot;:&quot;0&quot;,&quot;credit&quot;:&quot;&quot;,&quot;camera&quot;:&quot;&quot;,&quot;caption&quot;:&quot;&quot;,&quot;created_timestamp&quot;:&quot;1481033755&quot;,&quot;copyright&quot;:&quot;&quot;,&quot;focal_length&quot;:&quot;0&quot;,&quot;iso&quot;:&quot;0&quot;,&quot;shutter_speed&quot;:&quot;0&quot;,&quot;title&quot;:&quot;&quot;,&quot;orientation&quot;:&quot;1&quot;}\" data-image-title=\"506F511D-A4B2-45AF-B507-E68F7C23EE64\" data-image-description=\"\" data-image-caption=\"\" data-medium-file=\"https:\/\/i0.wp.com\/blogdalucianaoliveira.com.br\/blog\/wp-content\/uploads\/2019\/11\/506F511D-A4B2-45AF-B507-E68F7C23EE64.jpeg?fit=300%2C158\" data-large-file=\"https:\/\/i0.wp.com\/blogdalucianaoliveira.com.br\/blog\/wp-content\/uploads\/2019\/11\/506F511D-A4B2-45AF-B507-E68F7C23EE64.jpeg?fit=600%2C315\" src=\"https:\/\/i0.wp.com\/blogdalucianaoliveira.com.br\/blog\/wp-content\/uploads\/2019\/11\/506F511D-A4B2-45AF-B507-E68F7C23EE64.jpeg?resize=600%2C315\" alt=\"\" class=\"wp-image-25205\" srcset=\"https:\/\/i0.wp.com\/blogdalucianaoliveira.com.br\/blog\/wp-content\/uploads\/2019\/11\/506F511D-A4B2-45AF-B507-E68F7C23EE64.jpeg?w=800 800w, https:\/\/i0.wp.com\/blogdalucianaoliveira.com.br\/blog\/wp-content\/uploads\/2019\/11\/506F511D-A4B2-45AF-B507-E68F7C23EE64.jpeg?resize=300%2C158 300w, https:\/\/i0.wp.com\/blogdalucianaoliveira.com.br\/blog\/wp-content\/uploads\/2019\/11\/506F511D-A4B2-45AF-B507-E68F7C23EE64.jpeg?resize=768%2C403 768w, https:\/\/i0.wp.com\/blogdalucianaoliveira.com.br\/blog\/wp-content\/uploads\/2019\/11\/506F511D-A4B2-45AF-B507-E68F7C23EE64.jpeg?resize=571%2C300 571w\" sizes=\"auto, (max-width: 600px) 100vw, 600px\" \/><\/figure>\n\n\n\n<p>Registros em 2019 chegam a 439. N\u00famero \u00e9 recorde para o per\u00edodo.<\/p>\n\n\n\n<!--more-->\n\n\n\n<p>O Minist\u00e9rio da Agricultura autorizou nesta 4\u00aa feira (27.nov.2019) o registro de mais 57 agrot\u00f3xicos. Ao todo, j\u00e1 foram 439 pesticidas liberados de janeiro a novembro deste ano, maior ritmo de libera\u00e7\u00e3o da s\u00e9rie hist\u00f3rica, iniciada em 2005.<\/p>\n\n\n\n<p>Dois produtos s\u00e3o in\u00e9ditos. Um \u00e9 \u00e0 base da vespa\u00a0<em>Telenomus podisi,\u00a0<\/em>e poder\u00e1 ser usado para combater o percevejo marrom, praga da cultura de soja. O outro tem como base o \u00f3leo de casca de laranja, e servir\u00e1 para combater o pulg\u00e3o que atinge pequenas culturas como alface, agri\u00e3o, br\u00f3colis, couve, espinafre, repolho e r\u00facula.<\/p>\n\n\n\n<p>O coordenador geral de agrot\u00f3xicos e afins do minist\u00e9rio afirma que o novo pesticida \u00e9 importante para o controle do percevejo marrom.\u00a0<em>\u201cAtualmente, o percevejo marrom \u00e9 uma praga de grande import\u00e2ncia na cultura da soja, que s\u00f3 contava com op\u00e7\u00f5es qu\u00edmicas para o seu controle. Esta vespa parasita ovos do percevejo marrom favorecendo uma diminui\u00e7\u00e3o populacional da praga e aumentando o n\u00famero de inimigos naturais no campo\u201d,\u00a0<\/em>disse.<\/p>\n\n\n\n<p>A libera\u00e7\u00e3o foi publicada no ato n\u00ba 82 do&nbsp;<em>Di\u00e1rio Oficial da Uni\u00e3o<\/em>. O&nbsp;<a href=\"https:\/\/static.poder360.com.br\/2019\/11\/ATO-No-82-DE-25-DE-NOVEMBRO-DE-2019-ATO-No-82-DE-25-DE-NOVEMBRO-DE-2019-DOU-Imprensa-Nacional.pdf\" target=\"_blank\" rel=\"noreferrer noopener\">documento<\/a>&nbsp;foi assinado por Carlos Ramos Ven\u00e2ncio em 25.nov.2019.<\/p>\n\n\n\n<p>Eis a quantidade de produtos autorizados at\u00e9 27 de novembro de cada ano:<\/p>\n\n\n\n<figure><iframe loading=\"lazy\" src=\"https:\/\/graficos.poder360.com.br\/iK0nG\/2\/\" width=\"100%\" height=\"400\" allowfullscreen=\"allowfullscreen\"><\/iframe><\/figure>\n\n\n\n<p><\/p>\n","protected":false},"excerpt":{"rendered":"<p>Registros em 2019 chegam a 439. N\u00famero \u00e9 recorde para o per\u00edodo.<\/p>\n","protected":false},"author":1,"featured_media":0,"comment_status":"closed","ping_status":"open","sticky":false,"template":"","format":"standard","meta":{"_exactmetrics_skip_tracking":false,"_exactmetrics_sitenote_active":false,"_exactmetrics_sitenote_note":"","_exactmetrics_sitenote_category":0,"jetpack_post_was_ever_published":false,"_jetpack_newsletter_access":"","_jetpack_dont_email_post_to_subs":false,"_jetpack_newsletter_tier_id":0,"_jetpack_memberships_contains_paywalled_content":false,"_jetpack_memberships_contains_paid_content":false,"footnotes":"","jetpack_publicize_message":"","jetpack_publicize_feature_enabled":true,"jetpack_social_post_already_shared":true,"jetpack_social_options":{"image_generator_settings":{"template":"highway","enabled":false},"version":2}},"categories":[1],"tags":[],"class_list":["post-25204","post","type-post","status-publish","format-standard","hentry","category-notas"],"jetpack_publicize_connections":[],"jetpack_sharing_enabled":true,"jetpack_featured_media_url":"","jetpack_shortlink":"https:\/\/wp.me\/p7wKYW-6yw","jetpack-related-posts":[],"_links":{"self":[{"href":"http:\/\/blogdalucianaoliveira.com.br\/blog\/wp-json\/wp\/v2\/posts\/25204","targetHints":{"allow":["GET"]}}],"collection":[{"href":"http:\/\/blogdalucianaoliveira.com.br\/blog\/wp-json\/wp\/v2\/posts"}],"about":[{"href":"http:\/\/blogdalucianaoliveira.com.br\/blog\/wp-json\/wp\/v2\/types\/post"}],"author":[{"embeddable":true,"href":"http:\/\/blogdalucianaoliveira.com.br\/blog\/wp-json\/wp\/v2\/users\/1"}],"replies":[{"embeddable":true,"href":"http:\/\/blogdalucianaoliveira.com.br\/blog\/wp-json\/wp\/v2\/comments?post=25204"}],"version-history":[{"count":1,"href":"http:\/\/blogdalucianaoliveira.com.br\/blog\/wp-json\/wp\/v2\/posts\/25204\/revisions"}],"predecessor-version":[{"id":25206,"href":"http:\/\/blogdalucianaoliveira.com.br\/blog\/wp-json\/wp\/v2\/posts\/25204\/revisions\/25206"}],"wp:attachment":[{"href":"http:\/\/blogdalucianaoliveira.com.br\/blog\/wp-json\/wp\/v2\/media?parent=25204"}],"wp:term":[{"taxonomy":"category","embeddable":true,"href":"http:\/\/blogdalucianaoliveira.com.br\/blog\/wp-json\/wp\/v2\/categories?post=25204"},{"taxonomy":"post_tag","embeddable":true,"href":"http:\/\/blogdalucianaoliveira.com.br\/blog\/wp-json\/wp\/v2\/tags?post=25204"}],"curies":[{"name":"wp","href":"https:\/\/api.w.org\/{rel}","templated":true}]}}