{"id":25209,"date":"2019-11-27T15:52:09","date_gmt":"2019-11-27T19:52:09","guid":{"rendered":"http:\/\/blogdalucianaoliveira.com.br\/blog\/?p=25209"},"modified":"2019-11-27T15:55:30","modified_gmt":"2019-11-27T19:55:30","slug":"jornalista-do-intercept-resgata-dialogos-entre-gebran-e-deltan-na-vaza-jato","status":"publish","type":"post","link":"http:\/\/blogdalucianaoliveira.com.br\/blog\/2019\/11\/27\/jornalista-do-intercept-resgata-dialogos-entre-gebran-e-deltan-na-vaza-jato\/","title":{"rendered":"Jornalista do Intercept resgata di\u00e1logos entre Gebran e Deltan na Vaza Jato"},"content":{"rendered":"\n<figure class=\"wp-block-image size-large\"><img data-recalc-dims=\"1\" loading=\"lazy\" decoding=\"async\" width=\"500\" height=\"240\" data-attachment-id=\"25210\" data-permalink=\"http:\/\/blogdalucianaoliveira.com.br\/blog\/2019\/11\/27\/jornalista-do-intercept-resgata-dialogos-entre-gebran-e-deltan-na-vaza-jato\/20eb77e7-9125-4a77-9a15-bf198bd87fb4\/\" data-orig-file=\"https:\/\/i0.wp.com\/blogdalucianaoliveira.com.br\/blog\/wp-content\/uploads\/2019\/11\/20EB77E7-9125-4A77-9A15-BF198BD87FB4.jpeg?fit=500%2C240\" data-orig-size=\"500,240\" data-comments-opened=\"0\" data-image-meta=\"{&quot;aperture&quot;:&quot;0&quot;,&quot;credit&quot;:&quot;&quot;,&quot;camera&quot;:&quot;&quot;,&quot;caption&quot;:&quot;&quot;,&quot;created_timestamp&quot;:&quot;0&quot;,&quot;copyright&quot;:&quot;&quot;,&quot;focal_length&quot;:&quot;0&quot;,&quot;iso&quot;:&quot;0&quot;,&quot;shutter_speed&quot;:&quot;0&quot;,&quot;title&quot;:&quot;&quot;,&quot;orientation&quot;:&quot;0&quot;}\" data-image-title=\"20EB77E7-9125-4A77-9A15-BF198BD87FB4\" data-image-description=\"\" data-image-caption=\"\" data-medium-file=\"https:\/\/i0.wp.com\/blogdalucianaoliveira.com.br\/blog\/wp-content\/uploads\/2019\/11\/20EB77E7-9125-4A77-9A15-BF198BD87FB4.jpeg?fit=300%2C144\" data-large-file=\"https:\/\/i0.wp.com\/blogdalucianaoliveira.com.br\/blog\/wp-content\/uploads\/2019\/11\/20EB77E7-9125-4A77-9A15-BF198BD87FB4.jpeg?fit=500%2C240\" src=\"https:\/\/i0.wp.com\/blogdalucianaoliveira.com.br\/blog\/wp-content\/uploads\/2019\/11\/20EB77E7-9125-4A77-9A15-BF198BD87FB4.jpeg?resize=500%2C240\" alt=\"\" class=\"wp-image-25210\" srcset=\"https:\/\/i0.wp.com\/blogdalucianaoliveira.com.br\/blog\/wp-content\/uploads\/2019\/11\/20EB77E7-9125-4A77-9A15-BF198BD87FB4.jpeg?w=500 500w, https:\/\/i0.wp.com\/blogdalucianaoliveira.com.br\/blog\/wp-content\/uploads\/2019\/11\/20EB77E7-9125-4A77-9A15-BF198BD87FB4.jpeg?resize=300%2C144 300w\" sizes=\"auto, (max-width: 500px) 100vw, 500px\" \/><figcaption><br><\/figcaption><\/figure>\n\n\n\n<p><strong>247\u00a0<\/strong>&#8211; O jornalista Leandro Demori, do site Intercept Brasil, que vem divulgando irregularidades da Opera\u00e7\u00e3o Lava Jato, lembrou no Twitter, que, em julho deste ano, o\u00a0<a href=\"https:\/\/veja.abril.com.br\/politica\/novos-dialogos-indicios-de-conversas-improprias-entre-deltan-e-gebran\/amp\/?__twitter_impression=true\">Intercept Brasil e Veja<\/a>\u00a0denunciaram que \u00a0o relator da Opera\u00e7\u00e3o Lava Jato no Tribunal Regional Federal da 4\u00aa Regi\u00e3o (TRF-4), Jo\u00e3o Pedro Gebran Neto,\u00a0<br>teve diversos di\u00e1logos impr\u00f3prios com procuradores do Minist\u00e9rio P\u00fablico Federal (MPF). Em uma das conversas, o procurador Deltan Dallagnol cita &#8220;encontros fortuitos&#8221; com Gebran para negociar a condena\u00e7\u00e3o de r\u00e9us.<\/p>\n\n\n\n<!--more-->\n\n\n\n<p>&#8220;Falei com ele umas duas vezes, em encontros fortuitos, e ele mostrou preocupa\u00e7\u00e3o em rela\u00e7\u00e3o \u00e0 prova de autoria sobre Assad\u2026&#8221;, afirmou Dallagnol ao procurador Carlos Augusto da Silva Cazarr\u00e9, da for\u00e7a-tarefa da Procuradoria Regional da Rep\u00fablica da 4\u00aa Regi\u00e3o, que atua junto ao TRF4.&nbsp;<\/p>\n\n\n\n<p>O coordenador da for\u00e7a-tarefa em Curitiba cita Adir Assad, um dos operadores de propinas da Petrobr\u00e1s e de governos estaduais. Assad foi condenado pelo ent\u00e3o juiz Sergio Moro a nove anos e dez meses de pris\u00e3o.<\/p>\n\n\n\n<p>Dalla\u00adgnol pediu ao colega que n\u00e3o comente com Gebran o epis\u00f3dio do encontro fortuito &#8220;para evitar ru\u00eddo\u201d.&nbsp;<\/p>\n\n\n\n<p>Na rede social, Demori tamb\u00e9m publicou uma sequ\u00eancia de posts para demonstrar a afinidade entre o desembargador Jo\u00e3o Pedro Gebran Neto, relator da Lava Jato no Tribunal Regional Federal da 4\u00aa Regi\u00e3o (TRF-4), e o ex-juiz S\u00e9rgio Moro, atual ministro da Justi\u00e7a.<\/p>\n\n\n\n<p>&#8220;Mais sobre Gebran Neto: \u00e9 amigo de S\u00e9rgio Moro, de quem foi colega de mestrado na Universidade Federal do Paran\u00e1, no in\u00edcio dos anos 2000. Os dois foram orientados pelo mesmo professor, Cl\u00e8merson Merlin Cl\u00e8ve&#8221;, escreveu Demori.<\/p>\n\n\n\n<p>&#8220;Na se\u00e7\u00e3o de agradecimentos do livro A Aplica\u00e7\u00e3o Imediata dos Direitos e Garantias Individuais, com base na sua tese de mestrado, Gebran descreve Moro como um &#8216;homem culto e perspicaz'&#8221;, complementou.&nbsp;<\/p>\n\n\n\n<p>O jornalista citou uma frase escrita por Gebran no livro. &#8220;Nossa afinidade e amizade s\u00f3 fizeram crescer nesse per\u00edodo, sendo certo que [Moro] colaborou decisivamente com sugest\u00f5es e cr\u00edticas para o resultado deste trabalho&#8221;, disse o desembargador.<\/p>\n\n\n\n<p>Demori lembrou que, &#8220;em outubro de 2016, os advogados de Lula ingressaram com um pedido no TRF4 para que o desembargador fosse substitu\u00eddo, j\u00e1 que \u00e9 amigo de Moro&#8221;. &#8220;O pr\u00f3prio Gebran julgou seu caso (e o rejeitou)&#8221;, afirmou. &#8220;Em dezembro, o m\u00e9rito da suspei\u00e7\u00e3o foi analisado de modo definitivo pelo TRF4, e negado por unanimidade&#8221;.<\/p>\n","protected":false},"excerpt":{"rendered":"<p>247\u00a0&#8211; O jornalista Leandro Demori, do site Intercept Brasil, que vem divulgando irregularidades da Opera\u00e7\u00e3o Lava Jato, lembrou no Twitter, que, em julho deste ano, o\u00a0Intercept Brasil e Veja\u00a0denunciaram que \u00a0o relator da Opera\u00e7\u00e3o Lava Jato no Tribunal Regional Federal da 4\u00aa Regi\u00e3o (TRF-4), Jo\u00e3o Pedro Gebran Neto,\u00a0teve diversos di\u00e1logos impr\u00f3prios com procuradores do Minist\u00e9rio&#8230;<a class=\"more-link\" href=\"http:\/\/blogdalucianaoliveira.com.br\/blog\/2019\/11\/27\/jornalista-do-intercept-resgata-dialogos-entre-gebran-e-deltan-na-vaza-jato\/\">Continue a leitura <span class=\"meta-nav\">&raquo;<\/span><\/a><\/p>\n","protected":false},"author":1,"featured_media":0,"comment_status":"closed","ping_status":"open","sticky":false,"template":"","format":"standard","meta":{"_exactmetrics_skip_tracking":false,"_exactmetrics_sitenote_active":false,"_exactmetrics_sitenote_note":"","_exactmetrics_sitenote_category":0,"jetpack_post_was_ever_published":false,"_jetpack_newsletter_access":"","_jetpack_dont_email_post_to_subs":false,"_jetpack_newsletter_tier_id":0,"_jetpack_memberships_contains_paywalled_content":false,"_jetpack_memberships_contains_paid_content":false,"footnotes":"","jetpack_publicize_message":"","jetpack_publicize_feature_enabled":true,"jetpack_social_post_already_shared":true,"jetpack_social_options":{"image_generator_settings":{"template":"highway","enabled":false},"version":2}},"categories":[1],"tags":[],"class_list":["post-25209","post","type-post","status-publish","format-standard","hentry","category-notas"],"jetpack_publicize_connections":[],"jetpack_sharing_enabled":true,"jetpack_featured_media_url":"","jetpack_shortlink":"https:\/\/wp.me\/p7wKYW-6yB","jetpack-related-posts":[],"_links":{"self":[{"href":"http:\/\/blogdalucianaoliveira.com.br\/blog\/wp-json\/wp\/v2\/posts\/25209","targetHints":{"allow":["GET"]}}],"collection":[{"href":"http:\/\/blogdalucianaoliveira.com.br\/blog\/wp-json\/wp\/v2\/posts"}],"about":[{"href":"http:\/\/blogdalucianaoliveira.com.br\/blog\/wp-json\/wp\/v2\/types\/post"}],"author":[{"embeddable":true,"href":"http:\/\/blogdalucianaoliveira.com.br\/blog\/wp-json\/wp\/v2\/users\/1"}],"replies":[{"embeddable":true,"href":"http:\/\/blogdalucianaoliveira.com.br\/blog\/wp-json\/wp\/v2\/comments?post=25209"}],"version-history":[{"count":1,"href":"http:\/\/blogdalucianaoliveira.com.br\/blog\/wp-json\/wp\/v2\/posts\/25209\/revisions"}],"predecessor-version":[{"id":25211,"href":"http:\/\/blogdalucianaoliveira.com.br\/blog\/wp-json\/wp\/v2\/posts\/25209\/revisions\/25211"}],"wp:attachment":[{"href":"http:\/\/blogdalucianaoliveira.com.br\/blog\/wp-json\/wp\/v2\/media?parent=25209"}],"wp:term":[{"taxonomy":"category","embeddable":true,"href":"http:\/\/blogdalucianaoliveira.com.br\/blog\/wp-json\/wp\/v2\/categories?post=25209"},{"taxonomy":"post_tag","embeddable":true,"href":"http:\/\/blogdalucianaoliveira.com.br\/blog\/wp-json\/wp\/v2\/tags?post=25209"}],"curies":[{"name":"wp","href":"https:\/\/api.w.org\/{rel}","templated":true}]}}