{"id":25215,"date":"2019-11-27T17:58:28","date_gmt":"2019-11-27T21:58:28","guid":{"rendered":"http:\/\/blogdalucianaoliveira.com.br\/blog\/?p=25215"},"modified":"2019-11-27T18:00:24","modified_gmt":"2019-11-27T22:00:24","slug":"congresso-derruba-veto-de-bolsonaro-e-escolas-publicas-terao-psicologos","status":"publish","type":"post","link":"http:\/\/blogdalucianaoliveira.com.br\/blog\/2019\/11\/27\/congresso-derruba-veto-de-bolsonaro-e-escolas-publicas-terao-psicologos\/","title":{"rendered":"Congresso derruba veto de Bolsonaro e escolas p\u00fablicas ter\u00e3o psic\u00f3logos"},"content":{"rendered":"\n<figure class=\"wp-block-image size-large\"><img data-recalc-dims=\"1\" loading=\"lazy\" decoding=\"async\" width=\"600\" height=\"360\" data-attachment-id=\"25216\" data-permalink=\"http:\/\/blogdalucianaoliveira.com.br\/blog\/2019\/11\/27\/congresso-derruba-veto-de-bolsonaro-e-escolas-publicas-terao-psicologos\/80c967d1-c869-4e58-a6a7-100f1c87a9c2\/\" data-orig-file=\"https:\/\/i0.wp.com\/blogdalucianaoliveira.com.br\/blog\/wp-content\/uploads\/2019\/11\/80C967D1-C869-4E58-A6A7-100F1C87A9C2.jpeg?fit=768%2C461\" data-orig-size=\"768,461\" data-comments-opened=\"0\" data-image-meta=\"{&quot;aperture&quot;:&quot;0&quot;,&quot;credit&quot;:&quot;&quot;,&quot;camera&quot;:&quot;&quot;,&quot;caption&quot;:&quot;&quot;,&quot;created_timestamp&quot;:&quot;0&quot;,&quot;copyright&quot;:&quot;&quot;,&quot;focal_length&quot;:&quot;0&quot;,&quot;iso&quot;:&quot;0&quot;,&quot;shutter_speed&quot;:&quot;0&quot;,&quot;title&quot;:&quot;&quot;,&quot;orientation&quot;:&quot;0&quot;}\" data-image-title=\"80C967D1-C869-4E58-A6A7-100F1C87A9C2\" data-image-description=\"\" data-image-caption=\"\" data-medium-file=\"https:\/\/i0.wp.com\/blogdalucianaoliveira.com.br\/blog\/wp-content\/uploads\/2019\/11\/80C967D1-C869-4E58-A6A7-100F1C87A9C2.jpeg?fit=300%2C180\" data-large-file=\"https:\/\/i0.wp.com\/blogdalucianaoliveira.com.br\/blog\/wp-content\/uploads\/2019\/11\/80C967D1-C869-4E58-A6A7-100F1C87A9C2.jpeg?fit=600%2C360\" src=\"https:\/\/i0.wp.com\/blogdalucianaoliveira.com.br\/blog\/wp-content\/uploads\/2019\/11\/80C967D1-C869-4E58-A6A7-100F1C87A9C2.jpeg?resize=600%2C360\" alt=\"\" class=\"wp-image-25216\" srcset=\"https:\/\/i0.wp.com\/blogdalucianaoliveira.com.br\/blog\/wp-content\/uploads\/2019\/11\/80C967D1-C869-4E58-A6A7-100F1C87A9C2.jpeg?w=768 768w, https:\/\/i0.wp.com\/blogdalucianaoliveira.com.br\/blog\/wp-content\/uploads\/2019\/11\/80C967D1-C869-4E58-A6A7-100F1C87A9C2.jpeg?resize=300%2C180 300w, https:\/\/i0.wp.com\/blogdalucianaoliveira.com.br\/blog\/wp-content\/uploads\/2019\/11\/80C967D1-C869-4E58-A6A7-100F1C87A9C2.jpeg?resize=500%2C300 500w\" sizes=\"auto, (max-width: 600px) 100vw, 600px\" \/><\/figure>\n\n\n\n<p>Os sistemas de ensino, sa\u00fade e de assist\u00eancia social ter\u00e3o um ano para se adequar ao atendimento ap\u00f3s a publica\u00e7\u00e3o da lei.<\/p>\n\n\n\n<!--more-->\n\n\n\n<p>Carta Capital <\/p>\n\n\n\n<p><br>O Congresso derrubou nesta quarta-feira 27 o veto do presidente Jair Bolsonaro \u00e0 lei que\u00a0obriga escolas p\u00fablicas a contar com profissionais de psicologia e de assist\u00eancia social. Com a decis\u00e3o, volta a valer o texto do ex-deputado Jos\u00e9 Carlos Elias (PTB) aprovado pelo plen\u00e1rio da C\u00e2mara em setembro.\u00a0A nova norma ser\u00e1 promulgada pela Presid\u00eancia da Rep\u00fablica.<\/p>\n\n\n\n<p>O texto determina que&nbsp;o Poder P\u00fablico assegure atendimento psicol\u00f3gico e de assist\u00eancia social aos alunos da rede p\u00fablica de educa\u00e7\u00e3o b\u00e1sica. O servi\u00e7o deve ser prestado por psic\u00f3logos vinculados ao SUS e por assistentes sociais vinculados aos servi\u00e7os p\u00fablicos de assist\u00eancia social. Ainda prev\u00ea que os sistemas de ensino, sa\u00fade e de assist\u00eancia social se adequem no per\u00edodo de um ano para ao atendimento, ap\u00f3s a publica\u00e7\u00e3o da lei.<\/p>\n\n\n\n<p>\u00c0 \u00e9poca, o governo alegou que o veto ia ao encontro do posicionamento dos minist\u00e9rios da Educa\u00e7\u00e3o&nbsp;e da&nbsp;Sa\u00fade que eram contra a obrigatoriedade do atendimento por criar despesas sem indicar fonte de receita e impactos or\u00e7ament\u00e1rios.<\/p>\n\n\n\n<p>O fim do veto foi comemorado por parlamentares e especialistas ligados \u00e0 promo\u00e7\u00e3o de direitos de crian\u00e7as e adolescentes. O deputado federal David Miranda (PSOL) afirmou que trata-se de uma vit\u00f3ria.<\/p>\n\n\n\n<p>O advogado e ex conselheiro do Conanda (Conselho Nacional dos Direitos da Crian\u00e7a e do Adolescente),&nbsp;Ariel de Castro Alves, tamb\u00e9m entende que a decis\u00e3o repara uma insensibilidade de Bolsonaro diante \u00e0 viol\u00eancia nas escolas.<\/p>\n\n\n\n<p>\u201cAo Vetar, Bolsonaro se mostrou insens\u00edvel com a viol\u00eancia nas escolas, mesmo ap\u00f3s o massacre ocorrido na escola Raul Brasil, em Suzano, que vitimou 8 pessoas, entre alunos e funcion\u00e1rios, em mar\u00e7o desse ano. Ele defende armas para todos, prega o \u00f3dio e a intoler\u00e2ncia e veta propostas de preven\u00e7\u00e3o a viol\u00eancia escolar, dom\u00e9stica e ao suic\u00eddio de crian\u00e7as e adolescentes. A derrubada do veto presidencial pelo Congresso Nacional foi uma grande conquista dos movimentos sociais, sindicatos, dos conselhos de psicologia e servi\u00e7o social e da sociedade brasileira\u201d, declarou.<\/p>\n","protected":false},"excerpt":{"rendered":"<p>Os sistemas de ensino, sa\u00fade e de assist\u00eancia social ter\u00e3o um ano para se adequar ao atendimento ap\u00f3s a publica\u00e7\u00e3o da lei.<\/p>\n","protected":false},"author":1,"featured_media":0,"comment_status":"closed","ping_status":"open","sticky":false,"template":"","format":"standard","meta":{"_exactmetrics_skip_tracking":false,"_exactmetrics_sitenote_active":false,"_exactmetrics_sitenote_note":"","_exactmetrics_sitenote_category":0,"jetpack_post_was_ever_published":false,"_jetpack_newsletter_access":"","_jetpack_dont_email_post_to_subs":false,"_jetpack_newsletter_tier_id":0,"_jetpack_memberships_contains_paywalled_content":false,"_jetpack_memberships_contains_paid_content":false,"footnotes":"","jetpack_publicize_message":"","jetpack_publicize_feature_enabled":true,"jetpack_social_post_already_shared":true,"jetpack_social_options":{"image_generator_settings":{"template":"highway","enabled":false},"version":2}},"categories":[1],"tags":[],"class_list":["post-25215","post","type-post","status-publish","format-standard","hentry","category-notas"],"jetpack_publicize_connections":[],"jetpack_sharing_enabled":true,"jetpack_featured_media_url":"","jetpack_shortlink":"https:\/\/wp.me\/p7wKYW-6yH","jetpack-related-posts":[],"_links":{"self":[{"href":"http:\/\/blogdalucianaoliveira.com.br\/blog\/wp-json\/wp\/v2\/posts\/25215","targetHints":{"allow":["GET"]}}],"collection":[{"href":"http:\/\/blogdalucianaoliveira.com.br\/blog\/wp-json\/wp\/v2\/posts"}],"about":[{"href":"http:\/\/blogdalucianaoliveira.com.br\/blog\/wp-json\/wp\/v2\/types\/post"}],"author":[{"embeddable":true,"href":"http:\/\/blogdalucianaoliveira.com.br\/blog\/wp-json\/wp\/v2\/users\/1"}],"replies":[{"embeddable":true,"href":"http:\/\/blogdalucianaoliveira.com.br\/blog\/wp-json\/wp\/v2\/comments?post=25215"}],"version-history":[{"count":2,"href":"http:\/\/blogdalucianaoliveira.com.br\/blog\/wp-json\/wp\/v2\/posts\/25215\/revisions"}],"predecessor-version":[{"id":25218,"href":"http:\/\/blogdalucianaoliveira.com.br\/blog\/wp-json\/wp\/v2\/posts\/25215\/revisions\/25218"}],"wp:attachment":[{"href":"http:\/\/blogdalucianaoliveira.com.br\/blog\/wp-json\/wp\/v2\/media?parent=25215"}],"wp:term":[{"taxonomy":"category","embeddable":true,"href":"http:\/\/blogdalucianaoliveira.com.br\/blog\/wp-json\/wp\/v2\/categories?post=25215"},{"taxonomy":"post_tag","embeddable":true,"href":"http:\/\/blogdalucianaoliveira.com.br\/blog\/wp-json\/wp\/v2\/tags?post=25215"}],"curies":[{"name":"wp","href":"https:\/\/api.w.org\/{rel}","templated":true}]}}