{"id":25229,"date":"2019-11-28T11:11:40","date_gmt":"2019-11-28T15:11:40","guid":{"rendered":"http:\/\/blogdalucianaoliveira.com.br\/blog\/?p=25229"},"modified":"2019-11-28T11:11:49","modified_gmt":"2019-11-28T15:11:49","slug":"e-surgiu-a-aberracao-mor-um-negro-defendendo-a-escravidao","status":"publish","type":"post","link":"http:\/\/blogdalucianaoliveira.com.br\/blog\/2019\/11\/28\/e-surgiu-a-aberracao-mor-um-negro-defendendo-a-escravidao\/","title":{"rendered":"E surgiu a aberra\u00e7\u00e3o-mor: um negro defendendo a escravid\u00e3o"},"content":{"rendered":"\n<figure class=\"wp-block-image\"><img data-recalc-dims=\"1\" decoding=\"async\" src=\"https:\/\/i0.wp.com\/publisher-publish.s3.eu-central-1.amazonaws.com\/pb-brasil247\/swp\/jtjeq9\/media\/20191128131136_0d3ef140-bacf-44c7-ace7-688d268a3eec.jpeg?w=600&#038;ssl=1\" alt=\"\"\/><\/figure>\n\n\n\n<p> S\u00e9rgio Camargo \u00e9 o novo presidente da Funda\u00e7\u00e3o Palmares, respons\u00e1vel por estudar, preservar e difundir a cultura afro-brasileira.\u00a0 <\/p>\n\n\n\n<!--more-->\n\n\n\n<p>No 247, por Eric Nepomuceno<\/p>\n\n\n\n<p>\u00c0 exce\u00e7\u00e3o de Cuba, nenhum outro pa\u00eds latino-americano tem tanta influ\u00eancia da cultura africana como o Brasil. Portanto, nada mais justo que a miss\u00e3o da Palmares mere\u00e7a especial aten\u00e7\u00e3o dos governos.<\/p>\n\n\n\n<p>Pois bem: o racista, mis\u00f3gino, aberrante governo de Bolsonaro resolveu dar carta aberta a um sacripanta que atende pelo pseud\u00f4nimo de Roberto Alvim nomear S\u00e9rgio Camargo para presidir a Palmares.<\/p>\n\n\n\n<p>E quem diabos \u00e9 o referido senhor que foi nomeado?<\/p>\n\n\n\n<p>Houve, \u00e9 verdade, um S\u00e9rgio Camargo escultor de alt\u00edssimo n\u00edvel, com lugar assegurado no altar dos maiores artistas brasileiros. Era branco, mas tinha uma vis\u00e3o certeira da influ\u00eancia das artes e da cultura africana em nossa forma\u00e7\u00e3o. Nos deixou em 1990, aos seus poucos 60 anos.&nbsp;<\/p>\n\n\n\n<p>Pois agora surge outro S\u00e9rgio Camargo, que se diz jornalista com uma passagem difusa pelo \u2018O Estado de S. Paulo\u2019, em \u00e9poca incerta e n\u00e3o sabida. \u00c9 ele quem acaba de nomeado presidente da Funda\u00e7\u00e3o Palmares.<br><\/p>\n\n\n\n<p>Controverso nome, o de S\u00e9rgio Camargo. Se um foi criador de beleza, o outro \u00e9 criador de aberra\u00e7\u00f5es.&nbsp;<\/p>\n\n\n\n<p>Ali\u00e1s, ele mesmo, o novo presidente da Palmares, \u00e9 uma tremenda aberra\u00e7\u00e3o, e surge com for\u00e7a suficiente para ser nomeado a mais abjeta das aberra\u00e7\u00f5es de um governo que \u00e9, por si, uma tremenda aberra\u00e7\u00e3o.&nbsp;<\/p>\n\n\n\n<p>Ter semelhante figura presidindo a Funda\u00e7\u00e3o Palmares \u00e9 uma ofensa e um claro sinal de que, depois do meio ambiente, o setor das artes e da cultura \u00e9 a maior v\u00edtima da imbecilidade que significa o governo tresloucado de um desequilibrado que nomeia uma outra aberra\u00e7\u00e3o para ocupar a Secretaria Nacional de Cultura, o senhor Roberto Rego Pinheiro que prefere ser chamado de Roberto Alvim.<\/p>\n\n\n\n<p>Pois este senhor, das alvuras de seu nome inventado, ao nomear a que talvez seja \u2013 \u00e9 preciso reconhecer que a disputa \u00e9 tremenda \u2013 a maior estupidez, a mais relevante e reveladora, aberra\u00e7\u00e3o de um governo demencial, ganha espa\u00e7o \u00fanico neste cen\u00e1rio asqueroso.&nbsp;<\/p>\n\n\n\n<p>Por tradi\u00e7\u00e3o, a Palmares \u00e9 presidida por um afrodescendente. Acontece que S\u00e9rgio Camargo (por favor, esse a\u00ed, n\u00e3o o escultor) \u00e9 um negro racista, e racista furioso, contra os seus semelhantes.<\/p>\n\n\n\n<p>Entre outras bestialidades, diz que no Brasil n\u00e3o existe racismo. Que \u2018a negrada daqui reclama porque \u00e9 imbecil e desinformada pela esquerda\u2019.&nbsp;<\/p>\n\n\n\n<p>\u2018Negrada\u2019? Um negro que se refere aos seus iguais usando um adjetivo cl\u00e1ssico dos mais abjetos racistas \u00e9 ou n\u00e3o \u00e9 a revela\u00e7\u00e3o de um racista?<\/p>\n\n\n\n<p>A lista de estupidezes \u00e9 longa, e inclui declara\u00e7\u00f5es contr\u00e1rias tanto aos movimentos de defesa das comunidades afrodescendentes como \u00e0 pr\u00f3pria exist\u00eancia das celebra\u00e7\u00f5es (vigorosamente ignoradas, diga-se de passagem, pelo racista Bolsonaro) do 20 de novembro, Dia da Consci\u00eancia Negra.&nbsp;<\/p>\n\n\n\n<p>Para semelhante imbecil, Zumbi dos Palmares n\u00e3o seria, hoje em dia, nada al\u00e9m de um terrorista a mais integrando as hostes do Movimento dos Trabalhadores Sem Terra, o sempre nefasto MST.<\/p>\n\n\n\n<p>Nada, por\u00e9m, supera ou nem ao menos se equivale \u00e0 asquerosa, irremediavelmente asquerosa, declara\u00e7\u00e3o de que a escravid\u00e3o implantada no Brasil foi boa para os escravos.<\/p>\n\n\n\n<p>Esse nojo ambulante chamado S\u00e9rgio Nascimento de Camargo disse, textualmente, que a escravid\u00e3o foi \u2018terr\u00edvel, mas ben\u00e9fica para os descendentes\u2019 porque, escravos no Brasil, os negros \u2013 seus ancestrais \u2013 viviam melhor do que se continuassem na \u00c1frica.<\/p>\n\n\n\n<p>Roberto Rego Pinheiro, o que se diz Alvim e escolhe um negro racista e fascista para comandar a funda\u00e7\u00e3o encarregada de promover a cultura afro-brasileira, tem carta branca de um racista e fascista chamado Jair Bolsonaro para nomear quem bem entender.<\/p>\n\n\n\n<p>Parab\u00e9ns Bolsonaro, parab\u00e9ns cl\u00e3 Bolsonaro, parab\u00e9ns milicianos achegados \u00e0 fam\u00edlia: pela primeira vez na hist\u00f3ria deste pa\u00eds destrambelhado, temos uma figura asquerosa dizendo coisas asquerosas contra seus pares.<\/p>\n\n\n\n<p>Mais do que asqueroso, este \u00e9 o governo que superou todos os anteriores, os da ditadura inclusive, no quesito aberra\u00e7\u00f5es.<\/p>\n\n\n\n<p>Que asco!<\/p>\n","protected":false},"excerpt":{"rendered":"<p>S\u00e9rgio Camargo \u00e9 o novo presidente da Funda\u00e7\u00e3o Palmares, respons\u00e1vel por estudar, preservar e difundir a cultura afro-brasileira.\u00a0<\/p>\n","protected":false},"author":1,"featured_media":0,"comment_status":"closed","ping_status":"open","sticky":false,"template":"","format":"standard","meta":{"_exactmetrics_skip_tracking":false,"_exactmetrics_sitenote_active":false,"_exactmetrics_sitenote_note":"","_exactmetrics_sitenote_category":0,"jetpack_post_was_ever_published":false,"_jetpack_newsletter_access":"","_jetpack_dont_email_post_to_subs":false,"_jetpack_newsletter_tier_id":0,"_jetpack_memberships_contains_paywalled_content":false,"_jetpack_memberships_contains_paid_content":false,"footnotes":"","jetpack_publicize_message":"","jetpack_publicize_feature_enabled":true,"jetpack_social_post_already_shared":true,"jetpack_social_options":{"image_generator_settings":{"template":"highway","enabled":false},"version":2}},"categories":[1],"tags":[],"class_list":["post-25229","post","type-post","status-publish","format-standard","hentry","category-notas"],"jetpack_publicize_connections":[],"jetpack_sharing_enabled":true,"jetpack_featured_media_url":"","jetpack_shortlink":"https:\/\/wp.me\/p7wKYW-6yV","jetpack-related-posts":[],"_links":{"self":[{"href":"http:\/\/blogdalucianaoliveira.com.br\/blog\/wp-json\/wp\/v2\/posts\/25229","targetHints":{"allow":["GET"]}}],"collection":[{"href":"http:\/\/blogdalucianaoliveira.com.br\/blog\/wp-json\/wp\/v2\/posts"}],"about":[{"href":"http:\/\/blogdalucianaoliveira.com.br\/blog\/wp-json\/wp\/v2\/types\/post"}],"author":[{"embeddable":true,"href":"http:\/\/blogdalucianaoliveira.com.br\/blog\/wp-json\/wp\/v2\/users\/1"}],"replies":[{"embeddable":true,"href":"http:\/\/blogdalucianaoliveira.com.br\/blog\/wp-json\/wp\/v2\/comments?post=25229"}],"version-history":[{"count":1,"href":"http:\/\/blogdalucianaoliveira.com.br\/blog\/wp-json\/wp\/v2\/posts\/25229\/revisions"}],"predecessor-version":[{"id":25230,"href":"http:\/\/blogdalucianaoliveira.com.br\/blog\/wp-json\/wp\/v2\/posts\/25229\/revisions\/25230"}],"wp:attachment":[{"href":"http:\/\/blogdalucianaoliveira.com.br\/blog\/wp-json\/wp\/v2\/media?parent=25229"}],"wp:term":[{"taxonomy":"category","embeddable":true,"href":"http:\/\/blogdalucianaoliveira.com.br\/blog\/wp-json\/wp\/v2\/categories?post=25229"},{"taxonomy":"post_tag","embeddable":true,"href":"http:\/\/blogdalucianaoliveira.com.br\/blog\/wp-json\/wp\/v2\/tags?post=25229"}],"curies":[{"name":"wp","href":"https:\/\/api.w.org\/{rel}","templated":true}]}}