{"id":2523,"date":"2016-07-20T10:39:46","date_gmt":"2016-07-20T14:39:46","guid":{"rendered":"http:\/\/blogdalucianaoliveira.com.br\/blog\/?p=2523"},"modified":"2016-07-20T10:39:46","modified_gmt":"2016-07-20T14:39:46","slug":"os-bocais-vao-pra-rua-cobrar-de-dilma-o-que-temer-se-negou-a-fazer-dar-urgencia-a-aprovacao-de-leis-mais-duras-contra-a-corrupcao","status":"publish","type":"post","link":"http:\/\/blogdalucianaoliveira.com.br\/blog\/2016\/07\/20\/os-bocais-vao-pra-rua-cobrar-de-dilma-o-que-temer-se-negou-a-fazer-dar-urgencia-a-aprovacao-de-leis-mais-duras-contra-a-corrupcao\/","title":{"rendered":"Os bo\u00e7ais v\u00e3o pra rua cobrar de Dilma o que Temer se negou a fazer: dar urg\u00eancia \u00e0 aprova\u00e7\u00e3o de leis mais duras contra a corrup\u00e7\u00e3o"},"content":{"rendered":"<figure id=\"attachment_2524\" aria-describedby=\"caption-attachment-2524\" style=\"width: 400px\" class=\"wp-caption alignnone\"><img data-recalc-dims=\"1\" loading=\"lazy\" decoding=\"async\" data-attachment-id=\"2524\" data-permalink=\"http:\/\/blogdalucianaoliveira.com.br\/blog\/2016\/07\/20\/os-bocais-vao-pra-rua-cobrar-de-dilma-o-que-temer-se-negou-a-fazer-dar-urgencia-a-aprovacao-de-leis-mais-duras-contra-a-corrupcao\/bocal\/\" data-orig-file=\"https:\/\/i0.wp.com\/blogdalucianaoliveira.com.br\/blog\/wp-content\/uploads\/2016\/07\/bo%C3%A7al.jpg?fit=400%2C266\" data-orig-size=\"400,266\" data-comments-opened=\"0\" data-image-meta=\"{&quot;aperture&quot;:&quot;0&quot;,&quot;credit&quot;:&quot;VILMAR BANNACH\\\/FUTURA PRESS&quot;,&quot;camera&quot;:&quot;&quot;,&quot;caption&quot;:&quot;Manifestantes fazem ato pela interven\\u00e7\\u00e3o militar no Masp, na Avenida Paulista, em S\\u00e3o Paulo (SP), neste s\\u00e1bado (06). Um outro grupo faz manifesta\\u00e7\\u00e3o pr\\u00f3-A\\u00e9cio Neves no mesmo local. Vilmar Bannach\\\/Futura Press&quot;,&quot;created_timestamp&quot;:&quot;1417824000&quot;,&quot;copyright&quot;:&quot;Vilmar Bannach\\\/Futura Press&quot;,&quot;focal_length&quot;:&quot;0&quot;,&quot;iso&quot;:&quot;0&quot;,&quot;shutter_speed&quot;:&quot;0&quot;,&quot;title&quot;:&quot;&quot;,&quot;orientation&quot;:&quot;1&quot;}\" data-image-title=\"bo\u00e7al\" data-image-description=\"\" data-image-caption=\"&lt;p&gt;Manifestantes fazem ato pela interven\u00e7\u00e3o militar no Masp, na Avenida Paulista, em S\u00e3o Paulo (SP), neste s\u00e1bado (06). Um outro grupo faz manifesta\u00e7\u00e3o pr\u00f3-A\u00e9cio Neves no mesmo local. Vilmar Bannach\/Futura Press&lt;\/p&gt;\n\" data-medium-file=\"https:\/\/i0.wp.com\/blogdalucianaoliveira.com.br\/blog\/wp-content\/uploads\/2016\/07\/bo%C3%A7al.jpg?fit=300%2C200\" data-large-file=\"https:\/\/i0.wp.com\/blogdalucianaoliveira.com.br\/blog\/wp-content\/uploads\/2016\/07\/bo%C3%A7al.jpg?fit=400%2C266\" src=\"https:\/\/i0.wp.com\/blogdalucianaoliveira.com.br\/blog\/wp-content\/uploads\/2016\/07\/bo%C3%A7al.jpg?resize=400%2C266\" alt=\"Manifestantes fazem ato pela interven\u00e7\u00e3o militar no Masp, na Avenida Paulista, em S\u00e3o Paulo (SP), neste s\u00e1bado (06). Um outro grupo faz manifesta\u00e7\u00e3o pr\u00f3-A\u00e9cio Neves no mesmo local. Vilmar Bannach\/Futura Press\" width=\"400\" height=\"266\" class=\"size-full wp-image-2524\" srcset=\"https:\/\/i0.wp.com\/blogdalucianaoliveira.com.br\/blog\/wp-content\/uploads\/2016\/07\/bo%C3%A7al.jpg?w=400 400w, https:\/\/i0.wp.com\/blogdalucianaoliveira.com.br\/blog\/wp-content\/uploads\/2016\/07\/bo%C3%A7al.jpg?resize=300%2C200 300w\" sizes=\"auto, (max-width: 400px) 100vw, 400px\" \/><figcaption id=\"caption-attachment-2524\" class=\"wp-caption-text\">Manifestantes fazem ato pela interven\u00e7\u00e3o militar no Masp, na Avenida Paulista, em S\u00e3o Paulo (SP), neste s\u00e1bado (06). Um outro grupo faz manifesta\u00e7\u00e3o pr\u00f3-A\u00e9cio Neves no mesmo local. Vilmar Bannach\/Futura Press<\/figcaption><\/figure>\n<p>Est\u00e1 na pauta da convoca\u00e7\u00e3o marcada para o dia 31 do Movimento Vem Pra Rua: \u201cQueremos as 10 medidas contra a corrup\u00e7\u00e3o APROVADAS.\u201d<\/p>\n<p>Dilma tamb\u00e9m quis e mandou ao Congresso antes de ser afastada, requerimentos de urg\u00eancia na aprova\u00e7\u00e3o do pacote, que contempla as 10 medidas de iniciativa do Minist\u00e9rio P\u00fablico Federal com apoio popular para combater a corrup\u00e7\u00e3o.  <!--more--><\/p>\n<p>Desde mar\u00e7o de 2015 que o pacote anticorrup\u00e7\u00e3o, de iniciativa da presidenta, est\u00e1 em tramita\u00e7\u00e3o na C\u00e2mara. <\/p>\n<p>Tanto o pacote de Dilma, quanto o do MPF est\u00e3o parados por falta de interesse do legislativo.<br \/>\nA m\u00e1 vontade \u00e9 tanta, que n\u00e3o bastasse a C\u00e2mara enrolar pra montar e iniciar os trabalhos da Comiss\u00e3o que analisar\u00e1 o pacote do MPF, Temer, simplesmente retirou a urg\u00eancia do pacote anticorrup\u00e7\u00e3o de Dilma.<\/p>\n<p>O pacote do MPF pede: a criminaliza\u00e7\u00e3o do enriquecimento il\u00edcito; aumento das penas e crime hediondo para corrup\u00e7\u00e3o de altos valores; celeridade nas a\u00e7\u00f5es de improbidade administrativa; reforma no sistema de prescri\u00e7\u00e3o penal; responsabiliza\u00e7\u00e3o dos partidos pol\u00edticos e criminaliza\u00e7\u00e3o do caixa 2.<\/p>\n<p>O pacote anticorrup\u00e7\u00e3o de Dilma pede: a criminaliza\u00e7\u00e3o da pr\u00e1tica de caixa 2; a aplica\u00e7\u00e3o da Lei da Ficha Limpa para todos os cargos de confian\u00e7a no esfera do governo federal; a aliena\u00e7\u00e3o antecipada dos bens apreendidos; a responsabiliza\u00e7\u00e3o criminal de agentes p\u00fablicos; o confisco de bens dos servidores p\u00fablicos e assinatura do decreto que regulamenta a Lei Anticorrup\u00e7\u00e3o e que responsabiliza pessoas jur\u00eddicas pela pr\u00e1tica de atos contra a administra\u00e7\u00e3o p\u00fablica.<\/p>\n<p>Curiosamente, os manifestantes que ir\u00e3o \u00e0s ruas depois de meses areando panelas, cobram de Dilma e n\u00e3o de Temer, a urg\u00eancia na aprova\u00e7\u00e3o dessas medidas. <\/p>\n<p><img data-recalc-dims=\"1\" loading=\"lazy\" decoding=\"async\" data-attachment-id=\"2526\" data-permalink=\"http:\/\/blogdalucianaoliveira.com.br\/blog\/2016\/07\/20\/os-bocais-vao-pra-rua-cobrar-de-dilma-o-que-temer-se-negou-a-fazer-dar-urgencia-a-aprovacao-de-leis-mais-duras-contra-a-corrupcao\/panelaco1700\/\" data-orig-file=\"https:\/\/i0.wp.com\/blogdalucianaoliveira.com.br\/blog\/wp-content\/uploads\/2016\/07\/panelaco1700.jpg?fit=620%2C465\" data-orig-size=\"620,465\" data-comments-opened=\"0\" data-image-meta=\"{&quot;aperture&quot;:&quot;0&quot;,&quot;credit&quot;:&quot;&quot;,&quot;camera&quot;:&quot;&quot;,&quot;caption&quot;:&quot;&quot;,&quot;created_timestamp&quot;:&quot;0&quot;,&quot;copyright&quot;:&quot;&quot;,&quot;focal_length&quot;:&quot;0&quot;,&quot;iso&quot;:&quot;0&quot;,&quot;shutter_speed&quot;:&quot;0&quot;,&quot;title&quot;:&quot;&quot;,&quot;orientation&quot;:&quot;0&quot;}\" data-image-title=\"panelaco1700\" data-image-description=\"\" data-image-caption=\"\" data-medium-file=\"https:\/\/i0.wp.com\/blogdalucianaoliveira.com.br\/blog\/wp-content\/uploads\/2016\/07\/panelaco1700.jpg?fit=300%2C225\" data-large-file=\"https:\/\/i0.wp.com\/blogdalucianaoliveira.com.br\/blog\/wp-content\/uploads\/2016\/07\/panelaco1700.jpg?fit=600%2C450\" src=\"https:\/\/i0.wp.com\/blogdalucianaoliveira.com.br\/blog\/wp-content\/uploads\/2016\/07\/panelaco1700.jpg?resize=600%2C450\" alt=\"panelaco1700\" width=\"600\" height=\"450\" class=\"alignnone size-full wp-image-2526\" srcset=\"https:\/\/i0.wp.com\/blogdalucianaoliveira.com.br\/blog\/wp-content\/uploads\/2016\/07\/panelaco1700.jpg?w=620 620w, https:\/\/i0.wp.com\/blogdalucianaoliveira.com.br\/blog\/wp-content\/uploads\/2016\/07\/panelaco1700.jpg?resize=300%2C225 300w, https:\/\/i0.wp.com\/blogdalucianaoliveira.com.br\/blog\/wp-content\/uploads\/2016\/07\/panelaco1700.jpg?resize=400%2C300 400w\" sizes=\"auto, (max-width: 600px) 100vw, 600px\" \/><\/p>\n<p>Est\u00e1 tamb\u00e9m na pauta do Movimento Pr\u00f3-golpe engrossar o coro para que Dilma seja afastada definitivamente, mesmo ap\u00f3s os peritos do Senado e o MPF conclu\u00edrem que ela n\u00e3o cometeu crime de responsabilidade com base nas pedaladas e nos decretos de cr\u00e9ditos suplementares. <\/p>\n<p>Os bo\u00e7ais v\u00e3o pra rua pela bandeira de sempre, n\u00e3o a do Brasil como insistem em propagar, mas a da direita que n\u00e3o gosta da democracia, que apoia golpes para impor um plano de governo classista e reacion\u00e1rio.<\/p>\n<p>Como fica feia nossa bandeira no couro desses manifestantes&#8230;<\/p>\n<figure id=\"attachment_2525\" aria-describedby=\"caption-attachment-2525\" style=\"width: 2000px\" class=\"wp-caption alignnone\"><img data-recalc-dims=\"1\" loading=\"lazy\" decoding=\"async\" data-attachment-id=\"2525\" data-permalink=\"http:\/\/blogdalucianaoliveira.com.br\/blog\/2016\/07\/20\/os-bocais-vao-pra-rua-cobrar-de-dilma-o-que-temer-se-negou-a-fazer-dar-urgencia-a-aprovacao-de-leis-mais-duras-contra-a-corrupcao\/manifestacao-em-brasilia\/\" data-orig-file=\"https:\/\/i0.wp.com\/blogdalucianaoliveira.com.br\/blog\/wp-content\/uploads\/2016\/07\/o-BOLSONARO-facebook.jpg?fit=2000%2C1000\" data-orig-size=\"2000,1000\" data-comments-opened=\"0\" data-image-meta=\"{&quot;aperture&quot;:&quot;0&quot;,&quot;credit&quot;:&quot;nome do fotografo\\\/Ag\\u00eancia Brasi&quot;,&quot;camera&quot;:&quot;&quot;,&quot;caption&quot;:&quot;Bras\\u00edlia - Manifestantes v\\u00e3o a Esplanada dos Minist\\u00e9rios contra a corrup\\u00e7\\u00e3o e pela sa\\u00edda da presidenta Dilma Rousseff (Wilson Dias\\\/Ag\\u00eancia Brasil)&quot;,&quot;created_timestamp&quot;:&quot;1457869753&quot;,&quot;copyright&quot;:&quot;Agencia Brasil-EBC&quot;,&quot;focal_length&quot;:&quot;0&quot;,&quot;iso&quot;:&quot;0&quot;,&quot;shutter_speed&quot;:&quot;0&quot;,&quot;title&quot;:&quot;Manifesta\\u00e7\\u00e3o em Bras\\u00edlia&quot;,&quot;orientation&quot;:&quot;0&quot;}\" data-image-title=\"Manifesta\u00e7\u00e3o em Bras\u00edlia\" data-image-description=\"\" data-image-caption=\"&lt;p&gt;Bras\u00edlia &amp;#8211; Manifestantes v\u00e3o a Esplanada dos Minist\u00e9rios contra a corrup\u00e7\u00e3o e pela sa\u00edda da presidenta Dilma Rousseff (Wilson Dias\/Ag\u00eancia Brasil)&lt;\/p&gt;\n\" data-medium-file=\"https:\/\/i0.wp.com\/blogdalucianaoliveira.com.br\/blog\/wp-content\/uploads\/2016\/07\/o-BOLSONARO-facebook.jpg?fit=300%2C150\" data-large-file=\"https:\/\/i0.wp.com\/blogdalucianaoliveira.com.br\/blog\/wp-content\/uploads\/2016\/07\/o-BOLSONARO-facebook.jpg?fit=600%2C300\" src=\"https:\/\/i0.wp.com\/blogdalucianaoliveira.com.br\/blog\/wp-content\/uploads\/2016\/07\/o-BOLSONARO-facebook.jpg?resize=600%2C300\" alt=\"Bras\u00edlia - Manifestantes v\u00e3o a Esplanada dos Minist\u00e9rios contra a corrup\u00e7\u00e3o e pela sa\u00edda da presidenta Dilma Rousseff (Wilson Dias\/Ag\u00eancia Brasil)\" width=\"600\" height=\"300\" class=\"size-full wp-image-2525\" \/><figcaption id=\"caption-attachment-2525\" class=\"wp-caption-text\">Bras\u00edlia &#8211; Manifestantes v\u00e3o a Esplanada dos Minist\u00e9rios contra a corrup\u00e7\u00e3o e pela sa\u00edda da presidenta Dilma Rousseff (Wilson Dias\/Ag\u00eancia Brasil)<\/figcaption><\/figure>\n","protected":false},"excerpt":{"rendered":"<p>Est\u00e1 na pauta da convoca\u00e7\u00e3o marcada para o dia 31 do Movimento Vem Pra Rua: \u201cQueremos as 10 medidas contra a corrup\u00e7\u00e3o APROVADAS.\u201d Dilma tamb\u00e9m quis e mandou ao Congresso antes de ser afastada, requerimentos de urg\u00eancia na aprova\u00e7\u00e3o do pacote, que contempla as 10 medidas de iniciativa do Minist\u00e9rio P\u00fablico Federal com apoio popular&#8230;<a class=\"more-link\" href=\"http:\/\/blogdalucianaoliveira.com.br\/blog\/2016\/07\/20\/os-bocais-vao-pra-rua-cobrar-de-dilma-o-que-temer-se-negou-a-fazer-dar-urgencia-a-aprovacao-de-leis-mais-duras-contra-a-corrupcao\/\">Continue a leitura <span class=\"meta-nav\">&raquo;<\/span><\/a><\/p>\n","protected":false},"author":1,"featured_media":0,"comment_status":"closed","ping_status":"open","sticky":false,"template":"","format":"standard","meta":{"_exactmetrics_skip_tracking":false,"_exactmetrics_sitenote_active":false,"_exactmetrics_sitenote_note":"","_exactmetrics_sitenote_category":0,"jetpack_post_was_ever_published":false,"_jetpack_newsletter_access":"","_jetpack_dont_email_post_to_subs":false,"_jetpack_newsletter_tier_id":0,"_jetpack_memberships_contains_paywalled_content":false,"_jetpack_memberships_contains_paid_content":false,"footnotes":"","jetpack_publicize_message":"","jetpack_publicize_feature_enabled":true,"jetpack_social_post_already_shared":true,"jetpack_social_options":{"image_generator_settings":{"template":"highway","enabled":false},"version":2}},"categories":[1],"tags":[61,39,170,26,45],"class_list":["post-2523","post","type-post","status-publish","format-standard","hentry","category-notas","tag-dilma","tag-golpe","tag-mvr","tag-protesto","tag-temer"],"jetpack_publicize_connections":[],"jetpack_sharing_enabled":true,"jetpack_featured_media_url":"","jetpack_shortlink":"https:\/\/wp.me\/p7wKYW-EH","jetpack-related-posts":[],"_links":{"self":[{"href":"http:\/\/blogdalucianaoliveira.com.br\/blog\/wp-json\/wp\/v2\/posts\/2523","targetHints":{"allow":["GET"]}}],"collection":[{"href":"http:\/\/blogdalucianaoliveira.com.br\/blog\/wp-json\/wp\/v2\/posts"}],"about":[{"href":"http:\/\/blogdalucianaoliveira.com.br\/blog\/wp-json\/wp\/v2\/types\/post"}],"author":[{"embeddable":true,"href":"http:\/\/blogdalucianaoliveira.com.br\/blog\/wp-json\/wp\/v2\/users\/1"}],"replies":[{"embeddable":true,"href":"http:\/\/blogdalucianaoliveira.com.br\/blog\/wp-json\/wp\/v2\/comments?post=2523"}],"version-history":[{"count":3,"href":"http:\/\/blogdalucianaoliveira.com.br\/blog\/wp-json\/wp\/v2\/posts\/2523\/revisions"}],"predecessor-version":[{"id":2529,"href":"http:\/\/blogdalucianaoliveira.com.br\/blog\/wp-json\/wp\/v2\/posts\/2523\/revisions\/2529"}],"wp:attachment":[{"href":"http:\/\/blogdalucianaoliveira.com.br\/blog\/wp-json\/wp\/v2\/media?parent=2523"}],"wp:term":[{"taxonomy":"category","embeddable":true,"href":"http:\/\/blogdalucianaoliveira.com.br\/blog\/wp-json\/wp\/v2\/categories?post=2523"},{"taxonomy":"post_tag","embeddable":true,"href":"http:\/\/blogdalucianaoliveira.com.br\/blog\/wp-json\/wp\/v2\/tags?post=2523"}],"curies":[{"name":"wp","href":"https:\/\/api.w.org\/{rel}","templated":true}]}}