{"id":25231,"date":"2019-11-28T17:28:56","date_gmt":"2019-11-28T21:28:56","guid":{"rendered":"http:\/\/blogdalucianaoliveira.com.br\/blog\/?p=25231"},"modified":"2019-11-28T17:29:05","modified_gmt":"2019-11-28T21:29:05","slug":"apos-decisao-judicial-brigadistas-de-alter-do-chao-saem-da-prisao","status":"publish","type":"post","link":"http:\/\/blogdalucianaoliveira.com.br\/blog\/2019\/11\/28\/apos-decisao-judicial-brigadistas-de-alter-do-chao-saem-da-prisao\/","title":{"rendered":"Ap\u00f3s decis\u00e3o judicial, brigadistas de Alter do Ch\u00e3o saem da pris\u00e3o"},"content":{"rendered":"\n<figure class=\"wp-block-image\"><img data-recalc-dims=\"1\" height=\"360\" width=\"600\" decoding=\"async\" src=\"https:\/\/i0.wp.com\/www.cartacapital.com.br\/wp-content\/uploads\/2019\/11\/Jo%25C3%25A3oRomano-1200x720.png?resize=600%2C360&#038;ssl=1\" alt=\"Jo\u00e3o Victor Romano, um dos brigadistas presos em Santar\u00e9m (PA) (Foto: Reprodu\u00e7\u00e3o)\"\/><\/figure>\n\n\n\n<p>Os quatro brigadistas tinham sido presos na ter\u00e7a-feira 26, e eram apontados como respons\u00e1veis pelos inc\u00eandios na regi\u00e3o de Alter do Ch\u00e3o.<\/p>\n\n\n\n<!--more-->\n\n\n\n<p>Na Carta Capital<\/p>\n\n\n\n<p class=\"has-text-align-left\">Os quatro brigadistas da organiza\u00e7\u00e3o Brigada de Alter do Ch\u00e3o, que tinham sido presos ap\u00f3s serem acusados de atearem fogo na floresta, tiveram pris\u00e3o preventiva revogada pela Justi\u00e7a do Par\u00e1. O alvar\u00e1 de soltura estava sendo cumprido no fim da tarde no Centro de Triagem Masculina de Santar\u00e9m.<\/p>\n\n\n\n<p>Daniel Gutierrez Govino, Jo\u00e3o Victor Pereira Romano, Gustavo de Almeida Fernandes e Marcelo Aron Cwerner foram presos nas respectivas resid\u00eancias na ter\u00e7a-feira 26.\u00a0Eles passaram pela audi\u00eancia de cust\u00f3dia na tarde da quarta-feira, mas tiveram a liberdade negada pelo juiz Alexandre Rizzi \u2013 que, hoje, viria a liber\u00e1-los.<br><\/p>\n\n\n\n<p>Rizzi\u00a0<a href=\"https:\/\/www.cartacapital.com.br\/wp-content\/uploads\/2019\/11\/documento-brigadistas.pdf\">argumenta<\/a>\u00a0que, por conta da apreens\u00e3o de diversos documentos, HD\u2019s e computadores dos quatro volunt\u00e1rios e de demais ONG\u2019s citadas no inqu\u00e9rito, o tempo de an\u00e1lise do material manteria os brigadistas na cadeia sem necessidade.<br><\/p>\n\n\n\n<p> Nesta quinta, o governador do Par\u00e1, Helder Barbalho, pediu para que se trocasse o respons\u00e1vel pelo inqu\u00e9rito que prendeu os brigadistas em Santar\u00e9m. <\/p>\n\n\n\n<p>O novo respons\u00e1vel pelo caso, agora, \u00e9 o delegado&nbsp;Waldir Freire, da Delegacia do Meio-Ambiente.&nbsp;\u201cNingu\u00e9m est\u00e1 acima da lei, mas ningu\u00e9m pode ser v\u00edtima de pr\u00e9-julgamento ou ter seu direito de defesa cerceado\u201d, diz Barbalho no v\u00eddeo.<\/p>\n\n\n\n<p>O Minist\u00e9rio P\u00fablico Federal tamb\u00e9m j\u00e1 havia&nbsp;<a href=\"https:\/\/www.cartacapital.com.br\/politica\/mpf-aponta-grileiros-e-nao-brigadistas-como-culpados-por-incendios\/\">emitido nota \u00e0 respeito<\/a>.&nbsp;O \u00f3rg\u00e3o afirma que j\u00e1 havia uma investiga\u00e7\u00e3o em curso desde setembro na Pol\u00edcia Federal, e que \u201cnenhum elemento apontava para a participa\u00e7\u00e3o de brigadistas ou organiza\u00e7\u00f5es da sociedade civil\u201d.<br><\/p>\n","protected":false},"excerpt":{"rendered":"<p>Os quatro brigadistas tinham sido presos na ter\u00e7a-feira 26, e eram apontados como respons\u00e1veis pelos inc\u00eandios na regi\u00e3o de Alter do Ch\u00e3o.<\/p>\n","protected":false},"author":1,"featured_media":0,"comment_status":"closed","ping_status":"open","sticky":false,"template":"","format":"standard","meta":{"_exactmetrics_skip_tracking":false,"_exactmetrics_sitenote_active":false,"_exactmetrics_sitenote_note":"","_exactmetrics_sitenote_category":0,"jetpack_post_was_ever_published":false,"_jetpack_newsletter_access":"","_jetpack_dont_email_post_to_subs":false,"_jetpack_newsletter_tier_id":0,"_jetpack_memberships_contains_paywalled_content":false,"_jetpack_memberships_contains_paid_content":false,"footnotes":"","jetpack_publicize_message":"","jetpack_publicize_feature_enabled":true,"jetpack_social_post_already_shared":true,"jetpack_social_options":{"image_generator_settings":{"template":"highway","enabled":false},"version":2}},"categories":[1],"tags":[],"class_list":["post-25231","post","type-post","status-publish","format-standard","hentry","category-notas"],"jetpack_publicize_connections":[],"jetpack_sharing_enabled":true,"jetpack_featured_media_url":"","jetpack_shortlink":"https:\/\/wp.me\/p7wKYW-6yX","jetpack-related-posts":[],"_links":{"self":[{"href":"http:\/\/blogdalucianaoliveira.com.br\/blog\/wp-json\/wp\/v2\/posts\/25231","targetHints":{"allow":["GET"]}}],"collection":[{"href":"http:\/\/blogdalucianaoliveira.com.br\/blog\/wp-json\/wp\/v2\/posts"}],"about":[{"href":"http:\/\/blogdalucianaoliveira.com.br\/blog\/wp-json\/wp\/v2\/types\/post"}],"author":[{"embeddable":true,"href":"http:\/\/blogdalucianaoliveira.com.br\/blog\/wp-json\/wp\/v2\/users\/1"}],"replies":[{"embeddable":true,"href":"http:\/\/blogdalucianaoliveira.com.br\/blog\/wp-json\/wp\/v2\/comments?post=25231"}],"version-history":[{"count":1,"href":"http:\/\/blogdalucianaoliveira.com.br\/blog\/wp-json\/wp\/v2\/posts\/25231\/revisions"}],"predecessor-version":[{"id":25232,"href":"http:\/\/blogdalucianaoliveira.com.br\/blog\/wp-json\/wp\/v2\/posts\/25231\/revisions\/25232"}],"wp:attachment":[{"href":"http:\/\/blogdalucianaoliveira.com.br\/blog\/wp-json\/wp\/v2\/media?parent=25231"}],"wp:term":[{"taxonomy":"category","embeddable":true,"href":"http:\/\/blogdalucianaoliveira.com.br\/blog\/wp-json\/wp\/v2\/categories?post=25231"},{"taxonomy":"post_tag","embeddable":true,"href":"http:\/\/blogdalucianaoliveira.com.br\/blog\/wp-json\/wp\/v2\/tags?post=25231"}],"curies":[{"name":"wp","href":"https:\/\/api.w.org\/{rel}","templated":true}]}}