{"id":25233,"date":"2019-11-28T17:35:00","date_gmt":"2019-11-28T21:35:00","guid":{"rendered":"http:\/\/blogdalucianaoliveira.com.br\/blog\/?p=25233"},"modified":"2019-11-28T17:35:09","modified_gmt":"2019-11-28T21:35:09","slug":"de-soja-a-briga-pelo-turismo-tensao-envolvendo-ongs-ja-dura-decadas-em-alter-do-chao","status":"publish","type":"post","link":"http:\/\/blogdalucianaoliveira.com.br\/blog\/2019\/11\/28\/de-soja-a-briga-pelo-turismo-tensao-envolvendo-ongs-ja-dura-decadas-em-alter-do-chao\/","title":{"rendered":"De soja a briga pelo turismo, tens\u00e3o envolvendo ONGs j\u00e1 dura d\u00e9cadas em Alter do Ch\u00e3o"},"content":{"rendered":"\n<figure class=\"wp-block-image\"><img data-recalc-dims=\"1\" decoding=\"async\" src=\"https:\/\/i0.wp.com\/ichef.bbci.co.uk\/news\/660\/cpsprodpb\/BF25\/production\/_109933984_gettyimages-1190040973.jpg?w=600&#038;ssl=1\" alt=\"Imagem a\u00e9rea mostra a Praia do Amor\"\/><\/figure>\n\n\n\n<p>Palco da pol\u00eamica em torno da pris\u00e3o de quatro ambientalistas acusados de incendiar uma \u00e1rea protegida na Amaz\u00f4nia, o povoado de Alter do Ch\u00e3o, em Santar\u00e9m (PA), vive nos \u00faltimos anos uma forte disputa em torno do modelo de turismo na regi\u00e3o.<\/p>\n\n\n\n<!--more-->\n\n\n\n<p> Jo\u00e3o Fellet &#8211; @joaofellet<\/p>\n\n\n\n<p>Da BBC News Brasil em S\u00e3o Paulo <\/p>\n\n\n\n<p>Na tarde desta quinta-feira (28\/11), a Justi\u00e7a determinou a soltura dos quatro ativistas, integrantes da Brigada de Alter do Ch\u00e3o, grupo que ajuda a combater inc\u00eandios florestais na regi\u00e3o.<\/p>\n\n\n\n<p>De um lado, fam\u00edlias poderosas e empres\u00e1rios locais defendem a constru\u00e7\u00e3o de grandes hot\u00e9is e resorts \u00e0 beira do rio Tapaj\u00f3s, conhecido pelas \u00e1guas cristalinas e pelas praias de areia branca.<\/p>\n\n\n\n<p>De outro, movimentos sociais e ONGs ambientalistas \u2014 como as vinculadas ao grupo que foi preso \u2014 advogam um&nbsp;<a href=\"https:\/\/www.bbc.co.uk\/portuguese\/topics\/ae43b7ed-1477-4bcc-8a84-d6d75919cbbc\">turismo<\/a>&nbsp;de menor impacto, que preserve as caracter\u00edsticas da regi\u00e3o e impe\u00e7a a expuls\u00e3o de comunidades tradicionais.<\/p>\n\n\n\n<p>Esse embate \u00e9 o pano de fundo da pris\u00e3o dos integrantes da Brigada, diz \u00e0 BBC News Brasil o cientista social Maur\u00edcio Torres, ex-morador de Alter do Ch\u00e3o e professor da Universidade Federal do Par\u00e1 (Ufpa), em Bel\u00e9m.<\/p>\n\n\n\n<p>Especialista em conflitos territoriais no Par\u00e1, Torres diz que a l\u00f3gica das disputas em Alter do Ch\u00e3o \u00e9 distinta da que se observa em muitas outras partes da&nbsp;<a href=\"https:\/\/www.bbc.co.uk\/portuguese\/topics\/0fe34065-ad3d-477e-b97d-1e6ddd669ac4\">Amaz\u00f4nia<\/a>.<\/p>\n\n\n\n<p>&#8220;S\u00e3o os conflitos de uma cidade que vem se expandindo. H\u00e1 nessa \u00e1rea comunidades que sofrem press\u00e3o para sair, mas quem est\u00e1 avan\u00e7ando n\u00e3o s\u00e3o madeireiras nem fazendas, \u00e9 a especula\u00e7\u00e3o imobili\u00e1ria, muito focada no turismo&#8221;, afirma.<\/p>\n\n\n\n<p>Em 2017, os dois grupos entraram em choque quando a Prefeitura de Santar\u00e9m discutiu altera\u00e7\u00f5es no Plano Diretor do munic\u00edpio. Entre as mudan\u00e7as aventadas estava possibilitar a constru\u00e7\u00e3o de pr\u00e9dios de at\u00e9 seis andares em Alter do Ch\u00e3o e de um porto no lago do Maic\u00e1.<\/p>\n\n\n\n<p>Houve uma forte rea\u00e7\u00e3o contr\u00e1ria capitaneada por movimentos sociais, universit\u00e1rios e ind\u00edgenas, e as propostas n\u00e3o avan\u00e7aram.<\/p>\n\n\n\n<p>A derrota acuou o grupo de empres\u00e1rios que defendia as mudan\u00e7as, diz \u00e0 BBC News Brasil o servidor de um \u00f3rg\u00e3o federal que acompanhou as discuss\u00f5es e pediu para n\u00e3o ser identificado por temer repres\u00e1lias. Segundo ele, esse grupo tem encarado a pris\u00e3o dos ambientalistas como uma esp\u00e9cie de &#8220;revanche&#8221;.<\/p>\n\n\n\n<h2 class=\"wp-block-heading\">Boom do turismo<\/h2>\n\n\n\n<p>Cerca de 6 mil pessoas vivem em Alter do Ch\u00e3o, povoado com arquitetura colonial a 38 km da zona urbana de Santar\u00e9m. Em 2009, o jornal brit\u00e2nico The Guardian elegeu as praias do balne\u00e1rio como as mais bonitas do Brasil.<\/p>\n\n\n\n<p>Segundo a Secretaria do Turismo de Santar\u00e9m, cerca de 190 mil turistas visitaram Alter do Ch\u00e3o em 2018.<\/p>\n\n\n\n<p>O&nbsp;<em>boom&nbsp;<\/em>do turismo na regi\u00e3o fez com que \u00e1reas ao redor do povoado se tornassem alvo de forte interesse imobili\u00e1rio. \u00c9 o caso das terras na \u00c1rea de Prote\u00e7\u00e3o Ambiental Alter do Ch\u00e3o, onde houve o inc\u00eandio em setembro.<\/p>\n\n\n\n<figure class=\"wp-block-image\"><img data-recalc-dims=\"1\" decoding=\"async\" src=\"https:\/\/i0.wp.com\/ichef.bbci.co.uk\/news\/624\/cpsprodpb\/18275\/production\/_109933989_hi056647260.jpg?w=600&#038;ssl=1\" alt=\"Imagem a\u00e9rea mostra boa parte de floresta queimada\"\/><figcaption>Image caption\u00c1rea de Prote\u00e7\u00e3o Ambiental Alter do Ch\u00e3o sofreu um inc\u00eandio em setembro<\/figcaption><\/figure>\n\n\n\n<p>Segundo a Pol\u00edcia Civil do Par\u00e1, que prendeu os brigadistas, o grupo \u00e9 suspeito de provocar o inc\u00eandio para justificar a transfer\u00eancia de recursos \u00e0 unidade.<\/p>\n\n\n\n<p>Nesta quinta-feira, o governador do Par\u00e1, Helder Barbalho (MDB), anunciou a troca do delegado respons\u00e1vel pelo caso em meio aos questionamentos sobre a legitimidade da opera\u00e7\u00e3o. Barbalho disse que o delegado Waldir Freire, diretor da unidade policial encarregada de crimes ambientais, assumir\u00e1 a chefia do inqu\u00e9rito.<\/p>\n\n\n\n<p>Um dos ambientalistas que foram presos \u00e9 gerente da ONG Projeto Sa\u00fade e Alegria, que atua em Santar\u00e9m h\u00e1 30 anos e foi alvo de uma opera\u00e7\u00e3o de busca e apreens\u00e3o.<\/p>\n\n\n\n<p>Os demais presos s\u00e3o membros da Brigada, um grupo de volunt\u00e1rios formado em 2018 para ajudar no combate a queimadas e que atua em parceria com o Corpo de Bombeiros. A defesa do grupo afirma que as pris\u00f5es foram uma &#8220;a\u00e7\u00e3o pol\u00edtica para tentar desmoralizar as ONGs que atuam na Amaz\u00f4nia&#8221;.<\/p>\n\n\n\n<p>Mais de cem entidades assinaram um manifesto em defesa do Projeto Sa\u00fade e Alegria, entre as quais a Comiss\u00e3o Justi\u00e7a e Paz da Arquidiocese de Bel\u00e9m e diversos sindicatos de trabalhadores rurais.<\/p>\n\n\n\n<p>Em nota divulgada na \u00faltima quarta-feira, ap\u00f3s a pris\u00e3o dos brigadistas, o Minist\u00e9rio P\u00fablico Federal (MPF) diz que investiga\u00e7\u00f5es conduzidas desde 2015 apontam para o &#8220;ass\u00e9dio de grileiros, ocupa\u00e7\u00e3o desordenada e para a especula\u00e7\u00e3o imobili\u00e1ria como causas da degrada\u00e7\u00e3o ambiental em Alter&#8221;.<\/p>\n\n\n\n<p>&#8220;Por se tratar de um dos balne\u00e1rios mais famosos do pa\u00eds, a regi\u00e3o \u00e9 objeto de cobi\u00e7a das ind\u00fastrias tur\u00edstica e imobili\u00e1ria e sofre press\u00e3o de invasores de terras p\u00fablicas&#8221;, diz o MPF.<\/p>\n\n\n\n<h2 class=\"wp-block-heading\">Soja e madeira<\/h2>\n\n\n\n<p>As tens\u00f5es que mobilizam ambientalistas em Santar\u00e9m se acirraram h\u00e1 cerca de 20 anos, quando a soja come\u00e7ou a ser plantada em larga escala na regi\u00e3o. Em 1999, a Cargill, multinacional que comercializa&nbsp;<em>commodities&nbsp;<\/em>agr\u00edcolas, ganhou uma licita\u00e7\u00e3o para construir um porto para escoamento da produ\u00e7\u00e3o de gr\u00e3os no munic\u00edpio.<\/p>\n\n\n\n<p>A regi\u00e3o \u00e9 vista como uma rota alternativa para a exporta\u00e7\u00e3o da produ\u00e7\u00e3o agropecu\u00e1ria do Norte e do Centro-Oeste, que antes dependia unicamente de longos deslocamentos por terra at\u00e9 os portos do Sul e do Sudeste.<\/p>\n\n\n\n<p>Data daquela \u00e9poca um dos principais conflitos a opor ambientalistas e membros da elite econ\u00f4mica do munic\u00edpio.<\/p>\n\n\n\n<p>Em 1997, ativistas estrangeiros do Greenpeace foram expulsos do pa\u00eds ap\u00f3s invadirem um navio carregado de madeira no porto de Santar\u00e9m em protesto contra o corte ilegal de \u00e1rvores.<\/p>\n\n\n\n<p>Na ocasi\u00e3o, a Pol\u00edcia Federal disse que o grupo havia interferido nas opera\u00e7\u00f5es do porto, o que \u00e9 proibido por lei.<\/p>\n\n\n\n<p>Um rep\u00f3rter do jornal Folha de S.Paulo acompanhou a opera\u00e7\u00e3o e entrevistou &#8220;dois propriet\u00e1rios de madeireiras&#8221; que acompanhavam o embarque de cargas no momento da interven\u00e7\u00e3o do Greenpeace.<\/p>\n\n\n\n<p>Uma das pessoas entrevistadas foi identificada como Alexandre Rizzi, mesmo nome do juiz que ordenou nesta semana a pris\u00e3o dos ambientalistas em Santar\u00e9m.<\/p>\n\n\n\n<p>&#8220;Toda essa madeira \u00e9 fiscalizada rigorosamente pela Receita Federal, essa manifesta\u00e7\u00e3o \u00e9 rid\u00edcula&#8221;, disse \u00e0 Folha Alexandre Rizzi, identificado como dono da madeireira Maderize.<\/p>\n\n\n\n<p>A empresa j\u00e1 deixou de operar, e n\u00e3o h\u00e1 qualquer registro sobre ela na internet.<\/p>\n\n\n\n<p>Na quarta-feira, a BBC News Brasil questionou o gabinete do juiz Alexandre Rizzi se ele tinha algum parentesco com o empres\u00e1rio citado na reportagem de 1997. O questionamento foi reiterado em diferentes liga\u00e7\u00f5es e emails enviados na quinta-feira.<\/p>\n\n\n\n<p>Um assessor do juiz diz que repassou o questionamento ao magistrado, mas que ele n\u00e3o quis responder.<\/p>\n","protected":false},"excerpt":{"rendered":"<p>Palco da pol\u00eamica em torno da pris\u00e3o de quatro ambientalistas acusados de incendiar uma \u00e1rea protegida na Amaz\u00f4nia, o povoado de Alter do Ch\u00e3o, em Santar\u00e9m (PA), vive nos \u00faltimos anos uma forte disputa em torno do modelo de turismo na regi\u00e3o.<\/p>\n","protected":false},"author":1,"featured_media":0,"comment_status":"closed","ping_status":"open","sticky":false,"template":"","format":"standard","meta":{"_exactmetrics_skip_tracking":false,"_exactmetrics_sitenote_active":false,"_exactmetrics_sitenote_note":"","_exactmetrics_sitenote_category":0,"jetpack_post_was_ever_published":false,"_jetpack_newsletter_access":"","_jetpack_dont_email_post_to_subs":false,"_jetpack_newsletter_tier_id":0,"_jetpack_memberships_contains_paywalled_content":false,"_jetpack_memberships_contains_paid_content":false,"footnotes":"","jetpack_publicize_message":"","jetpack_publicize_feature_enabled":true,"jetpack_social_post_already_shared":true,"jetpack_social_options":{"image_generator_settings":{"template":"highway","enabled":false},"version":2}},"categories":[1],"tags":[],"class_list":["post-25233","post","type-post","status-publish","format-standard","hentry","category-notas"],"jetpack_publicize_connections":[],"jetpack_sharing_enabled":true,"jetpack_featured_media_url":"","jetpack_shortlink":"https:\/\/wp.me\/p7wKYW-6yZ","jetpack-related-posts":[],"_links":{"self":[{"href":"http:\/\/blogdalucianaoliveira.com.br\/blog\/wp-json\/wp\/v2\/posts\/25233","targetHints":{"allow":["GET"]}}],"collection":[{"href":"http:\/\/blogdalucianaoliveira.com.br\/blog\/wp-json\/wp\/v2\/posts"}],"about":[{"href":"http:\/\/blogdalucianaoliveira.com.br\/blog\/wp-json\/wp\/v2\/types\/post"}],"author":[{"embeddable":true,"href":"http:\/\/blogdalucianaoliveira.com.br\/blog\/wp-json\/wp\/v2\/users\/1"}],"replies":[{"embeddable":true,"href":"http:\/\/blogdalucianaoliveira.com.br\/blog\/wp-json\/wp\/v2\/comments?post=25233"}],"version-history":[{"count":1,"href":"http:\/\/blogdalucianaoliveira.com.br\/blog\/wp-json\/wp\/v2\/posts\/25233\/revisions"}],"predecessor-version":[{"id":25234,"href":"http:\/\/blogdalucianaoliveira.com.br\/blog\/wp-json\/wp\/v2\/posts\/25233\/revisions\/25234"}],"wp:attachment":[{"href":"http:\/\/blogdalucianaoliveira.com.br\/blog\/wp-json\/wp\/v2\/media?parent=25233"}],"wp:term":[{"taxonomy":"category","embeddable":true,"href":"http:\/\/blogdalucianaoliveira.com.br\/blog\/wp-json\/wp\/v2\/categories?post=25233"},{"taxonomy":"post_tag","embeddable":true,"href":"http:\/\/blogdalucianaoliveira.com.br\/blog\/wp-json\/wp\/v2\/tags?post=25233"}],"curies":[{"name":"wp","href":"https:\/\/api.w.org\/{rel}","templated":true}]}}