{"id":25240,"date":"2019-11-29T14:37:07","date_gmt":"2019-11-29T18:37:07","guid":{"rendered":"http:\/\/blogdalucianaoliveira.com.br\/blog\/?p=25240"},"modified":"2019-11-29T14:38:07","modified_gmt":"2019-11-29T18:38:07","slug":"saiu-na-capa-do-uol-tenho-medo-da-covardia-como-vive-flavia-ameacada-de-morte-por-defender-a-amazonia-em-rondonia","status":"publish","type":"post","link":"http:\/\/blogdalucianaoliveira.com.br\/blog\/2019\/11\/29\/saiu-na-capa-do-uol-tenho-medo-da-covardia-como-vive-flavia-ameacada-de-morte-por-defender-a-amazonia-em-rondonia\/","title":{"rendered":"Saiu na capa do UOL \u2014 &#8216;Tenho medo da covardia&#8217;: como vive Fl\u00e1via, amea\u00e7ada de morte por defender a Amaz\u00f4nia em Rond\u00f4nia"},"content":{"rendered":"\n<p> <img data-recalc-dims=\"1\" loading=\"lazy\" decoding=\"async\" width=\"600\" height=\"400\" data-attachment-id=\"25241\" data-permalink=\"http:\/\/blogdalucianaoliveira.com.br\/blog\/2019\/11\/29\/saiu-na-capa-do-uol-tenho-medo-da-covardia-como-vive-flavia-ameacada-de-morte-por-defender-a-amazonia-em-rondonia\/attachment\/000999\/\" data-orig-file=\"https:\/\/i0.wp.com\/blogdalucianaoliveira.com.br\/blog\/wp-content\/uploads\/2019\/11\/000999.jpg?fit=960%2C640\" data-orig-size=\"960,640\" data-comments-opened=\"0\" data-image-meta=\"{&quot;aperture&quot;:&quot;0&quot;,&quot;credit&quot;:&quot;&quot;,&quot;camera&quot;:&quot;&quot;,&quot;caption&quot;:&quot;&quot;,&quot;created_timestamp&quot;:&quot;0&quot;,&quot;copyright&quot;:&quot;&quot;,&quot;focal_length&quot;:&quot;0&quot;,&quot;iso&quot;:&quot;0&quot;,&quot;shutter_speed&quot;:&quot;0&quot;,&quot;title&quot;:&quot;&quot;,&quot;orientation&quot;:&quot;1&quot;}\" data-image-title=\"000999\" data-image-description=\"\" data-image-caption=\"\" data-medium-file=\"https:\/\/i0.wp.com\/blogdalucianaoliveira.com.br\/blog\/wp-content\/uploads\/2019\/11\/000999.jpg?fit=300%2C200\" data-large-file=\"https:\/\/i0.wp.com\/blogdalucianaoliveira.com.br\/blog\/wp-content\/uploads\/2019\/11\/000999.jpg?fit=600%2C400\" class=\"wp-image-25241\" style=\"width: 960px;\" src=\"https:\/\/i0.wp.com\/blogdalucianaoliveira.com.br\/blog\/wp-content\/uploads\/2019\/11\/000999.jpg?resize=600%2C400\" alt=\"\" srcset=\"https:\/\/i0.wp.com\/blogdalucianaoliveira.com.br\/blog\/wp-content\/uploads\/2019\/11\/000999.jpg?w=960 960w, https:\/\/i0.wp.com\/blogdalucianaoliveira.com.br\/blog\/wp-content\/uploads\/2019\/11\/000999.jpg?resize=300%2C200 300w, https:\/\/i0.wp.com\/blogdalucianaoliveira.com.br\/blog\/wp-content\/uploads\/2019\/11\/000999.jpg?resize=768%2C512 768w, https:\/\/i0.wp.com\/blogdalucianaoliveira.com.br\/blog\/wp-content\/uploads\/2019\/11\/000999.jpg?resize=450%2C300 450w\" sizes=\"auto, (max-width: 600px) 100vw, 600px\" \/><\/p>\n\n\n\n<p>Confira a \u00edntegra da mat\u00e9ria<br><br><\/p>\n\n\n\n<p>Fl\u00e1via n\u00e3o mora mais na mesma casa em que criou seus filhos -e que foi invadida v\u00e1rias vezes- na floresta Amaz\u00f4nica, em Rond\u00f4nia. O que a fez sair recentemente de l\u00e1 foram as amea\u00e7as. Hoje, ela n\u00e3o vai ao local com sua motocicleta, tamb\u00e9m n\u00e3o anda mais desacompanhada. Essa \u00e9 a rotina da auxiliar de servi\u00e7os em sa\u00fade Ana Fl\u00e1via Nascimento, 46. Militante do MAB (Movimento dos Atingidos por Barragens) desde 2013 em Rond\u00f4nia, ela \u00e9 uma lideran\u00e7a comunit\u00e1ria no distrito de Jaci-Paran\u00e1, em Porto Velho. O local, que tem cerca de 15 mil habitantes, teve a rotina afetada com a constru\u00e7\u00e3o das usinas hidrel\u00e9tricas de Jirau e Santo Ant\u00f4nio, no rio Madeira.&nbsp;<\/p>\n\n\n\n<p><strong>CONFIRA A \u00cdNTEGRA DA MAT\u00c9RIA <a href=\"https:\/\/www.uol.com.br\/universa\/noticias\/redacao\/2019\/11\/29\/tenho-medo-da-covardia-como-vive-a-flavia-ameacada-de-morte-na-amazonia.htm\" target=\"_blank\" rel=\"noreferrer noopener\">CLICANDO AQUI<\/a><\/strong><br>\n<br>\nA luta pelos direitos e contra o avan\u00e7o de desmatadores fez com que, em outubro, ela entrasse no Programa Federal de Prote\u00e7\u00e3o de Defensores de Direitos Humanos, ligado ao Minist\u00e9rio da Mulher, da Fam\u00edlia e dos Direitos Humanos. Mas isso n\u00e3o tem feito com que ela se sinta segura. &#8220;N\u00e3o ando dentro da comunidade \u00e0 noite, s\u00f3 em caso de algum evento e acompanhada com v\u00e1rias pessoas de minha confian\u00e7a&#8221;, conta Fl\u00e1via a <strong>Universa<\/strong>.<\/p>\n\n\n\n<p>&#8220;Minha vida hoje aqui n\u00e3o est\u00e1 f\u00e1cil. Em 2013 comecei, junto com outros moradores, a lutar pelos nossos direitos, de uma comunidade atingida pelas gigantescas usinas Jirau e Santo Ant\u00f4nio. A cada ano enfrentamos novas situa\u00e7\u00f5es delicadas&#8221;, diz.&nbsp;&nbsp;<\/p>\n\n\n\n<p><br><\/p>\n","protected":false},"excerpt":{"rendered":"<p>Confira a \u00edntegra da mat\u00e9ria Fl\u00e1via n\u00e3o mora mais na mesma casa em que criou seus filhos -e que foi invadida v\u00e1rias vezes- na floresta Amaz\u00f4nica, em Rond\u00f4nia. O que a fez sair recentemente de l\u00e1 foram as amea\u00e7as. Hoje, ela n\u00e3o vai ao local com sua motocicleta, tamb\u00e9m n\u00e3o anda mais desacompanhada. Essa \u00e9&#8230;<a class=\"more-link\" href=\"http:\/\/blogdalucianaoliveira.com.br\/blog\/2019\/11\/29\/saiu-na-capa-do-uol-tenho-medo-da-covardia-como-vive-flavia-ameacada-de-morte-por-defender-a-amazonia-em-rondonia\/\">Continue a leitura <span class=\"meta-nav\">&raquo;<\/span><\/a><\/p>\n","protected":false},"author":1,"featured_media":0,"comment_status":"closed","ping_status":"open","sticky":false,"template":"","format":"standard","meta":{"_exactmetrics_skip_tracking":false,"_exactmetrics_sitenote_active":false,"_exactmetrics_sitenote_note":"","_exactmetrics_sitenote_category":0,"jetpack_post_was_ever_published":false,"_jetpack_newsletter_access":"","_jetpack_dont_email_post_to_subs":false,"_jetpack_newsletter_tier_id":0,"_jetpack_memberships_contains_paywalled_content":false,"_jetpack_memberships_contains_paid_content":false,"footnotes":"","jetpack_publicize_message":"","jetpack_publicize_feature_enabled":true,"jetpack_social_post_already_shared":true,"jetpack_social_options":{"image_generator_settings":{"template":"highway","enabled":false},"version":2}},"categories":[1],"tags":[],"class_list":["post-25240","post","type-post","status-publish","format-standard","hentry","category-notas"],"jetpack_publicize_connections":[],"jetpack_sharing_enabled":true,"jetpack_featured_media_url":"","jetpack_shortlink":"https:\/\/wp.me\/p7wKYW-6z6","jetpack-related-posts":[],"_links":{"self":[{"href":"http:\/\/blogdalucianaoliveira.com.br\/blog\/wp-json\/wp\/v2\/posts\/25240","targetHints":{"allow":["GET"]}}],"collection":[{"href":"http:\/\/blogdalucianaoliveira.com.br\/blog\/wp-json\/wp\/v2\/posts"}],"about":[{"href":"http:\/\/blogdalucianaoliveira.com.br\/blog\/wp-json\/wp\/v2\/types\/post"}],"author":[{"embeddable":true,"href":"http:\/\/blogdalucianaoliveira.com.br\/blog\/wp-json\/wp\/v2\/users\/1"}],"replies":[{"embeddable":true,"href":"http:\/\/blogdalucianaoliveira.com.br\/blog\/wp-json\/wp\/v2\/comments?post=25240"}],"version-history":[{"count":2,"href":"http:\/\/blogdalucianaoliveira.com.br\/blog\/wp-json\/wp\/v2\/posts\/25240\/revisions"}],"predecessor-version":[{"id":25243,"href":"http:\/\/blogdalucianaoliveira.com.br\/blog\/wp-json\/wp\/v2\/posts\/25240\/revisions\/25243"}],"wp:attachment":[{"href":"http:\/\/blogdalucianaoliveira.com.br\/blog\/wp-json\/wp\/v2\/media?parent=25240"}],"wp:term":[{"taxonomy":"category","embeddable":true,"href":"http:\/\/blogdalucianaoliveira.com.br\/blog\/wp-json\/wp\/v2\/categories?post=25240"},{"taxonomy":"post_tag","embeddable":true,"href":"http:\/\/blogdalucianaoliveira.com.br\/blog\/wp-json\/wp\/v2\/tags?post=25240"}],"curies":[{"name":"wp","href":"https:\/\/api.w.org\/{rel}","templated":true}]}}