{"id":25244,"date":"2019-11-30T06:30:30","date_gmt":"2019-11-30T10:30:30","guid":{"rendered":"http:\/\/blogdalucianaoliveira.com.br\/blog\/?p=25244"},"modified":"2019-11-30T06:30:41","modified_gmt":"2019-11-30T10:30:41","slug":"fantasia-de-imperador","status":"publish","type":"post","link":"http:\/\/blogdalucianaoliveira.com.br\/blog\/2019\/11\/30\/fantasia-de-imperador\/","title":{"rendered":"Fantasia de imperador"},"content":{"rendered":"\n<figure class=\"wp-block-image size-large\"><img data-recalc-dims=\"1\" loading=\"lazy\" decoding=\"async\" width=\"600\" height=\"400\" data-attachment-id=\"25245\" data-permalink=\"http:\/\/blogdalucianaoliveira.com.br\/blog\/2019\/11\/30\/fantasia-de-imperador\/e254f71a-215b-4cb1-a5a2-666b84a50d44\/\" data-orig-file=\"https:\/\/i0.wp.com\/blogdalucianaoliveira.com.br\/blog\/wp-content\/uploads\/2019\/11\/E254F71A-215B-4CB1-A5A2-666B84A50D44.jpeg?fit=768%2C512\" data-orig-size=\"768,512\" data-comments-opened=\"0\" data-image-meta=\"{&quot;aperture&quot;:&quot;0&quot;,&quot;credit&quot;:&quot;&quot;,&quot;camera&quot;:&quot;&quot;,&quot;caption&quot;:&quot;&quot;,&quot;created_timestamp&quot;:&quot;0&quot;,&quot;copyright&quot;:&quot;&quot;,&quot;focal_length&quot;:&quot;0&quot;,&quot;iso&quot;:&quot;0&quot;,&quot;shutter_speed&quot;:&quot;0&quot;,&quot;title&quot;:&quot;&quot;,&quot;orientation&quot;:&quot;0&quot;}\" data-image-title=\"E254F71A-215B-4CB1-A5A2-666B84A50D44\" data-image-description=\"\" data-image-caption=\"\" data-medium-file=\"https:\/\/i0.wp.com\/blogdalucianaoliveira.com.br\/blog\/wp-content\/uploads\/2019\/11\/E254F71A-215B-4CB1-A5A2-666B84A50D44.jpeg?fit=300%2C200\" data-large-file=\"https:\/\/i0.wp.com\/blogdalucianaoliveira.com.br\/blog\/wp-content\/uploads\/2019\/11\/E254F71A-215B-4CB1-A5A2-666B84A50D44.jpeg?fit=600%2C400\" src=\"https:\/\/i0.wp.com\/blogdalucianaoliveira.com.br\/blog\/wp-content\/uploads\/2019\/11\/E254F71A-215B-4CB1-A5A2-666B84A50D44.jpeg?resize=600%2C400\" alt=\"\" class=\"wp-image-25245\" srcset=\"https:\/\/i0.wp.com\/blogdalucianaoliveira.com.br\/blog\/wp-content\/uploads\/2019\/11\/E254F71A-215B-4CB1-A5A2-666B84A50D44.jpeg?w=768 768w, https:\/\/i0.wp.com\/blogdalucianaoliveira.com.br\/blog\/wp-content\/uploads\/2019\/11\/E254F71A-215B-4CB1-A5A2-666B84A50D44.jpeg?resize=300%2C200 300w, https:\/\/i0.wp.com\/blogdalucianaoliveira.com.br\/blog\/wp-content\/uploads\/2019\/11\/E254F71A-215B-4CB1-A5A2-666B84A50D44.jpeg?resize=450%2C300 450w\" sizes=\"auto, (max-width: 600px) 100vw, 600px\" \/><\/figure>\n\n\n\n<p>Bolsonaro \u00e9 incapaz de compreender a impessoalidade da administra\u00e7\u00e3o republicana<\/p>\n\n\n\n<!--more-->\n\n\n\n<p>\u00a0Na Filha de S\u00e3o Paulo <\/p>\n\n\n\n<p><br> Jair Bolsonaro n\u00e3o entende nem nunca entender\u00e1 os limites que a Rep\u00fablica imp\u00f5e ao exerc\u00edcio da Presid\u00eancia. Trata-se de uma personalidade que combina leviandade e autoritarismo.<\/p>\n\n\n\n<p>Ser\u00e1 preciso ent\u00e3o que as regras do Estado democr\u00e1tico de Direito lhe sejam impingidas de fora para dentro, como os limites que se d\u00e3o a uma crian\u00e7a. Porque ele n\u00e3o se cont\u00e9m, ter\u00e1 de ser contido \u2014pelas institui\u00e7\u00f5es da Rep\u00fablica, pelo sistema de freios e contrapesos que, at\u00e9 agora, tem&nbsp;funcionado na jovem democracia brasileira.<br>\nO Pal\u00e1cio do Planalto n\u00e3o \u00e9 uma extens\u00e3o da casa na Barra da Tijuca que o presidente mant\u00e9m no Rio de Janeiro. Nem os seus vizinhos na pra\u00e7a dos Tr\u00eas Poderes s\u00e3o os daquele condom\u00ednio.<br>\nQuando a Constitui\u00e7\u00e3o afirma que a legalidade, a impessoalidade e a moralidade governam a administra\u00e7\u00e3o p\u00fablica, n\u00e3o se trata de palavras lan\u00e7adas ao vento numa \u201clive\u201d de rede social.<\/p>\n\n\n\n<p>A Carta equivale a uma ordem do general \u00e0 sua tropa. Quem n\u00e3o cumpre deve ser punido.&nbsp;Descumpri-la \u00e9, por exemplo, afastar o fiscal que lhe aplicou uma multa.&nbsp;Retaliar a imprensa cr\u00edtica&nbsp;por meio de medidas provis\u00f3rias.<\/p>\n\n\n\n<p>Ou consignar em ato de of\u00edcio da Presid\u00eancia a discrimina\u00e7\u00e3o a um meio de comunica\u00e7\u00e3o, como&nbsp;na licita\u00e7\u00e3o que tirou a&nbsp;Folha&nbsp;das compras de servi\u00e7os do governo federal&nbsp;publicada na \u00faltima quinta (28).<br>\n\u200b<br>\nIgualmente,&nbsp;incitar um boicote contra anunciantes deste jornal, como sugeriu Bolsonaro nesta sexta-feira (29), escancara abuso de poder pol\u00edtico.<\/p>\n\n\n\n<p>A quest\u00e3o n\u00e3o \u00e9 pecuni\u00e1ria, mas de princ\u00edpios. O governo planeja cancelar dezenas de&nbsp;assinaturas&nbsp;de uma publica\u00e7\u00e3o com 327.959 delas, segundo os \u00faltimos dados auditados. Anunciam na&nbsp;Folha&nbsp;cerca de 5.000 empresas, e o jornal ter\u00e1 terminado o ano de 2019 com quase todos os setores da economia representados em suas plataformas.<\/p>\n\n\n\n<p>Prestes a completar cem anos, este jornal tem de lidar, mais uma vez, com um presidente fantasiado de imperador. Encara a tarefa com um misto de lamento e otimismo.<\/p>\n\n\n\n<p>Lamento pelo amesquinhamento dos valores da Rep\u00fablica que esse ocupante circunstancial da Presid\u00eancia patrocina. Otimismo pela convic\u00e7\u00e3o de que o futuro do Brasil \u00e9 maior do que a figura que neste momento o governa.<\/p>\n","protected":false},"excerpt":{"rendered":"<p>Bolsonaro \u00e9 incapaz de compreender a impessoalidade da administra\u00e7\u00e3o republicana<\/p>\n","protected":false},"author":1,"featured_media":0,"comment_status":"closed","ping_status":"open","sticky":false,"template":"","format":"standard","meta":{"_exactmetrics_skip_tracking":false,"_exactmetrics_sitenote_active":false,"_exactmetrics_sitenote_note":"","_exactmetrics_sitenote_category":0,"jetpack_post_was_ever_published":false,"_jetpack_newsletter_access":"","_jetpack_dont_email_post_to_subs":false,"_jetpack_newsletter_tier_id":0,"_jetpack_memberships_contains_paywalled_content":false,"_jetpack_memberships_contains_paid_content":false,"footnotes":"","jetpack_publicize_message":"","jetpack_publicize_feature_enabled":true,"jetpack_social_post_already_shared":true,"jetpack_social_options":{"image_generator_settings":{"template":"highway","enabled":false},"version":2}},"categories":[1],"tags":[],"class_list":["post-25244","post","type-post","status-publish","format-standard","hentry","category-notas"],"jetpack_publicize_connections":[],"jetpack_sharing_enabled":true,"jetpack_featured_media_url":"","jetpack_shortlink":"https:\/\/wp.me\/p7wKYW-6za","jetpack-related-posts":[],"_links":{"self":[{"href":"http:\/\/blogdalucianaoliveira.com.br\/blog\/wp-json\/wp\/v2\/posts\/25244","targetHints":{"allow":["GET"]}}],"collection":[{"href":"http:\/\/blogdalucianaoliveira.com.br\/blog\/wp-json\/wp\/v2\/posts"}],"about":[{"href":"http:\/\/blogdalucianaoliveira.com.br\/blog\/wp-json\/wp\/v2\/types\/post"}],"author":[{"embeddable":true,"href":"http:\/\/blogdalucianaoliveira.com.br\/blog\/wp-json\/wp\/v2\/users\/1"}],"replies":[{"embeddable":true,"href":"http:\/\/blogdalucianaoliveira.com.br\/blog\/wp-json\/wp\/v2\/comments?post=25244"}],"version-history":[{"count":1,"href":"http:\/\/blogdalucianaoliveira.com.br\/blog\/wp-json\/wp\/v2\/posts\/25244\/revisions"}],"predecessor-version":[{"id":25246,"href":"http:\/\/blogdalucianaoliveira.com.br\/blog\/wp-json\/wp\/v2\/posts\/25244\/revisions\/25246"}],"wp:attachment":[{"href":"http:\/\/blogdalucianaoliveira.com.br\/blog\/wp-json\/wp\/v2\/media?parent=25244"}],"wp:term":[{"taxonomy":"category","embeddable":true,"href":"http:\/\/blogdalucianaoliveira.com.br\/blog\/wp-json\/wp\/v2\/categories?post=25244"},{"taxonomy":"post_tag","embeddable":true,"href":"http:\/\/blogdalucianaoliveira.com.br\/blog\/wp-json\/wp\/v2\/tags?post=25244"}],"curies":[{"name":"wp","href":"https:\/\/api.w.org\/{rel}","templated":true}]}}