{"id":25250,"date":"2019-11-30T17:11:58","date_gmt":"2019-11-30T21:11:58","guid":{"rendered":"http:\/\/blogdalucianaoliveira.com.br\/blog\/?p=25250"},"modified":"2019-11-30T17:12:09","modified_gmt":"2019-11-30T21:12:09","slug":"dicaprio-a-bolsonaro","status":"publish","type":"post","link":"http:\/\/blogdalucianaoliveira.com.br\/blog\/2019\/11\/30\/dicaprio-a-bolsonaro\/","title":{"rendered":"DiCaprio a Bolsonaro"},"content":{"rendered":"\n<figure class=\"wp-block-image size-large\"><img data-recalc-dims=\"1\" loading=\"lazy\" decoding=\"async\" width=\"600\" height=\"375\" data-attachment-id=\"25251\" data-permalink=\"http:\/\/blogdalucianaoliveira.com.br\/blog\/2019\/11\/30\/dicaprio-a-bolsonaro\/063919fa-a772-463a-9234-07f72b66d6b2\/\" data-orig-file=\"https:\/\/i0.wp.com\/blogdalucianaoliveira.com.br\/blog\/wp-content\/uploads\/2019\/11\/063919FA-A772-463A-9234-07F72B66D6B2.jpeg?fit=700%2C438\" data-orig-size=\"700,438\" data-comments-opened=\"0\" data-image-meta=\"{&quot;aperture&quot;:&quot;0&quot;,&quot;credit&quot;:&quot;&quot;,&quot;camera&quot;:&quot;&quot;,&quot;caption&quot;:&quot;&quot;,&quot;created_timestamp&quot;:&quot;0&quot;,&quot;copyright&quot;:&quot;&quot;,&quot;focal_length&quot;:&quot;0&quot;,&quot;iso&quot;:&quot;0&quot;,&quot;shutter_speed&quot;:&quot;0&quot;,&quot;title&quot;:&quot;&quot;,&quot;orientation&quot;:&quot;0&quot;}\" data-image-title=\"063919FA-A772-463A-9234-07F72B66D6B2\" data-image-description=\"\" data-image-caption=\"\" data-medium-file=\"https:\/\/i0.wp.com\/blogdalucianaoliveira.com.br\/blog\/wp-content\/uploads\/2019\/11\/063919FA-A772-463A-9234-07F72B66D6B2.jpeg?fit=300%2C188\" data-large-file=\"https:\/\/i0.wp.com\/blogdalucianaoliveira.com.br\/blog\/wp-content\/uploads\/2019\/11\/063919FA-A772-463A-9234-07F72B66D6B2.jpeg?fit=600%2C375\" src=\"https:\/\/i0.wp.com\/blogdalucianaoliveira.com.br\/blog\/wp-content\/uploads\/2019\/11\/063919FA-A772-463A-9234-07F72B66D6B2.jpeg?resize=600%2C375\" alt=\"\" class=\"wp-image-25251\" srcset=\"https:\/\/i0.wp.com\/blogdalucianaoliveira.com.br\/blog\/wp-content\/uploads\/2019\/11\/063919FA-A772-463A-9234-07F72B66D6B2.jpeg?w=700 700w, https:\/\/i0.wp.com\/blogdalucianaoliveira.com.br\/blog\/wp-content\/uploads\/2019\/11\/063919FA-A772-463A-9234-07F72B66D6B2.jpeg?resize=300%2C188 300w, https:\/\/i0.wp.com\/blogdalucianaoliveira.com.br\/blog\/wp-content\/uploads\/2019\/11\/063919FA-A772-463A-9234-07F72B66D6B2.jpeg?resize=479%2C300 479w\" sizes=\"auto, (max-width: 600px) 100vw, 600px\" \/><\/figure>\n\n\n\n<p><em>&#8220;Neste momento de crise para a Amaz\u00f4nia, apoio o povo do Brasil que trabalha para salvar seu patrim\u00f4nio natural e cultural. Eles s\u00e3o um exemplo incr\u00edvel, comovente e humilde do compromisso e paix\u00e3o necess\u00e1rios para salvar o meio ambiente. O futuro desses ecossistemas insubstitu\u00edveis est\u00e1 em jogo e tenho orgulho de apoiar os grupos que os protegem. Embora dignas de apoio, n\u00e3o financiamos as organiza\u00e7\u00f5es citadas. Continuo comprometido em apoiar as comunidades ind\u00edgenas brasileiras, governos locais, cientistas, educadores e as pessoas que est\u00e3o trabalhando incansavelmente para garantir a Amaz\u00f4nia para o futuro de todos os brasileiros&#8221;.<\/em><\/p>\n","protected":false},"excerpt":{"rendered":"<p>&#8220;Neste momento de crise para a Amaz\u00f4nia, apoio o povo do Brasil que trabalha para salvar seu patrim\u00f4nio natural e cultural. Eles s\u00e3o um exemplo incr\u00edvel, comovente e humilde do compromisso e paix\u00e3o necess\u00e1rios para salvar o meio ambiente. O futuro desses ecossistemas insubstitu\u00edveis est\u00e1 em jogo e tenho orgulho de apoiar os grupos que&#8230;<a class=\"more-link\" href=\"http:\/\/blogdalucianaoliveira.com.br\/blog\/2019\/11\/30\/dicaprio-a-bolsonaro\/\">Continue a leitura <span class=\"meta-nav\">&raquo;<\/span><\/a><\/p>\n","protected":false},"author":1,"featured_media":0,"comment_status":"closed","ping_status":"open","sticky":false,"template":"","format":"standard","meta":{"_exactmetrics_skip_tracking":false,"_exactmetrics_sitenote_active":false,"_exactmetrics_sitenote_note":"","_exactmetrics_sitenote_category":0,"jetpack_post_was_ever_published":false,"_jetpack_newsletter_access":"","_jetpack_dont_email_post_to_subs":false,"_jetpack_newsletter_tier_id":0,"_jetpack_memberships_contains_paywalled_content":false,"_jetpack_memberships_contains_paid_content":false,"footnotes":"","jetpack_publicize_message":"","jetpack_publicize_feature_enabled":true,"jetpack_social_post_already_shared":true,"jetpack_social_options":{"image_generator_settings":{"template":"highway","enabled":false},"version":2}},"categories":[1],"tags":[],"class_list":["post-25250","post","type-post","status-publish","format-standard","hentry","category-notas"],"jetpack_publicize_connections":[],"jetpack_sharing_enabled":true,"jetpack_featured_media_url":"","jetpack_shortlink":"https:\/\/wp.me\/p7wKYW-6zg","jetpack-related-posts":[],"_links":{"self":[{"href":"http:\/\/blogdalucianaoliveira.com.br\/blog\/wp-json\/wp\/v2\/posts\/25250","targetHints":{"allow":["GET"]}}],"collection":[{"href":"http:\/\/blogdalucianaoliveira.com.br\/blog\/wp-json\/wp\/v2\/posts"}],"about":[{"href":"http:\/\/blogdalucianaoliveira.com.br\/blog\/wp-json\/wp\/v2\/types\/post"}],"author":[{"embeddable":true,"href":"http:\/\/blogdalucianaoliveira.com.br\/blog\/wp-json\/wp\/v2\/users\/1"}],"replies":[{"embeddable":true,"href":"http:\/\/blogdalucianaoliveira.com.br\/blog\/wp-json\/wp\/v2\/comments?post=25250"}],"version-history":[{"count":1,"href":"http:\/\/blogdalucianaoliveira.com.br\/blog\/wp-json\/wp\/v2\/posts\/25250\/revisions"}],"predecessor-version":[{"id":25252,"href":"http:\/\/blogdalucianaoliveira.com.br\/blog\/wp-json\/wp\/v2\/posts\/25250\/revisions\/25252"}],"wp:attachment":[{"href":"http:\/\/blogdalucianaoliveira.com.br\/blog\/wp-json\/wp\/v2\/media?parent=25250"}],"wp:term":[{"taxonomy":"category","embeddable":true,"href":"http:\/\/blogdalucianaoliveira.com.br\/blog\/wp-json\/wp\/v2\/categories?post=25250"},{"taxonomy":"post_tag","embeddable":true,"href":"http:\/\/blogdalucianaoliveira.com.br\/blog\/wp-json\/wp\/v2\/tags?post=25250"}],"curies":[{"name":"wp","href":"https:\/\/api.w.org\/{rel}","templated":true}]}}