{"id":25257,"date":"2019-12-01T08:51:45","date_gmt":"2019-12-01T12:51:45","guid":{"rendered":"http:\/\/blogdalucianaoliveira.com.br\/blog\/?p=25257"},"modified":"2019-12-01T08:51:56","modified_gmt":"2019-12-01T12:51:56","slug":"atos-e-falas-sao-pontes-entre-governo-de-bolsonaro-e-a-ditadura-entenda","status":"publish","type":"post","link":"http:\/\/blogdalucianaoliveira.com.br\/blog\/2019\/12\/01\/atos-e-falas-sao-pontes-entre-governo-de-bolsonaro-e-a-ditadura-entenda\/","title":{"rendered":"Atos e falas s\u00e3o pontes entre governo de Bolsonaro e a ditadura; entenda"},"content":{"rendered":"\n<figure class=\"wp-block-image size-large\"><img loading=\"lazy\" decoding=\"async\" width=\"2400\" height=\"1600\" data-attachment-id=\"25259\" data-permalink=\"http:\/\/blogdalucianaoliveira.com.br\/blog\/2019\/12\/01\/atos-e-falas-sao-pontes-entre-governo-de-bolsonaro-e-a-ditadura-entenda\/image-1\/\" data-orig-file=\"https:\/\/i0.wp.com\/blogdalucianaoliveira.com.br\/blog\/wp-content\/uploads\/2019\/12\/image-1.jpeg?fit=2400%2C1600\" data-orig-size=\"2400,1600\" data-comments-opened=\"0\" data-image-meta=\"{&quot;aperture&quot;:&quot;0&quot;,&quot;credit&quot;:&quot;&quot;,&quot;camera&quot;:&quot;&quot;,&quot;caption&quot;:&quot;&quot;,&quot;created_timestamp&quot;:&quot;0&quot;,&quot;copyright&quot;:&quot;&quot;,&quot;focal_length&quot;:&quot;0&quot;,&quot;iso&quot;:&quot;0&quot;,&quot;shutter_speed&quot;:&quot;0&quot;,&quot;title&quot;:&quot;&quot;,&quot;orientation&quot;:&quot;0&quot;}\" data-image-title=\"image-1\" data-image-description=\"\" data-image-caption=\"\" data-medium-file=\"https:\/\/i0.wp.com\/blogdalucianaoliveira.com.br\/blog\/wp-content\/uploads\/2019\/12\/image-1.jpeg?fit=300%2C200\" data-large-file=\"https:\/\/i0.wp.com\/blogdalucianaoliveira.com.br\/blog\/wp-content\/uploads\/2019\/12\/image-1.jpeg?fit=600%2C400\" src=\"https:\/\/i2.wp.com\/blogdalucianaoliveira.com.br\/blog\/wp-content\/uploads\/2019\/12\/image-1.jpeg?fit=600%2C400\" alt=\"\" class=\"wp-image-25259\" srcset=\"https:\/\/i0.wp.com\/blogdalucianaoliveira.com.br\/blog\/wp-content\/uploads\/2019\/12\/image-1.jpeg?w=2400 2400w, https:\/\/i0.wp.com\/blogdalucianaoliveira.com.br\/blog\/wp-content\/uploads\/2019\/12\/image-1.jpeg?resize=300%2C200 300w, https:\/\/i0.wp.com\/blogdalucianaoliveira.com.br\/blog\/wp-content\/uploads\/2019\/12\/image-1.jpeg?resize=1024%2C683 1024w, https:\/\/i0.wp.com\/blogdalucianaoliveira.com.br\/blog\/wp-content\/uploads\/2019\/12\/image-1.jpeg?resize=768%2C512 768w, https:\/\/i0.wp.com\/blogdalucianaoliveira.com.br\/blog\/wp-content\/uploads\/2019\/12\/image-1.jpeg?resize=1536%2C1024 1536w, https:\/\/i0.wp.com\/blogdalucianaoliveira.com.br\/blog\/wp-content\/uploads\/2019\/12\/image-1.jpeg?resize=2048%2C1365 2048w, https:\/\/i0.wp.com\/blogdalucianaoliveira.com.br\/blog\/wp-content\/uploads\/2019\/12\/image-1.jpeg?resize=450%2C300 450w, https:\/\/i0.wp.com\/blogdalucianaoliveira.com.br\/blog\/wp-content\/uploads\/2019\/12\/image-1.jpeg?w=1200 1200w, https:\/\/i0.wp.com\/blogdalucianaoliveira.com.br\/blog\/wp-content\/uploads\/2019\/12\/image-1.jpeg?w=1800 1800w\" sizes=\"auto, (max-width: 600px) 100vw, 600px\" \/><\/figure>\n\n\n\n<p>Do AI-5 a amea\u00e7as \u00e0 imprensa, relembre epis\u00f3dios que aproximam a atual gest\u00e3o do regime militar.<\/p>\n\n\n\n<!--more-->\n\n\n\n<p>Na Folha de S\u00e3o Paulo <\/p>\n\n\n\n<p><strong><a href=\"https:\/\/www1.folha.uol.com.br\/autores\/guilherme-magalhaes.shtml\">Guilherme Magalh\u00e3es<\/a><\/strong><strong>S\u00c3O PAULO<\/strong><\/p>\n\n\n\n<p>Iniciado em 31 de mar\u00e7o de 1964, o&nbsp;<a href=\"https:\/\/www1.folha.uol.com.br\/poder\/2019\/03\/conheca-os-fatos-que-levaram-ao-golpe-de-1964-e-os-seus-desdobramentos.shtml\">golpe militar<\/a>&nbsp;se consolidou na madrugada de 1\u00ba para 2 de abril. A partir de ent\u00e3o, o pa\u00eds permaneceu 21 anos sob uma ditadura. \u200b<\/p>\n\n\n\n<p><a href=\"https:\/\/temas.folha.uol.com.br\/50-anos-ai5\/\">Do AI-5<\/a>\u00a0a amea\u00e7as \u00e0 imprensa, veja epis\u00f3dios que aproximam o governo de Jair\u00a0Bolsonaro\u00a0(sem partido) do regime militar que governou o Brasil entre 1964 e 1985. \u200b<\/p>\n\n\n\n<figure class=\"wp-block-image size-large\"><img data-recalc-dims=\"1\" loading=\"lazy\" decoding=\"async\" width=\"300\" height=\"250\" data-attachment-id=\"25258\" data-permalink=\"http:\/\/blogdalucianaoliveira.com.br\/blog\/2019\/12\/01\/atos-e-falas-sao-pontes-entre-governo-de-bolsonaro-e-a-ditadura-entenda\/image-1138\/\" data-orig-file=\"https:\/\/i0.wp.com\/blogdalucianaoliveira.com.br\/blog\/wp-content\/uploads\/2019\/12\/image.jpeg?fit=300%2C250\" data-orig-size=\"300,250\" data-comments-opened=\"0\" data-image-meta=\"{&quot;aperture&quot;:&quot;0&quot;,&quot;credit&quot;:&quot;&quot;,&quot;camera&quot;:&quot;&quot;,&quot;caption&quot;:&quot;&quot;,&quot;created_timestamp&quot;:&quot;0&quot;,&quot;copyright&quot;:&quot;&quot;,&quot;focal_length&quot;:&quot;0&quot;,&quot;iso&quot;:&quot;0&quot;,&quot;shutter_speed&quot;:&quot;0&quot;,&quot;title&quot;:&quot;&quot;,&quot;orientation&quot;:&quot;0&quot;}\" data-image-title=\"image\" data-image-description=\"\" data-image-caption=\"\" data-medium-file=\"https:\/\/i0.wp.com\/blogdalucianaoliveira.com.br\/blog\/wp-content\/uploads\/2019\/12\/image.jpeg?fit=300%2C250\" data-large-file=\"https:\/\/i0.wp.com\/blogdalucianaoliveira.com.br\/blog\/wp-content\/uploads\/2019\/12\/image.jpeg?fit=300%2C250\" src=\"https:\/\/i0.wp.com\/blogdalucianaoliveira.com.br\/blog\/wp-content\/uploads\/2019\/12\/image.jpeg?resize=300%2C250\" alt=\"\" class=\"wp-image-25258\"\/><\/figure>\n\n\n\n<p>O&nbsp;<a href=\"https:\/\/www1.folha.uol.com.br\/colunas\/monicabergamo\/2019\/10\/eduardo-bolsonaro-diz-que-se-esquerda-radicalizar-resposta-pode-ser-um-novo-ai-5.shtml\">filho do presidente e deputado federal, Eduardo&nbsp;<\/a><a href=\"https:\/\/www1.folha.uol.com.br\/colunas\/monicabergamo\/2019\/10\/eduardo-bolsonaro-diz-que-se-esquerda-radicalizar-resposta-pode-ser-um-novo-ai-5.shtml\">Bolsonaro,<\/a>&nbsp;e&nbsp;<a href=\"https:\/\/www1.folha.uol.com.br\/mercado\/2019\/11\/nao-se-assustem-se-alguem-pedir-o-ai-5-diz-guedes.shtml\">o ministro da Economia, Paulo Guedes<\/a>, mencionaram&nbsp;<a href=\"https:\/\/temas.folha.uol.com.br\/50-anos-ai5\/\">o AI-5<\/a>, editado pela ditadura militar em 1968, como poss\u00edvel resposta do governo Bolsonaro a uma suposta radicaliza\u00e7\u00e3o de protestos da esquerda, que nunca ocorreu.<\/p>\n\n\n\n<p>Ap\u00f3s sair da cadeia, no dia 8 de novembro,&nbsp;<a href=\"https:\/\/www1.folha.uol.com.br\/poder\/2019\/11\/orientado-por-lula-pt-ajusta-discurso-economico-e-aposta-em-pib-fragil-sob-bolsonaro.shtml\">o ex-presidente Lula (PT) convocou a esquerda a protestar contra a pol\u00edtica econ\u00f4mica do governo&nbsp;<\/a><a href=\"https:\/\/www1.folha.uol.com.br\/poder\/2019\/11\/orientado-por-lula-pt-ajusta-discurso-economico-e-aposta-em-pib-fragil-sob-bolsonaro.shtml\">Bolsonaro<\/a>&nbsp;e disse que os jovens deveriam ir \u00e0s ruas assim como os jovens na Bol\u00edvia e no Chile,&nbsp;<a href=\"https:\/\/www1.folha.uol.com.br\/ilustrissima\/2019\/11\/frustracao-com-economia-alimenta-revoltas-na-america-do-sul.shtml\">pa\u00edses conflagrados<\/a>&nbsp;por manifesta\u00e7\u00f5es de massa nos \u00faltimos meses. At\u00e9 o momento, por\u00e9m, nenhum grande protesto foi marcado.<\/p>\n\n\n\n<blockquote class=\"wp-block-quote is-layout-flow wp-block-quote-is-layout-flow\"><p><em>&#8220;Sejam respons\u00e1veis, pratiquem a democracia. Ou democracia \u00e9 s\u00f3 quando o seu lado ganha? Quando o outro lado ganha, com dez meses voc\u00ea j\u00e1 chama todo mundo para quebrar a rua? Que responsabilidade \u00e9 essa? N\u00e3o se assustem ent\u00e3o se algu\u00e9m pedir o AI-5. J\u00e1 n\u00e3o aconteceu uma vez? Ou foi diferente? Levando o povo para a rua para quebrar tudo&#8221;<br><a href=\"https:\/\/www1.folha.uol.com.br\/mercado\/2019\/11\/nao-se-assustem-se-alguem-pedir-o-ai-5-diz-guedes.shtml\"><sub><strong>Paulo Guedes<\/strong>, ministro da Economia, em entrevista coletiva em 25.nov<\/sub><\/a><\/em><\/p><\/blockquote>\n\n\n\n<blockquote class=\"wp-block-quote is-layout-flow wp-block-quote-is-layout-flow\"><p><br><em>&#8220;Se a esquerda radicalizar a esse ponto, a gente vai precisar ter uma resposta. E uma resposta pode ser via um novo AI-5, pode ser via uma legisla\u00e7\u00e3o aprovada atrav\u00e9s de um plebiscito como ocorreu na It\u00e1lia. Alguma resposta vai ter que ser dada&#8221;<\/em><\/p><p><em><a href=\"https:\/\/www1.folha.uol.com.br\/colunas\/monicabergamo\/2019\/10\/eduardo-bolsonaro-diz-que-se-esquerda-radicalizar-resposta-pode-ser-um-novo-ai-5.shtml\"><sup><strong>Eduardo&nbsp;<\/strong><strong>Bolsonaro<\/strong>,&nbsp;l\u00edder do PSL na C\u00e2mara, em entrevista em 31.out<\/sup><\/a><\/em><\/p><\/blockquote>\n\n\n\n<p><strong>O que foi o AI-5?<\/strong><br><a href=\"https:\/\/temas.folha.uol.com.br\/50-anos-ai5\/\">Editado em 13 de dezembro de 1968<\/a>, deu in\u00edcio ao per\u00edodo de maior repress\u00e3o da ditadura militar (1964-1985).<\/p>\n\n\n\n<ul class=\"wp-block-list\"><li>Deu novamente ao presidente o poder de fechar o Congresso, Assembleias e C\u00e2maras. O Congresso foi fechado por tempo indeterminado no mesmo dia<\/li><li>Renovou poderes conferidos antes ao presidente para aplicar puni\u00e7\u00f5es, cassar mandatos e suspender direitos pol\u00edticos, agora em car\u00e1ter permanente<\/li><li>Suspendeu a garantia do habeas corpus em casos de crimes pol\u00edticos, contra a seguran\u00e7a nacional, a ordem econ\u00f4mica e a economia popular<\/li><li>Deu ao presidente o poder de confiscar bens de funcion\u00e1rios acusados de enriquecimento il\u00edcito<\/li><\/ul>\n\n\n\n<h3 class=\"wp-block-heading\">USO DA LEI DE SEGURAN\u00c7A NACIONAL CONTRA LULA<\/h3>\n\n\n\n<p>O presidente&nbsp;<a href=\"https:\/\/www1.folha.uol.com.br\/poder\/2019\/11\/lei-de-seguranca-nacional-esta-ai-para-ser-usada-diz-bolsonaro-sobre-lula.shtml\">amea\u00e7ou usar a Lei de Seguran\u00e7a Nacional<\/a>&nbsp;(um resqu\u00edcio do regime militar cujo texto n\u00e3o foi alterado pela Constitui\u00e7\u00e3o de 1988) contra o ex-presidente Lula, que&nbsp;<a href=\"https:\/\/www1.folha.uol.com.br\/poder\/2019\/11\/orientado-por-lula-pt-ajusta-discurso-economico-e-aposta-em-pib-fragil-sob-bolsonaro.shtml\">em discursos ap\u00f3s ser solto<\/a>&nbsp;vem criticando a pol\u00edtica econ\u00f4mica do governo e o pr\u00f3prio Bolsonaro.<\/p>\n\n\n\n<blockquote class=\"wp-block-quote is-layout-flow wp-block-quote-is-layout-flow\"><p><em>&#8220;Temos uma Lei de Seguran\u00e7a Nacional que est\u00e1 a\u00ed para ser usada. Alguns acham que os pronunciamentos, as falas desse elemento [Lula], que por ora est\u00e1 solto, infringem a lei. Agora, n\u00f3s acionaremos a Justi\u00e7a quando tivermos mais do que certeza de que ele est\u00e1 nesse discurso para atingir os seus objetivos&#8221;<br><a href=\"https:\/\/www1.folha.uol.com.br\/poder\/2019\/11\/lei-de-seguranca-nacional-esta-ai-para-ser-usada-diz-bolsonaro-sobre-lula.shtml\"><sub><strong>Jair&nbsp;<\/strong><strong>Bolsonaro<\/strong>,&nbsp;presidente da Rep\u00fablica, em entrevista em 11.nov<\/sub><\/a><\/em><\/p><\/blockquote>\n\n\n\n<p><strong>O que diz a lei?<\/strong><br>A Lei de Seguran\u00e7a Nacional foi publicada em 14 de dezembro de 1983, no governo Figueiredo, \u00faltimo presidente da ditadura militar.<\/p>\n\n\n\n<p>Com 35 artigos, ela define os crimes contra a seguran\u00e7a nacional e a ordem pol\u00edtica e social. Prev\u00ea penas de 1 a 30 anos de pris\u00e3o para 21 crimes descritos em seus artigos, entre eles: atentar contra o Estado de Direito, caluniar ou difamar o presidente ou outra autoridade da Rep\u00fablica.<\/p>\n\n\n\n<h3 class=\"wp-block-heading\">ATAQUES \u00c0 IMPRENSA<\/h3>\n\n\n\n<p>Bolsonaro coleciona epis\u00f3dios de amea\u00e7as a jornalistas e \u00e0 imprensa,&nbsp;<a href=\"https:\/\/www1.folha.uol.com.br\/poder\/2019\/11\/relembre-serie-de-ataques-de-bolsonaro-a-folha-desde-a-campanha-eleitoral-de-2018.shtml\">em especial contra a&nbsp;<strong>Folha<\/strong><\/a>. Na semana passada, a Presid\u00eancia da Rep\u00fablica&nbsp;<a href=\"https:\/\/www1.folha.uol.com.br\/poder\/2019\/11\/bolsonaro-nao-explica-criterios-de-licitacao-e-pede-retratacao-da-folha-por-males-e-calunias.shtml\">excluiu o jornal de uma licita\u00e7\u00e3o sem informar o crit\u00e9rio t\u00e9cnico<\/a>&nbsp;que embasou a decis\u00e3o, e o presidente&nbsp;<a href=\"https:\/\/www1.folha.uol.com.br\/poder\/2019\/11\/bolsonaro-amplia-ameaca-a-folha-e-diz-que-boicota-produtos-de-anunciantes-do-jornal.shtml\">afirmou que boicota produtos de anunciantes da&nbsp;<strong>Folha<\/strong><\/a>.<\/p>\n\n\n\n<p>Em agosto, Bolsonaro ironizou o jornal Valor Econ\u00f4mico ap\u00f3s&nbsp;<a href=\"https:\/\/www1.folha.uol.com.br\/mercado\/2019\/08\/bolsonaro-considera-extremamente-positivo-perda-de-receita-de-jornais-com-nova-mp.shtml\">assinar medida provis\u00f3ria que acaba com a obrigatoriedade de empresas publicarem balan\u00e7os em di\u00e1rios impressos<\/a>. A TV Globo tamb\u00e9m foi alvo do presidente, que&nbsp;<a href=\"https:\/\/www1.folha.uol.com.br\/poder\/2019\/10\/se-bolsonaro-nao-renovar-concessao-da-globo-repetira-decisao-de-chavez-em-2006.shtml\">amea\u00e7ou n\u00e3o renovar a concess\u00e3o da&nbsp;<\/a><a href=\"https:\/\/www1.folha.uol.com.br\/poder\/2019\/10\/se-bolsonaro-nao-renovar-concessao-da-globo-repetira-decisao-de-chavez-em-2006.shtml\">emissora&nbsp;<\/a>ap\u00f3s reportagem&nbsp;<a href=\"https:\/\/www1.folha.uol.com.br\/cotidiano\/2019\/10\/porteiro-afirmou-que-suspeito-de-matar-marielle-pediu-para-ir-a-casa-de-bolsonaro-diz-tv.shtml\">q<\/a><a href=\"https:\/\/www1.folha.uol.com.br\/cotidiano\/2019\/10\/porteiro-afirmou-que-suspeito-de-matar-marielle-pediu-para-ir-a-casa-de-bolsonaro-diz-tv.shtml\">ue o citou<\/a>&nbsp;na investiga\u00e7\u00e3o do assassinato da vereadora&nbsp;<a href=\"https:\/\/www1.folha.uol.com.br\/cotidiano\/2019\/10\/porteiro-afirmou-que-suspeito-de-matar-marielle-pediu-para-ir-a-casa-de-bolsonaro-diz-tv.shtml\">Marielle Franco<\/a>.<\/p>\n\n\n\n<blockquote class=\"wp-block-quote is-layout-flow wp-block-quote-is-layout-flow\"><p><br><em>&#8220;Determinei que todo o governo federal rescinda e cancele a assinatura da&nbsp;<strong>Folha de&nbsp;<\/strong><strong>S.Paulo<\/strong>. A ordem que eu dei [\u00e9 que] nenhum \u00f3rg\u00e3o do meu governo vai receber o jornal&nbsp;<strong>Folha de&nbsp;<\/strong><strong>S.Paulo<\/strong>&nbsp;aqui em Bras\u00edlia&#8221;<\/em><br><em><sup><a href=\"https:\/\/www1.folha.uol.com.br\/poder\/2019\/10\/bolsonaro-determina-cancelamento-de-assinaturas-da-folha-no-governo-federal.shtml\"><strong>Jair&nbsp;<\/strong><strong>Bolsonaro<\/strong>,&nbsp;em entrevista no dia 31.out<\/a><\/sup><\/em><\/p><p><br><em>&#8220;N\u00e3o vamos mais gastar dinheiro com esse tipo de jornal. E quem anuncia na&nbsp;<strong>Folha de&nbsp;<\/strong><strong>S.Paulo<\/strong>&nbsp;presta aten\u00e7\u00e3o, est\u00e1 certo?&#8221;<\/em><br><em><sub><a href=\"https:\/\/www1.folha.uol.com.br\/poder\/2019\/10\/bolsonaro-determina-cancelamento-de-assinaturas-da-folha-no-governo-federal.shtml\"><strong>Jair&nbsp;<\/strong><strong>Bolsonaro,<\/strong>&nbsp;em live nas redes sociais no dia 31.out, pouco ap\u00f3s anunciar o cancelamento de assinaturas da Folha<\/a><\/sub><\/em><\/p><p><br><em>&#8220;Eu espero que o Valor Econ\u00f4mico sobreviva \u00e0 medida provis\u00f3ria de ontem&#8221;<\/em><br><em><sub><a href=\"https:\/\/www1.folha.uol.com.br\/mercado\/2019\/08\/bolsonaro-assina-mp-que-acaba-com-publicacao-de-balanco-de-empresa-em-jornais.shtml\"><strong>Jair&nbsp;<\/strong><strong>Bolsonaro<\/strong>,&nbsp;em discurso no dia 6.ago, ao comentar MP que permite a publica\u00e7\u00e3o de balan\u00e7os de empresas de capital aberto na internet ou no Di\u00e1rio Oficial, em vez de em ve\u00edculos impressos<\/a><\/sub><\/em><\/p><p><br><em>&#8220;Voc\u00eas [TV Globo] v\u00e3o renovar a concess\u00e3o em 2022. N\u00e3o vou persegui-los, mas o processo vai estar limpo. Se o processo n\u00e3o estiver limpo, legal, n\u00e3o tem renova\u00e7\u00e3o da concess\u00e3o de voc\u00eas, e de TV nenhuma. Voc\u00eas apostaram em me derrubar no primeiro ano e n\u00e3o conseguiram&#8221;<\/em><br><em><a href=\"https:\/\/www1.folha.uol.com.br\/poder\/2019\/10\/assista-principais-trechos-de-video-em-que-bolsonaro-ataca-globo-e-witzel-e-fala-sobre-marielle.shtml\"><sub><strong>Jair Bolsonaro,<\/strong>&nbsp;em live nas redes sociais em 30.out, um dia ap\u00f3s reportagem da Globo cit\u00e1-lo na investiga\u00e7\u00e3o da morte de Marielle Franco<\/sub><\/a><\/em><\/p><\/blockquote>\n\n\n\n<h3 class=\"wp-block-heading\">CR\u00cdTICAS DE CARLOS AO REGIME DEMOCR\u00c1TICO<\/h3>\n\n\n\n<p>O vereador Carlos (PSC-RJ) \u00e9 apontado como a pessoa por tr\u00e1s das&nbsp;<a href=\"https:\/\/www1.folha.uol.com.br\/cotidiano\/2019\/03\/o-que-e-golden-shower-pergunta-bolsonaro-apos-publicar-video-polemico.shtml\">redes sociais do presidente<\/a>. Uma postagem no Twitter causou pol\u00eamica em setembro, quando afirmou que as mudan\u00e7as almejadas para o Brasil n\u00e3o aconteceriam por vias democr\u00e1ticas.<\/p>\n\n\n\n<blockquote class=\"wp-block-quote is-layout-flow wp-block-quote-is-layout-flow\"><p><em>&#8220;Por vias democr\u00e1ticas a transforma\u00e7\u00e3o que o Brasil quer n\u00e3o acontecer\u00e1 na velocidade que almejamos&#8230; e se isso acontecer. S\u00f3 vejo todo dia a roda girando em torno do pr\u00f3prio eixo e os que sempre nos dominaram continuam nos dominando de jeitos diferentes!&#8221;<br><a href=\"https:\/\/www1.folha.uol.com.br\/poder\/2019\/09\/carlos-bolsonaro-diz-que-pais-nao-tera-transformacao-rapida-por-vias-democraticas.shtml\"><sub><strong>Carlos&nbsp;<\/strong><strong>Bolsonaro<\/strong>,&nbsp;em postagem de 9.set no Twitter<\/sub><\/a><\/em><\/p><\/blockquote>\n\n\n\n<h3 class=\"wp-block-heading\">EXCLUDENTE DE ILICITUDE EM OPERA\u00c7\u00d5ES DE GLO<\/h3>\n\n\n\n<p>Bolsonaro&nbsp;<a href=\"https:\/\/www1.folha.uol.com.br\/cotidiano\/2019\/11\/bolsonaro-diz-que-excludente-de-ilicitude-em-glo-impedira-certo-tipo-de-protestos.shtml\">enviou ao Congresso projeto de lei<\/a>&nbsp;para isentar de puni\u00e7\u00e3o militares e policiais que cometerem excessos em opera\u00e7\u00f5es de GLO (Garantia da Lei e da Ordem).<\/p>\n\n\n\n<p>A GLO \u00e9 autorizada pelo presidente, em \u00e1rea restrita e por tempo limitado. Concede provisoriamente a integrantes militares e civis das For\u00e7as Armadas e da Pol\u00edcia Federal permiss\u00e3o para atuarem como pol\u00edcia.<\/p>\n\n\n\n<p>O presidente tamb\u00e9m defende o uso da GLO em reintegra\u00e7\u00f5es de posse em invas\u00f5es de terra no campo, atribui\u00e7\u00e3o hoje que cabe aos governos estaduais.<\/p>\n\n\n\n<blockquote class=\"wp-block-quote is-layout-flow wp-block-quote-is-layout-flow\"><p><em>&#8220;Vai tocar fogo em \u00f4nibus, pode morrer inocente, vai incendiar bancos, vai invadir minist\u00e9rio, isso a\u00ed n\u00e3o \u00e9 protesto. E se tiver GLO j\u00e1 sabe que, se o Congresso nos der o que a gente est\u00e1 pedindo, esse protesto vai ser simplesmente impedido de ser feito&#8221;<br><sub><strong>Jair&nbsp;<\/strong><strong>Bolsonaro<\/strong>,&nbsp;em entrevista no dia 25.nov<\/sub><\/em><\/p><p><br><em>&#8220;Quando marginais invadem propriedades rurais, e o juiz determina a reintegra\u00e7\u00e3o de posse, como \u00e9 quase como regra que governadores protelam, poderia, pelo nosso projeto, ter uma GLO do campo para chegar e tirar o cara&#8221;<br><a href=\"https:\/\/www1.folha.uol.com.br\/poder\/2019\/11\/bolsonaro-quer-aval-do-congresso-para-assumir-funcao-dos-estados-e-expulsar-invasor-de-terra.shtml\"><sub><strong>Jair&nbsp;<\/strong><strong>Bolsonaro<\/strong>,&nbsp;em entrevista no dia&nbsp;<\/sub><\/a><\/em><a href=\"https:\/\/www1.folha.uol.com.br\/poder\/2019\/11\/bolsonaro-quer-aval-do-congresso-para-assumir-funcao-dos-estados-e-expulsar-invasor-de-terra.shtml\"><sub><em>25.nov<\/em><\/sub><\/a><\/p><\/blockquote>\n\n\n\n<h3 class=\"wp-block-heading\">RELA\u00c7\u00c3O COM A AMAZ\u00d4NIA<\/h3>\n\n\n\n<p>A pol\u00edtica ambiental do governo Bolsonaro ecoa a da ditadura militar&nbsp;<a href=\"https:\/\/www1.folha.uol.com.br\/ambiente\/2019\/10\/o-interesse-na-amazonia-nao-e-no-indio-nem-na-porra-da-arvore-diz-bolsonaro.shtml\">em rela\u00e7\u00e3o \u00e0 Amaz\u00f4nia<\/a>, com o lema &#8220;integrar para n\u00e3o entregar&#8221;. Com isso, defende uma&nbsp;<a href=\"https:\/\/www1.folha.uol.com.br\/ambiente\/2019\/11\/procuradoria-pede-cancelamento-de-processos-de-mineracao-em-terras-indigenas.shtml\">ocupa\u00e7\u00e3o predat\u00f3ria da floresta<\/a>, que seria cobi\u00e7ada por outros pa\u00edses segundo teoria conspirat\u00f3ria difundida entre militares.<\/p>\n\n\n\n<h3 class=\"wp-block-heading\">COMO OS PODERES T\u00caM REAGIDO<\/h3>\n\n\n\n<p>Legislativo&nbsp;<br>Os presidentes da C\u00e2mara, Rodrigo Maia, e do Senado, Davi Alcolumbre,&nbsp;<a href=\"https:\/\/www1.folha.uol.com.br\/colunas\/painelsa\/2019\/11\/guedes-sabe-que-errou-ao-falar-em-ai-5-diz-maia.shtml\">condenaram<\/a>&nbsp;a fala do ministro Paulo Guedes&nbsp;<a href=\"https:\/\/www1.folha.uol.com.br\/mercado\/2019\/11\/nao-se-assustem-se-alguem-pedir-o-ai-5-diz-guedes.shtml\">sobre reedi\u00e7\u00e3o do AI-5<\/a>.<\/p>\n\n\n\n<p>Judici\u00e1rio<br>O presidente do Supremo Tribunal Federal, ministro Dias Toffoli, tamb\u00e9m condenou a declara\u00e7\u00e3o de Guedes.<\/p>\n\n\n\n<blockquote class=\"wp-block-quote is-layout-flow wp-block-quote-is-layout-flow\"><p><em>&#8220;O AI-5 \u00e9 incompat\u00edvel com a democracia. N\u00e3o se constr\u00f3i o futuro com experi\u00eancias fracassadas do passado&#8221;<br><a href=\"https:\/\/www1.folha.uol.com.br\/poder\/2019\/11\/toffoli-reage-a-fala-de-guedes-e-diz-que-ai-5-e-incompativel-com-a-democracia.shtml\"><sub><strong>Dias&nbsp;<\/strong><strong>Toffoli,<\/strong>&nbsp;presidente do STF, em entrevista no dia 26.nov<\/sub><\/a><\/em><\/p><\/blockquote>\n\n\n\n<p>Toffoli, no entanto, j\u00e1 foi alvo de cr\u00edticas ao chamar o&nbsp;<a href=\"https:\/\/www1.folha.uol.com.br\/poder\/2019\/03\/conheca-os-fatos-que-levaram-ao-golpe-de-1964-e-os-seus-desdobramentos.shtml\">golpe de 1964<\/a>, que deu in\u00edcio \u00e0 ditadura militar, de &#8220;movimento&#8221;.<\/p>\n\n\n\n<blockquote class=\"wp-block-quote is-layout-flow wp-block-quote-is-layout-flow\"><p><em>&#8220;Hoje, n\u00e3o me refiro nem mais a golpe nem a revolu\u00e7\u00e3o. Me refiro a movimento de 1964&#8221;<br><a href=\"https:\/\/www1.folha.uol.com.br\/poder\/2018\/10\/toffoli-diz-que-hoje-prefere-chamar-ditadura-militar-de-movimento-de-1964.shtml\"><sub><strong>Dias&nbsp;<\/strong><strong>Toffoli<\/strong>,&nbsp;em discurso no dia 1\u00ba.out.2018<\/sub><\/a><\/em><\/p><\/blockquote>\n\n\n\n<p>O presidente do Supremo foi ainda criticado pelo sil\u00eancio ap\u00f3s a&nbsp;<a href=\"https:\/\/www1.folha.uol.com.br\/colunas\/monicabergamo\/2019\/10\/eduardo-bolsonaro-diz-que-se-esquerda-radicalizar-resposta-pode-ser-um-novo-ai-5.shtml\">declara\u00e7\u00e3o do deputado Eduardo&nbsp;<\/a><a href=\"https:\/\/www1.folha.uol.com.br\/colunas\/monicabergamo\/2019\/10\/eduardo-bolsonaro-diz-que-se-esquerda-radicalizar-resposta-pode-ser-um-novo-ai-5.shtml\">Bolsonaro<\/a>&nbsp;sobre a reedi\u00e7\u00e3o de um AI-5 caso a esquerda &#8220;radicalizasse&#8221;.<\/p>\n\n\n\n<p>Executivo<br>O porta-voz da Presid\u00eancia, general Ot\u00e1vio R\u00eago Barros, ao ser questionado, disse que a declara\u00e7\u00e3o de Guedes era uma quest\u00e3o de &#8220;car\u00e1ter pessoal&#8221; e minimizou a posi\u00e7\u00e3o de Bolsonaro sobre o AI-5.<\/p>\n\n\n\n<blockquote class=\"wp-block-quote is-layout-flow wp-block-quote-is-layout-flow\"><p><em>&#8220;O presidente v\u00ea o AI-5 como um evento hist\u00f3rico&#8221;<br><sub><strong>Ot\u00e1vio R\u00eago Barros<\/strong>, porta-voz da Presid\u00eancia, em entrevista no dia 26.nov<\/sub><\/em><\/p><\/blockquote>\n\n\n\n<h3 class=\"wp-block-heading\">O HIST\u00d3RICO DE BOLSONARO EM RELA\u00c7\u00c3O \u00c0 DITADURA<\/h3>\n\n\n\n<p>O hoje presidente j\u00e1 prestou diversos elogios ao regime militar e a&nbsp;<a href=\"https:\/\/www1.folha.uol.com.br\/poder\/2019\/08\/ustra-era-um-monstro-que-me-torturava-com-choque-e-ria-diz-vitima-de-militar.shtml\">figuras da repress\u00e3o como o coronel Ustra<\/a>, condenado por tortura.<\/p>\n\n\n\n<blockquote class=\"wp-block-quote is-layout-flow wp-block-quote-is-layout-flow\"><p><em>&#8220;Temos de conhecer a verdade. N\u00e3o quer dizer que foi uma maravilha, n\u00e3o foi uma maravilha regime nenhum. Qual casamento \u00e9 uma maravilha? De vez em quando tem um probleminha, \u00e9 coisa rara um casal n\u00e3o ter um problema, t\u00e1 certo? [&#8230;] E onde voc\u00ea viu uma ditadura entregar pra oposi\u00e7\u00e3o de forma pac\u00edfica o governo? S\u00f3 no Brasil. Ent\u00e3o, n\u00e3o houve ditadura&#8221;<br><a href=\"https:\/\/www1.folha.uol.com.br\/poder\/2019\/03\/nao-houve-ditadura-teve-uns-probleminhas-diz-bolsonaro-sobre-regime-militar-no-pais.shtml\"><sub><strong>Jair&nbsp;<\/strong><strong>Bolsonaro<\/strong>,&nbsp;em entrevista no dia 27.mar<\/sub><\/a><\/em><\/p><p><br><em>&#8220;Pau-de-arara funciona. Sou favor\u00e1vel \u00e0 tortura, tu sabe disso. E o povo \u00e9 favor\u00e1vel tamb\u00e9m&#8221;<br><a href=\"https:\/\/www1.folha.uol.com.br\/poder\/2018\/12\/bolsonaro-fez-referencia-a-area-de-desova-de-mortos-pela-ditadura.shtml\"><sub><strong>Jair&nbsp;<\/strong><strong>Bolsonaro<\/strong>,&nbsp;ent\u00e3o deputado federal, em entrevista em 1999<\/sub><\/a><\/em><\/p><p><br><em>&#8220;A atual Constitui\u00e7\u00e3o garante a interven\u00e7\u00e3o das For\u00e7as Armadas para a manuten\u00e7\u00e3o da lei e da ordem. Sou a favor, sim, a uma ditadura, a um regime de exce\u00e7\u00e3o, desde que este Congresso d\u00ea mais um passo rumo ao abismo, que no meu entender est\u00e1 muito pr\u00f3ximo&#8221;<br><a href=\"https:\/\/www1.folha.uol.com.br\/poder\/2018\/06\/nos-anos-90-bolsonaro-defendeu-novo-golpe-militar-e-guerra.shtml\"><sub><strong>Jair&nbsp;<\/strong><strong>Bolsonaro<\/strong>,&nbsp;ent\u00e3o deputado federal, em discurso na tribuna da C\u00e2mara no dia 24.jun.1999<\/sub><\/a><\/em><\/p><\/blockquote>\n\n\n\n<p><strong>Quais leis podem punir esse tipo de apologia da&nbsp;ditadura?<\/strong><\/p>\n\n\n\n<p>N\u00e3o h\u00e1 hoje lei que tipifique como crime especificamente a&nbsp;<a href=\"https:\/\/www1.folha.uol.com.br\/poder\/2019\/11\/conselho-de-etica-abre-processo-contra-eduardo-bolsonaro-por-fala-sobre-ai-5.shtml\">apologia da ditadura<\/a>. Mas, segundo a subprocuradora-geral da Rep\u00fablica Luiza Frischeisen,&nbsp;<a href=\"https:\/\/www1.folha.uol.com.br\/poder\/2018\/10\/veja-11-frases-polemicas-de-bolsonaro.shtml\">declara\u00e7\u00f5es em defesa do regime<\/a>&nbsp;podem ser enquadradas como crime com base na Lei de Seguran\u00e7a Nacional, no artigo 287 do C\u00f3digo Penal e, no caso de agentes p\u00fablicos como presidente e ministros, na Lei dos Crimes de Responsabilidade (lei 1.079\/50).<\/p>\n\n\n\n<p>A Lei de Seguran\u00e7a Nacional, em seu artigo 22, qualifica como crime &#8220;fazer, em p\u00fablico, propaganda de processos violentos ou ilegais para altera\u00e7\u00e3o da ordem pol\u00edtica ou social&#8221;, com pena de 1 a 4 anos de deten\u00e7\u00e3o. J\u00e1 o artigo 23 da mesma lei afirma que \u00e9 crime &#8220;incitar \u00e0 subvers\u00e3o da ordem pol\u00edtica ou social, \u00e0 animosidade entre as For\u00e7as Armadas ou entre estas e as classes sociais ou as institui\u00e7\u00f5es civis&#8221;, com pena de 1 a 4 anos de reclus\u00e3o.<\/p>\n\n\n\n<p>O C\u00f3digo Penal, por sua vez, criminaliza a&nbsp;<a href=\"https:\/\/www1.folha.uol.com.br\/colunas\/reinaldoazevedo\/2019\/03\/bolsonaro-ja-cometeu-crimes-de-responsabilidade-agora-falara-a-politica.shtml\">apologia do crime<\/a>. J\u00e1 a Lei dos Crimes de Responsabilidade pune quem &#8220;provocar animosidade entre as classes armadas ou contra elas, ou delas contra as institui\u00e7\u00f5es civis&#8221;.<\/p>\n\n\n\n<p><a href=\"https:\/\/www1.folha.uol.com.br\/poder\/2019\/11\/imunidade-tem-limite-diz-presidente-do-conselho-de-etica-sobre-eduardo-bolsonaro.shtml\">No caso de parlamentares<\/a>, h\u00e1 d\u00favidas se poderiam ser punidos, visto que a Constitui\u00e7\u00e3o assegura que &#8220;deputados e senadores s\u00e3o inviol\u00e1veis, civil e penalmente, por quaisquer de suas opini\u00f5es, palavras e votos&#8221;. Frischeisen, contudo, defende que isso n\u00e3o vale para casos como apologia da ditadura e \u00e0 tortura.<\/p>\n\n\n\n<p>No Congresso, tramitam projetos de lei que criminalizam a apologia da&nbsp;ditadura militar.<\/p>\n\n\n\n<h2 class=\"wp-block-heading\">LEIA MAIS SOBRE BOLSONARO E FALAS E A\u00c7\u00d5ES AUTORIT\u00c1RIAS<\/h2>\n\n\n\n<ol class=\"wp-block-list\"><li><a href=\"https:\/\/www1.folha.uol.com.br\/poder\/2019\/11\/tradicional-tensao-entre-governos-e-folha-se-eleva-sob-bolsonaro.shtml\">Tradicional tens\u00e3o entre governos e Folha se eleva sob Bolsonaro<\/a><\/li><li><a href=\"https:\/\/www1.folha.uol.com.br\/poder\/2019\/12\/defesa-de-autoritarismo-pelo-governo-bolsonaro-preocupa-demais-poderes.shtml\">Defesa de autoritarismo pelo governo Bolsonaro preocupa demais Poderes<\/a><\/li><li><a href=\"https:\/\/www1.folha.uol.com.br\/poder\/2019\/12\/atos-e-falas-sao-pontes-entre-governo-de-bolsonaro-e-a-ditadura-entenda.shtml\">Atos e falas s\u00e3o pontes entre governo de Bolsonaro e a ditadura; entenda<\/a><\/li><li><a href=\"https:\/\/www1.folha.uol.com.br\/poder\/2019\/11\/bolsonaro-amplia-ameaca-a-folha-e-diz-que-boicota-produtos-de-anunciantes-do-jornal.shtml\">Bolsonaro amplia amea\u00e7a \u00e0 Folha e diz que boicota produtos de anunciantes do jornal<\/a><\/li><li><a href=\"https:\/\/www1.folha.uol.com.br\/poder\/2019\/11\/acao-de-bolsonaro-contra-folha-choca-ex-ministros-do-supremo-e-do-stj.shtml\">A\u00e7\u00e3o de Bolsonaro contra Folha choca ex-ministros do Supremo e do STJ<\/a><\/li><\/ol>\n","protected":false},"excerpt":{"rendered":"<p>Do AI-5 a amea\u00e7as \u00e0 imprensa, relembre epis\u00f3dios que aproximam a atual gest\u00e3o do regime militar.<\/p>\n","protected":false},"author":1,"featured_media":0,"comment_status":"closed","ping_status":"open","sticky":false,"template":"","format":"standard","meta":{"_exactmetrics_skip_tracking":false,"_exactmetrics_sitenote_active":false,"_exactmetrics_sitenote_note":"","_exactmetrics_sitenote_category":0,"jetpack_post_was_ever_published":false,"_jetpack_newsletter_access":"","_jetpack_dont_email_post_to_subs":false,"_jetpack_newsletter_tier_id":0,"_jetpack_memberships_contains_paywalled_content":false,"_jetpack_memberships_contains_paid_content":false,"footnotes":"","jetpack_publicize_message":"","jetpack_publicize_feature_enabled":true,"jetpack_social_post_already_shared":true,"jetpack_social_options":{"image_generator_settings":{"template":"highway","enabled":false},"version":2}},"categories":[1],"tags":[],"class_list":["post-25257","post","type-post","status-publish","format-standard","hentry","category-notas"],"jetpack_publicize_connections":[],"jetpack_sharing_enabled":true,"jetpack_featured_media_url":"","jetpack_shortlink":"https:\/\/wp.me\/p7wKYW-6zn","jetpack-related-posts":[],"_links":{"self":[{"href":"http:\/\/blogdalucianaoliveira.com.br\/blog\/wp-json\/wp\/v2\/posts\/25257","targetHints":{"allow":["GET"]}}],"collection":[{"href":"http:\/\/blogdalucianaoliveira.com.br\/blog\/wp-json\/wp\/v2\/posts"}],"about":[{"href":"http:\/\/blogdalucianaoliveira.com.br\/blog\/wp-json\/wp\/v2\/types\/post"}],"author":[{"embeddable":true,"href":"http:\/\/blogdalucianaoliveira.com.br\/blog\/wp-json\/wp\/v2\/users\/1"}],"replies":[{"embeddable":true,"href":"http:\/\/blogdalucianaoliveira.com.br\/blog\/wp-json\/wp\/v2\/comments?post=25257"}],"version-history":[{"count":1,"href":"http:\/\/blogdalucianaoliveira.com.br\/blog\/wp-json\/wp\/v2\/posts\/25257\/revisions"}],"predecessor-version":[{"id":25260,"href":"http:\/\/blogdalucianaoliveira.com.br\/blog\/wp-json\/wp\/v2\/posts\/25257\/revisions\/25260"}],"wp:attachment":[{"href":"http:\/\/blogdalucianaoliveira.com.br\/blog\/wp-json\/wp\/v2\/media?parent=25257"}],"wp:term":[{"taxonomy":"category","embeddable":true,"href":"http:\/\/blogdalucianaoliveira.com.br\/blog\/wp-json\/wp\/v2\/categories?post=25257"},{"taxonomy":"post_tag","embeddable":true,"href":"http:\/\/blogdalucianaoliveira.com.br\/blog\/wp-json\/wp\/v2\/tags?post=25257"}],"curies":[{"name":"wp","href":"https:\/\/api.w.org\/{rel}","templated":true}]}}