{"id":25261,"date":"2019-12-01T08:56:33","date_gmt":"2019-12-01T12:56:33","guid":{"rendered":"http:\/\/blogdalucianaoliveira.com.br\/blog\/?p=25261"},"modified":"2019-12-01T08:56:43","modified_gmt":"2019-12-01T12:56:43","slug":"juiz-que-prendeu-brigadistas-no-para-foi-advogado-de-madeireira-da-familia","status":"publish","type":"post","link":"http:\/\/blogdalucianaoliveira.com.br\/blog\/2019\/12\/01\/juiz-que-prendeu-brigadistas-no-para-foi-advogado-de-madeireira-da-familia\/","title":{"rendered":"Juiz que prendeu brigadistas no Par\u00e1 foi advogado de madeireira da fam\u00edlia"},"content":{"rendered":"\n<figure class=\"wp-block-image size-large\"><img data-recalc-dims=\"1\" loading=\"lazy\" decoding=\"async\" width=\"600\" height=\"441\" data-attachment-id=\"25262\" data-permalink=\"http:\/\/blogdalucianaoliveira.com.br\/blog\/2019\/12\/01\/juiz-que-prendeu-brigadistas-no-para-foi-advogado-de-madeireira-da-familia\/cce0ad8c-eaf3-431b-9992-e045d07b6ca7\/\" data-orig-file=\"https:\/\/i0.wp.com\/blogdalucianaoliveira.com.br\/blog\/wp-content\/uploads\/2019\/12\/CCE0AD8C-EAF3-431B-9992-E045D07B6CA7.jpeg?fit=672%2C494\" data-orig-size=\"672,494\" data-comments-opened=\"0\" data-image-meta=\"{&quot;aperture&quot;:&quot;0&quot;,&quot;credit&quot;:&quot;&quot;,&quot;camera&quot;:&quot;&quot;,&quot;caption&quot;:&quot;&quot;,&quot;created_timestamp&quot;:&quot;0&quot;,&quot;copyright&quot;:&quot;&quot;,&quot;focal_length&quot;:&quot;0&quot;,&quot;iso&quot;:&quot;0&quot;,&quot;shutter_speed&quot;:&quot;0&quot;,&quot;title&quot;:&quot;&quot;,&quot;orientation&quot;:&quot;1&quot;}\" data-image-title=\"CCE0AD8C-EAF3-431B-9992-E045D07B6CA7\" data-image-description=\"\" data-image-caption=\"\" data-medium-file=\"https:\/\/i0.wp.com\/blogdalucianaoliveira.com.br\/blog\/wp-content\/uploads\/2019\/12\/CCE0AD8C-EAF3-431B-9992-E045D07B6CA7.jpeg?fit=300%2C221\" data-large-file=\"https:\/\/i0.wp.com\/blogdalucianaoliveira.com.br\/blog\/wp-content\/uploads\/2019\/12\/CCE0AD8C-EAF3-431B-9992-E045D07B6CA7.jpeg?fit=600%2C441\" src=\"https:\/\/i0.wp.com\/blogdalucianaoliveira.com.br\/blog\/wp-content\/uploads\/2019\/12\/CCE0AD8C-EAF3-431B-9992-E045D07B6CA7.jpeg?resize=600%2C441\" alt=\"\" class=\"wp-image-25262\" srcset=\"https:\/\/i0.wp.com\/blogdalucianaoliveira.com.br\/blog\/wp-content\/uploads\/2019\/12\/CCE0AD8C-EAF3-431B-9992-E045D07B6CA7.jpeg?w=672 672w, https:\/\/i0.wp.com\/blogdalucianaoliveira.com.br\/blog\/wp-content\/uploads\/2019\/12\/CCE0AD8C-EAF3-431B-9992-E045D07B6CA7.jpeg?resize=300%2C221 300w, https:\/\/i0.wp.com\/blogdalucianaoliveira.com.br\/blog\/wp-content\/uploads\/2019\/12\/CCE0AD8C-EAF3-431B-9992-E045D07B6CA7.jpeg?resize=408%2C300 408w\" sizes=\"auto, (max-width: 600px) 100vw, 600px\" \/><\/figure>\n\n\n\n<p>ONG protestava contra corte ilegal<\/p>\n\n\n\n<p>Acusa\u00e7\u00f5es consideradas fr\u00e1geis<\/p>\n\n\n\n<p>Os suspeitos foram soltos na 5\u00aa<\/p>\n\n\n\n<!--more-->\n\n\n\n<p>No Poder 360<\/p>\n\n\n\n<p>Alexandre Rizzi \u2013 o juiz respons\u00e1vel pela&nbsp;<a href=\"https:\/\/www.poder360.com.br\/brasil\/policia-prende-suspeitos-de-provocar-incendios-criminosos-em-alter-do-chao\/\" target=\"_blank\" rel=\"noreferrer noopener\">pris\u00e3o<\/a>&nbsp;dos 4 brigadistas suspeitos de atear fogo em parte da vegeta\u00e7\u00e3o da reserva de Alter Ch\u00e3o na 3\u00aa feira (26.nov.209) \u2013 defendeu a madeireira da fam\u00edlia em um manifesto do Greenpeace no ano de 1997. A ONG protestava contra o corte ilegal de \u00e1rvores.&nbsp;<a href=\"https:\/\/oglobo.globo.com\/sociedade\/juiz-que-prendeu-brigadistas-no-para-foi-advogado-de-madeireira-da-familia-criticou-ong-1-24109194\" target=\"_blank\" rel=\"noreferrer noopener\">Informa\u00e7\u00f5es<\/a>&nbsp;do jornal&nbsp;<em>O Globo<\/em>.<\/p>\n\n\n\n<p><br><em>\u201cToda a madeira \u00e9 fiscalizada rigorosamente pela Receita Federal\u201d<\/em>, afirmou Rizzi \u00e0 \u00e9poca. \u201c<em>Apenas dei minha opini\u00e3o aos 20 anos de idade acerca de um fato que presenciei\u201d<\/em>, declarou o juiz, em nota enviada ao jornal na 6\u00aa feira (29.nov).<\/p>\n\n\n\n<p>Na 5\u00aa (28.nov), Rizzi recuou e ordenou a soltura dos suspeitos. A decis\u00e3o se deu ap\u00f3s\u00a0 questionamento do MPF (Minist\u00e9rio P\u00fablico Federal) sobre a fragilidade das acusa\u00e7\u00f5es e falta de provas. O MPF afirmou ainda que, como supervisor do inqu\u00e9rito federal, \u00e9 titular de eventual a\u00e7\u00e3o penal a ser ajuizada, caso as investiga\u00e7\u00f5es apontem para 1 inc\u00eandio criminoso.<\/p>\n\n\n\n<h2 class=\"wp-block-heading\"><strong>O CASO<\/strong><\/h2>\n\n\n\n<p>A Pol\u00edcia Civil do Par\u00e1 prendeu na \u00faltima 3\u00aa feira (26.nov.2019) 4 integrantes de ONGs de brigadistas volunt\u00e1rios. Daniel Gutierrez Govino\u200b, Jo\u00e3o Victor Pereira Romano, Gustavo de Almeida Fernandes e Marcelo Aron Cwerner s\u00e3o acusados de terem provocado os inc\u00eandios para receber repasses para apagar o fogo.<\/p>\n\n\n\n<p>O delegado Jos\u00e9 Humberto Melo Jr., que at\u00e9 ent\u00e3o presidia o inqu\u00e9rito, afirmou que os suspeitos receberam recursos da ONG internacional WWF para combater inc\u00eandios no local. A Pol\u00edcia Civil do Par\u00e1 informou que as investiga\u00e7\u00f5es para apurar as causas do inc\u00eandio duraram 2 meses, e escutas telef\u00f4nicas apontaram para o envolvimento dos brigadistas no inc\u00eandio.<\/p>\n\n\n\n<p>A WWF divulgou uma nota na qual classificou as pris\u00f5es como 1 \u201c<em>ataque \u00e0 Constitui\u00e7\u00e3o<\/em>\u201c.<\/p>\n\n\n\n<p><em>\u201cA falta de clareza sobre as investiga\u00e7\u00f5es, a falta de fundamento das alega\u00e7\u00f5es usadas e, por consequ\u00eancia, as d\u00favidas sobre o real embasamento jur\u00eddico dos procedimentos adotados pelas autoridades contra os acusados, incluindo a entrada e coleta de documenta\u00e7\u00e3o nas sedes das organiza\u00e7\u00f5es Projeto Sa\u00fade e Alegria e Instituto Aqu\u00edfero Alter do Ch\u00e3o \u2013 onde funcionava a Brigada de Alter do Ch\u00e3o \u2013, s\u00e3o extremamente preocupantes do ponto de vista da democracia e configuram claramente medidas abusivas\u201d,&nbsp;<\/em>afirmou a ONG, em nota.<\/p>\n","protected":false},"excerpt":{"rendered":"<p>ONG protestava contra corte ilegal Acusa\u00e7\u00f5es consideradas fr\u00e1geis Os suspeitos foram soltos na 5\u00aa<\/p>\n","protected":false},"author":1,"featured_media":0,"comment_status":"closed","ping_status":"open","sticky":false,"template":"","format":"standard","meta":{"_exactmetrics_skip_tracking":false,"_exactmetrics_sitenote_active":false,"_exactmetrics_sitenote_note":"","_exactmetrics_sitenote_category":0,"jetpack_post_was_ever_published":false,"_jetpack_newsletter_access":"","_jetpack_dont_email_post_to_subs":false,"_jetpack_newsletter_tier_id":0,"_jetpack_memberships_contains_paywalled_content":false,"_jetpack_memberships_contains_paid_content":false,"footnotes":"","jetpack_publicize_message":"","jetpack_publicize_feature_enabled":true,"jetpack_social_post_already_shared":true,"jetpack_social_options":{"image_generator_settings":{"template":"highway","enabled":false},"version":2}},"categories":[1],"tags":[],"class_list":["post-25261","post","type-post","status-publish","format-standard","hentry","category-notas"],"jetpack_publicize_connections":[],"jetpack_sharing_enabled":true,"jetpack_featured_media_url":"","jetpack_shortlink":"https:\/\/wp.me\/p7wKYW-6zr","jetpack-related-posts":[],"_links":{"self":[{"href":"http:\/\/blogdalucianaoliveira.com.br\/blog\/wp-json\/wp\/v2\/posts\/25261","targetHints":{"allow":["GET"]}}],"collection":[{"href":"http:\/\/blogdalucianaoliveira.com.br\/blog\/wp-json\/wp\/v2\/posts"}],"about":[{"href":"http:\/\/blogdalucianaoliveira.com.br\/blog\/wp-json\/wp\/v2\/types\/post"}],"author":[{"embeddable":true,"href":"http:\/\/blogdalucianaoliveira.com.br\/blog\/wp-json\/wp\/v2\/users\/1"}],"replies":[{"embeddable":true,"href":"http:\/\/blogdalucianaoliveira.com.br\/blog\/wp-json\/wp\/v2\/comments?post=25261"}],"version-history":[{"count":1,"href":"http:\/\/blogdalucianaoliveira.com.br\/blog\/wp-json\/wp\/v2\/posts\/25261\/revisions"}],"predecessor-version":[{"id":25263,"href":"http:\/\/blogdalucianaoliveira.com.br\/blog\/wp-json\/wp\/v2\/posts\/25261\/revisions\/25263"}],"wp:attachment":[{"href":"http:\/\/blogdalucianaoliveira.com.br\/blog\/wp-json\/wp\/v2\/media?parent=25261"}],"wp:term":[{"taxonomy":"category","embeddable":true,"href":"http:\/\/blogdalucianaoliveira.com.br\/blog\/wp-json\/wp\/v2\/categories?post=25261"},{"taxonomy":"post_tag","embeddable":true,"href":"http:\/\/blogdalucianaoliveira.com.br\/blog\/wp-json\/wp\/v2\/tags?post=25261"}],"curies":[{"name":"wp","href":"https:\/\/api.w.org\/{rel}","templated":true}]}}