{"id":25264,"date":"2019-12-01T09:03:35","date_gmt":"2019-12-01T13:03:35","guid":{"rendered":"http:\/\/blogdalucianaoliveira.com.br\/blog\/?p=25264"},"modified":"2019-12-01T09:03:44","modified_gmt":"2019-12-01T13:03:44","slug":"black-friday-nas-lojas-americanas-tem-troca-de-socos-e-empurra-empurra","status":"publish","type":"post","link":"http:\/\/blogdalucianaoliveira.com.br\/blog\/2019\/12\/01\/black-friday-nas-lojas-americanas-tem-troca-de-socos-e-empurra-empurra\/","title":{"rendered":"Black Friday nas Lojas Americanas tem troca de socos e empurra-empurra"},"content":{"rendered":"\n<figure class=\"wp-block-image size-large\"><img data-recalc-dims=\"1\" loading=\"lazy\" decoding=\"async\" width=\"600\" height=\"400\" data-attachment-id=\"25265\" data-permalink=\"http:\/\/blogdalucianaoliveira.com.br\/blog\/2019\/12\/01\/black-friday-nas-lojas-americanas-tem-troca-de-socos-e-empurra-empurra\/c03832a5-589d-4656-86e0-e5b9e8a3d301\/\" data-orig-file=\"https:\/\/i0.wp.com\/blogdalucianaoliveira.com.br\/blog\/wp-content\/uploads\/2019\/12\/C03832A5-589D-4656-86E0-E5B9E8A3D301.jpeg?fit=600%2C400\" data-orig-size=\"600,400\" data-comments-opened=\"0\" data-image-meta=\"{&quot;aperture&quot;:&quot;0&quot;,&quot;credit&quot;:&quot;&quot;,&quot;camera&quot;:&quot;&quot;,&quot;caption&quot;:&quot;&quot;,&quot;created_timestamp&quot;:&quot;0&quot;,&quot;copyright&quot;:&quot;&quot;,&quot;focal_length&quot;:&quot;0&quot;,&quot;iso&quot;:&quot;0&quot;,&quot;shutter_speed&quot;:&quot;0&quot;,&quot;title&quot;:&quot;&quot;,&quot;orientation&quot;:&quot;0&quot;}\" data-image-title=\"C03832A5-589D-4656-86E0-E5B9E8A3D301\" data-image-description=\"\" data-image-caption=\"\" data-medium-file=\"https:\/\/i0.wp.com\/blogdalucianaoliveira.com.br\/blog\/wp-content\/uploads\/2019\/12\/C03832A5-589D-4656-86E0-E5B9E8A3D301.jpeg?fit=300%2C200\" data-large-file=\"https:\/\/i0.wp.com\/blogdalucianaoliveira.com.br\/blog\/wp-content\/uploads\/2019\/12\/C03832A5-589D-4656-86E0-E5B9E8A3D301.jpeg?fit=600%2C400\" src=\"https:\/\/i0.wp.com\/blogdalucianaoliveira.com.br\/blog\/wp-content\/uploads\/2019\/12\/C03832A5-589D-4656-86E0-E5B9E8A3D301.jpeg?resize=600%2C400\" alt=\"\" class=\"wp-image-25265\" srcset=\"https:\/\/i0.wp.com\/blogdalucianaoliveira.com.br\/blog\/wp-content\/uploads\/2019\/12\/C03832A5-589D-4656-86E0-E5B9E8A3D301.jpeg?w=600 600w, https:\/\/i0.wp.com\/blogdalucianaoliveira.com.br\/blog\/wp-content\/uploads\/2019\/12\/C03832A5-589D-4656-86E0-E5B9E8A3D301.jpeg?resize=300%2C200 300w, https:\/\/i0.wp.com\/blogdalucianaoliveira.com.br\/blog\/wp-content\/uploads\/2019\/12\/C03832A5-589D-4656-86E0-E5B9E8A3D301.jpeg?resize=450%2C300 450w\" sizes=\"auto, (max-width: 600px) 100vw, 600px\" \/><\/figure>\n\n\n\n<p>Pol\u00edcia Militar foi chamada para controlar a confus\u00e3o em shopping na Zona Sul; v\u00eddeos mostram objetos sendo arremessados e briga generalizada.<\/p>\n\n\n\n<!--more-->\n\n\n\n<p>na Veja <\/p>\n\n\n\n<p><br>A unidade do Shopping Interlagos da\u00a0<strong>Lojas Americanas<\/strong>\u00a0foi alvo de confus\u00e3o durante a\u00a0<strong>Black Friday<\/strong>, nesta sexta-feira (29). V\u00eddeos que circulam nas redes sociais mostram objetos espalhados pelo ch\u00e3o, brigas e at\u00e9 uma pequena \u201cfesta\u201d que se iniciou no local.<\/p>\n\n\n\n<p>Filas se formaram do lado de fora do estabelecimento. A unidade teria previs\u00e3o de abrir perto da meia-noite. Segundo clientes ouvidos pela&nbsp;<strong><em>Vejinha<\/em><\/strong>, no entanto, o endere\u00e7o acabou subindo as portas por volta das 23h, ap\u00f3s homens for\u00e7arem a entrada e uma porta de vidro ser quebrada.<\/p>\n\n\n\n<figure><iframe loading=\"lazy\" src=\"https:\/\/tpc.googlesyndication.com\/safeframe\/1-0-36\/html\/container.html?n=0\" height=\"1\" width=\"300\" allowfullscreen=\"\"><\/iframe><\/figure>\n\n\n\n<figure class=\"wp-block-image\"><img decoding=\"async\" src=\"https:\/\/www.instagram.com\/p\/B5b2ZTLAL-v\/media\/?size=l\" alt=\"\"\/><\/figure>\n\n\n\n<p>Afonso Henrique estava na fila para aproveitar os descontos com sua m\u00e3e e relembra os momentos de tens\u00e3o da madrugada desta sexta. Segundo o gar\u00e7om, a loja estava \u201cmuito lotada, n\u00e3o tinha como passar\u201d. Ele lembra que havia seguran\u00e7as no local, mas pelo grande n\u00famero de pessoas, n\u00e3o era poss\u00edvel conter a multid\u00e3o.<\/p>\n\n\n\n<figure class=\"wp-block-embed\"><div class=\"wp-block-embed__wrapper\">\nhttps:\/\/www.instagram.com\/foconojardimmiriam\/?utm_source=ig_embed&#038;ig_mid=AF705C3C-C1BC-43A3-A08A-458122E8DD99\n<\/div><\/figure>\n\n\n\n<p>Uma briga generalizada ocorreu nas filas que levavam ao caixa. De acordo com Henrique, a confus\u00e3o come\u00e7ou por desaven\u00e7as entre clientes, quando jovens tentavam furar a fila. Alguns rapazes passaram a \u201cjogar BIS (chocolate) e Rexona (desodorante) nas pessoas\u201d, relembra ele, que \u00e9 autor do v\u00eddeo que mostra o momento em que a confus\u00e3o come\u00e7a.<\/p>\n\n\n\n<p>A Pol\u00edcia Militar recebeu tr\u00eas chamados naquela noite para o endere\u00e7o. Foram encaminhadas pelo menos tr\u00eas viaturas para a ocorr\u00eancia.<\/p>\n\n\n\n<p>Procurada, a rede afirmou que \u201ca Black Friday \u00e9 um evento de grande fluxo em todo o varejo<em>\u201c.&nbsp;<\/em>Disse tamb\u00e9m que a<em>&nbsp;\u201c<\/em>Lojas Americanas atua de forma s\u00e9ria para promover um ambiente saud\u00e1vel de compras e conta com a colabora\u00e7\u00e3o de seus funcion\u00e1rios e clientes para que todos possam aproveitar as ofertas de forma pac\u00edfica<em>\u201c.&nbsp;<\/em>Sobre a briga, explicou que<em>&nbsp;\u201c<\/em>a companhia est\u00e1 apurando os impactos do ocorrido na loja em quest\u00e3o<em>\u201c.<\/em><\/p>\n","protected":false},"excerpt":{"rendered":"<p>Pol\u00edcia Militar foi chamada para controlar a confus\u00e3o em shopping na Zona Sul; v\u00eddeos mostram objetos sendo arremessados e briga generalizada.<\/p>\n","protected":false},"author":1,"featured_media":0,"comment_status":"closed","ping_status":"open","sticky":false,"template":"","format":"standard","meta":{"_exactmetrics_skip_tracking":false,"_exactmetrics_sitenote_active":false,"_exactmetrics_sitenote_note":"","_exactmetrics_sitenote_category":0,"jetpack_post_was_ever_published":false,"_jetpack_newsletter_access":"","_jetpack_dont_email_post_to_subs":false,"_jetpack_newsletter_tier_id":0,"_jetpack_memberships_contains_paywalled_content":false,"_jetpack_memberships_contains_paid_content":false,"footnotes":"","jetpack_publicize_message":"","jetpack_publicize_feature_enabled":true,"jetpack_social_post_already_shared":true,"jetpack_social_options":{"image_generator_settings":{"template":"highway","enabled":false},"version":2}},"categories":[1],"tags":[],"class_list":["post-25264","post","type-post","status-publish","format-standard","hentry","category-notas"],"jetpack_publicize_connections":[],"jetpack_sharing_enabled":true,"jetpack_featured_media_url":"","jetpack_shortlink":"https:\/\/wp.me\/p7wKYW-6zu","jetpack-related-posts":[],"_links":{"self":[{"href":"http:\/\/blogdalucianaoliveira.com.br\/blog\/wp-json\/wp\/v2\/posts\/25264","targetHints":{"allow":["GET"]}}],"collection":[{"href":"http:\/\/blogdalucianaoliveira.com.br\/blog\/wp-json\/wp\/v2\/posts"}],"about":[{"href":"http:\/\/blogdalucianaoliveira.com.br\/blog\/wp-json\/wp\/v2\/types\/post"}],"author":[{"embeddable":true,"href":"http:\/\/blogdalucianaoliveira.com.br\/blog\/wp-json\/wp\/v2\/users\/1"}],"replies":[{"embeddable":true,"href":"http:\/\/blogdalucianaoliveira.com.br\/blog\/wp-json\/wp\/v2\/comments?post=25264"}],"version-history":[{"count":1,"href":"http:\/\/blogdalucianaoliveira.com.br\/blog\/wp-json\/wp\/v2\/posts\/25264\/revisions"}],"predecessor-version":[{"id":25266,"href":"http:\/\/blogdalucianaoliveira.com.br\/blog\/wp-json\/wp\/v2\/posts\/25264\/revisions\/25266"}],"wp:attachment":[{"href":"http:\/\/blogdalucianaoliveira.com.br\/blog\/wp-json\/wp\/v2\/media?parent=25264"}],"wp:term":[{"taxonomy":"category","embeddable":true,"href":"http:\/\/blogdalucianaoliveira.com.br\/blog\/wp-json\/wp\/v2\/categories?post=25264"},{"taxonomy":"post_tag","embeddable":true,"href":"http:\/\/blogdalucianaoliveira.com.br\/blog\/wp-json\/wp\/v2\/tags?post=25264"}],"curies":[{"name":"wp","href":"https:\/\/api.w.org\/{rel}","templated":true}]}}