{"id":25267,"date":"2019-12-01T21:18:14","date_gmt":"2019-12-02T01:18:14","guid":{"rendered":"http:\/\/blogdalucianaoliveira.com.br\/blog\/?p=25267"},"modified":"2019-12-01T21:19:02","modified_gmt":"2019-12-02T01:19:02","slug":"pm-encurralou-multidao-em-vielas-onde-houve-pisoteamento-indicam-relatos-e-videos","status":"publish","type":"post","link":"http:\/\/blogdalucianaoliveira.com.br\/blog\/2019\/12\/01\/pm-encurralou-multidao-em-vielas-onde-houve-pisoteamento-indicam-relatos-e-videos\/","title":{"rendered":"PM encurralou multid\u00e3o em vielas onde houve pisoteamento, indicam relatos e v\u00eddeos"},"content":{"rendered":"\n<figure class=\"wp-block-image size-large\"><img data-recalc-dims=\"1\" loading=\"lazy\" decoding=\"async\" width=\"320\" height=\"213\" data-attachment-id=\"25268\" data-permalink=\"http:\/\/blogdalucianaoliveira.com.br\/blog\/2019\/12\/01\/pm-encurralou-multidao-em-vielas-onde-houve-pisoteamento-indicam-relatos-e-videos\/image-2-2\/\" data-orig-file=\"https:\/\/i0.wp.com\/blogdalucianaoliveira.com.br\/blog\/wp-content\/uploads\/2019\/12\/image-2.jpeg?fit=320%2C213\" data-orig-size=\"320,213\" data-comments-opened=\"0\" data-image-meta=\"{&quot;aperture&quot;:&quot;0&quot;,&quot;credit&quot;:&quot;&quot;,&quot;camera&quot;:&quot;&quot;,&quot;caption&quot;:&quot;&quot;,&quot;created_timestamp&quot;:&quot;0&quot;,&quot;copyright&quot;:&quot;&quot;,&quot;focal_length&quot;:&quot;0&quot;,&quot;iso&quot;:&quot;0&quot;,&quot;shutter_speed&quot;:&quot;0&quot;,&quot;title&quot;:&quot;&quot;,&quot;orientation&quot;:&quot;0&quot;}\" data-image-title=\"image-2\" data-image-description=\"\" data-image-caption=\"\" data-medium-file=\"https:\/\/i0.wp.com\/blogdalucianaoliveira.com.br\/blog\/wp-content\/uploads\/2019\/12\/image-2.jpeg?fit=300%2C200\" data-large-file=\"https:\/\/i0.wp.com\/blogdalucianaoliveira.com.br\/blog\/wp-content\/uploads\/2019\/12\/image-2.jpeg?fit=320%2C213\" src=\"https:\/\/i0.wp.com\/blogdalucianaoliveira.com.br\/blog\/wp-content\/uploads\/2019\/12\/image-2.jpeg?resize=320%2C213\" alt=\"\" class=\"wp-image-25268\" srcset=\"https:\/\/i0.wp.com\/blogdalucianaoliveira.com.br\/blog\/wp-content\/uploads\/2019\/12\/image-2.jpeg?w=320 320w, https:\/\/i0.wp.com\/blogdalucianaoliveira.com.br\/blog\/wp-content\/uploads\/2019\/12\/image-2.jpeg?resize=300%2C200 300w\" sizes=\"auto, (max-width: 320px) 100vw, 320px\" \/><\/figure>\n\n\n\n<p>Imagens mostram pessoas sendo perseguidas e apanhando de cassetete em ruas estreitas.<\/p>\n\n\n\n<!--more-->\n\n\n\n<p>Na FSP<\/p>\n\n\n\n<p><strong>Artur Rodrigues<\/strong><\/p>\n\n\n\n<p><strong><a href=\"https:\/\/www1.folha.uol.com.br\/autores\/adriano-vizoni.shtml\">Adriano Vizoni<\/a><\/strong><\/p>\n\n\n\n<p>Relatos de moradores e dezenas de v\u00eddeos analisados pela reportagem indicam que a a\u00e7\u00e3o policial dirigiu uma multid\u00e3o de jovens para vielas em a\u00e7\u00e3o policial em baile funk na favela de Parais\u00f3polis.&nbsp;<\/p>\n\n\n\n<p>O epis\u00f3dio na madrugada deste domingo (1)&nbsp;<a href=\"https:\/\/www1.folha.uol.com.br\/cotidiano\/2019\/12\/oito-pessoas-morrem-pisoteadas-em-baile-funk-de-paraisopolis-diz-policia.shtml\">terminou com&nbsp;ao menos nove mortos e sete feridos por pisoteamento.&nbsp;<\/a><\/p>\n\n\n\n<p>A a\u00e7\u00e3o aconteceu na rua Ernest Renan, onde acontece o maior pancad\u00e3o da cidade, conhecido Baile da 17, que aglomerava mais de 5.000&nbsp;pessoas.&nbsp;<br><\/p>\n\n\n\n<p>Dono de um bar no fluxo do baile funk, Anderson Figueiredo, 34, diz que os policiais chegaram atirando bombas de g\u00e1s e balas de borracha. Ele nega que tenha havido persegui\u00e7\u00e3o a bandidos.&nbsp;<\/p>\n\n\n\n<p>Segundo ele, ambos os lados da rua foram cercados pelos agentes, que atiravam e batiam em quem se aproximasse. A multid\u00e3o ent\u00e3o s\u00f3 conseguiria dispersar por suas vielas de menos 2 metros de largura, cheias de escadas, o fez com que muitos trope\u00e7assem.<\/p>\n\n\n\n<p>&#8220;Eu coloquei v\u00e1rias pessoas para dentro do meu bar, mas n\u00e3o cabia mais gente uma hora&#8221;, diz.<\/p>\n\n\n\n<p>V\u00eddeos gravados pelos moradores dos altos das casas mostram a chegada dos policiais atirando muni\u00e7\u00e3o n\u00e3o letal. Outras imagens mostram que as pessoas foram perseguidas&nbsp;nas vielas, onde apanhavam com cassetete.&nbsp;<\/p>\n\n\n\n<figure><iframe src=\"https:\/\/player.mais.uol.com.br\/?mediaId=16730448&amp;onDemand=true\" allowfullscreen=\"\"><\/iframe><\/figure>\n\n\n\n<p>Rafael dos Santos, 29, vendia cachorro quente na festa quando foi atingido por uma bala de borracha. &#8220;Chegaram dando tiro, jogando bomba. Meu carrinho chegou a cair no ch\u00e3o e as pessoas me ajudaram&#8221;, disse. &#8220;Esse baile ajuda muita gente aqui, movimenta o com\u00e9rcio e paga os alugu\u00e9is&#8221;.<\/p>\n\n\n\n<p>Moradores da favela afirmaram que, ao ver feridos, foram proibidos de socorrer as v\u00edtimas&nbsp;\u2014que foram levadas para uma unidade de sa\u00fade na favela, onde v\u00eddeos mostram a tentativa de reanima\u00e7\u00e3o.<\/p>\n\n\n\n<p>Gr\u00e1vida de 18 semanas, J.L., 29, mora em frente ao baile e acordou com a fuma\u00e7a das bombas dentro de casa. &#8220;Meu corredor ficou todo branco. Eu e meus filhos passamos muito mal por isso&#8221;, disse.<\/p>\n\n\n\n<p>Na manh\u00e3 seguinte ao epis\u00f3dio, moradores pintaram frases de protesto no asfalto. Em frente \u00e0 viela onde houve pisoteamento pintaram as palavras &#8220;Justi\u00e7a e &#8221; luto&#8221;. Em outro ponto, escreveram: &#8220;a favela chora&#8221;.&nbsp;<\/p>\n\n\n\n<figure><iframe src=\"https:\/\/player.mais.uol.com.br\/?mediaId=16730495&amp;onDemand=true\" allowfullscreen=\"\"><\/iframe><\/figure>\n\n\n\n<p>Moradores da favela afirmam que a situa\u00e7\u00e3o em Parais\u00f3polis \u00e9 dif\u00edcil ap\u00f3s um policial ser morto h\u00e1 um m\u00eas. Na ocasi\u00e3o, o&nbsp; sargento Ronaldo Ruas Silva, de 52 anos, da For\u00e7a T\u00e1tica,&nbsp;foi baleado ap\u00f3s uma abordagem a suspeitos com troca de tiros.&nbsp;<\/p>\n\n\n\n<p>Desde ent\u00e3o, os moradores relatam trucul\u00eancia dirigida de forma geral \u00e0 comunidade.&nbsp;<\/p>\n\n\n\n<p>Uma das moradoras mais antigas de Parais\u00f3polis, Zita Oliveira, 62, diz que a popula\u00e7\u00e3o quer paz. Ela pretende fazer um protesto contra o ocorrido.&nbsp;<\/p>\n\n\n\n<p>&#8220;Como ficam as m\u00e3es dos que morreram?&nbsp;Eles [policiais] n\u00e3o tem consci\u00eancia do que eles fazem?&nbsp;A gente s\u00f3 quer paz&#8221;,&nbsp; afirmou.&nbsp;<\/p>\n","protected":false},"excerpt":{"rendered":"<p>Imagens mostram pessoas sendo perseguidas e apanhando de cassetete em ruas estreitas.<\/p>\n","protected":false},"author":1,"featured_media":0,"comment_status":"closed","ping_status":"open","sticky":false,"template":"","format":"standard","meta":{"_exactmetrics_skip_tracking":false,"_exactmetrics_sitenote_active":false,"_exactmetrics_sitenote_note":"","_exactmetrics_sitenote_category":0,"jetpack_post_was_ever_published":false,"_jetpack_newsletter_access":"","_jetpack_dont_email_post_to_subs":false,"_jetpack_newsletter_tier_id":0,"_jetpack_memberships_contains_paywalled_content":false,"_jetpack_memberships_contains_paid_content":false,"footnotes":"","jetpack_publicize_message":"","jetpack_publicize_feature_enabled":true,"jetpack_social_post_already_shared":true,"jetpack_social_options":{"image_generator_settings":{"template":"highway","enabled":false},"version":2}},"categories":[1],"tags":[],"class_list":["post-25267","post","type-post","status-publish","format-standard","hentry","category-notas"],"jetpack_publicize_connections":[],"jetpack_sharing_enabled":true,"jetpack_featured_media_url":"","jetpack_shortlink":"https:\/\/wp.me\/p7wKYW-6zx","jetpack-related-posts":[],"_links":{"self":[{"href":"http:\/\/blogdalucianaoliveira.com.br\/blog\/wp-json\/wp\/v2\/posts\/25267","targetHints":{"allow":["GET"]}}],"collection":[{"href":"http:\/\/blogdalucianaoliveira.com.br\/blog\/wp-json\/wp\/v2\/posts"}],"about":[{"href":"http:\/\/blogdalucianaoliveira.com.br\/blog\/wp-json\/wp\/v2\/types\/post"}],"author":[{"embeddable":true,"href":"http:\/\/blogdalucianaoliveira.com.br\/blog\/wp-json\/wp\/v2\/users\/1"}],"replies":[{"embeddable":true,"href":"http:\/\/blogdalucianaoliveira.com.br\/blog\/wp-json\/wp\/v2\/comments?post=25267"}],"version-history":[{"count":2,"href":"http:\/\/blogdalucianaoliveira.com.br\/blog\/wp-json\/wp\/v2\/posts\/25267\/revisions"}],"predecessor-version":[{"id":25270,"href":"http:\/\/blogdalucianaoliveira.com.br\/blog\/wp-json\/wp\/v2\/posts\/25267\/revisions\/25270"}],"wp:attachment":[{"href":"http:\/\/blogdalucianaoliveira.com.br\/blog\/wp-json\/wp\/v2\/media?parent=25267"}],"wp:term":[{"taxonomy":"category","embeddable":true,"href":"http:\/\/blogdalucianaoliveira.com.br\/blog\/wp-json\/wp\/v2\/categories?post=25267"},{"taxonomy":"post_tag","embeddable":true,"href":"http:\/\/blogdalucianaoliveira.com.br\/blog\/wp-json\/wp\/v2\/tags?post=25267"}],"curies":[{"name":"wp","href":"https:\/\/api.w.org\/{rel}","templated":true}]}}