{"id":25271,"date":"2019-12-01T21:21:50","date_gmt":"2019-12-02T01:21:50","guid":{"rendered":"http:\/\/blogdalucianaoliveira.com.br\/blog\/?p=25271"},"modified":"2019-12-01T21:21:50","modified_gmt":"2019-12-02T01:21:50","slug":"com-gritos-assassinos-moradores-de-paraisopolis-protestam-contra-emboscada-da-pm-em-baile-funk","status":"publish","type":"post","link":"http:\/\/blogdalucianaoliveira.com.br\/blog\/2019\/12\/01\/com-gritos-assassinos-moradores-de-paraisopolis-protestam-contra-emboscada-da-pm-em-baile-funk\/","title":{"rendered":"Com gritos &#8216;assassinos&#8217;, moradores de Parais\u00f3polis protestam contra &#8220;emboscada da PM&#8221; em baile funk"},"content":{"rendered":"\n<figure class=\"wp-block-image size-large\"><img data-recalc-dims=\"1\" loading=\"lazy\" decoding=\"async\" width=\"500\" height=\"240\" data-attachment-id=\"25272\" data-permalink=\"http:\/\/blogdalucianaoliveira.com.br\/blog\/2019\/12\/01\/com-gritos-assassinos-moradores-de-paraisopolis-protestam-contra-emboscada-da-pm-em-baile-funk\/image-3-2\/\" data-orig-file=\"https:\/\/i0.wp.com\/blogdalucianaoliveira.com.br\/blog\/wp-content\/uploads\/2019\/12\/image-3.jpeg?fit=500%2C240\" data-orig-size=\"500,240\" data-comments-opened=\"0\" data-image-meta=\"{&quot;aperture&quot;:&quot;0&quot;,&quot;credit&quot;:&quot;&quot;,&quot;camera&quot;:&quot;&quot;,&quot;caption&quot;:&quot;&quot;,&quot;created_timestamp&quot;:&quot;0&quot;,&quot;copyright&quot;:&quot;&quot;,&quot;focal_length&quot;:&quot;0&quot;,&quot;iso&quot;:&quot;0&quot;,&quot;shutter_speed&quot;:&quot;0&quot;,&quot;title&quot;:&quot;&quot;,&quot;orientation&quot;:&quot;0&quot;}\" data-image-title=\"image-3\" data-image-description=\"\" data-image-caption=\"\" data-medium-file=\"https:\/\/i0.wp.com\/blogdalucianaoliveira.com.br\/blog\/wp-content\/uploads\/2019\/12\/image-3.jpeg?fit=300%2C144\" data-large-file=\"https:\/\/i0.wp.com\/blogdalucianaoliveira.com.br\/blog\/wp-content\/uploads\/2019\/12\/image-3.jpeg?fit=500%2C240\" src=\"https:\/\/i0.wp.com\/blogdalucianaoliveira.com.br\/blog\/wp-content\/uploads\/2019\/12\/image-3.jpeg?resize=500%2C240\" alt=\"\" class=\"wp-image-25272\" srcset=\"https:\/\/i0.wp.com\/blogdalucianaoliveira.com.br\/blog\/wp-content\/uploads\/2019\/12\/image-3.jpeg?w=500 500w, https:\/\/i0.wp.com\/blogdalucianaoliveira.com.br\/blog\/wp-content\/uploads\/2019\/12\/image-3.jpeg?resize=300%2C144 300w\" sizes=\"auto, (max-width: 500px) 100vw, 500px\" \/><\/figure>\n\n\n\n<p><strong>247 &#8211;<\/strong>&nbsp;Centenas e moradores da comunidade de Parais\u00f3polis, zona sul de S\u00e3o Paulo, protestaram pacificamente neste domingo, 1, contra a atua\u00e7\u00e3o da Pol\u00edcia Militar em um baile funk da comunidade que resultou na morte de&nbsp;<a href=\"https:\/\/www.brasil247.com\/regionais\/sudeste\/pt-e-psol-cobram-apuracao-sobre-acao-da-pm-que-deixou-nove-mortos-em-paraisopolis\">nove pessoas pisoteadas<\/a>.&nbsp;<\/p>\n\n\n\n<!--more-->\n\n\n\n<p>Durante a manifesta\u00e7\u00e3o, os moradores cantaram um trecho de um funk cl\u00e1ssico. &#8220;Eu s\u00f3 quero \u00e9 ser feliz, andar tranquilamente na favela onde eu nasci&#8221;, entoaram. Em parte do trajeto, encontraram com policiais e o clima ficou mais tenso. &#8220;Assassinos, assassinos&#8221;, gritavam. No entanto, n\u00e3o houve conflito.<\/p>\n\n\n\n<p>\u00c0&nbsp;<a href=\"https:\/\/www1.folha.uol.com.br\/cotidiano\/2019\/12\/com-funk-e-gritos-de-assassinos-moradores-de-paraisopolis-protestam-contra-pm.shtml?utm_source=twitter&amp;utm_medium=social&amp;utm_campaign=twfolha\">Folha de S. Paulo<\/a>, uma das moradoras mais antigas de Parais\u00f3polis, Zita Oliveira, 62, diz que a popula\u00e7\u00e3o quer paz. Ela pretende fazer um protesto contra o ocorrido. &#8220;Como ficam as m\u00e3es dos que morreram? Eles [policiais] n\u00e3o tem consci\u00eancia do que eles fazem? A gente s\u00f3 quer paz&#8221;, &nbsp;afirmou.&nbsp;<\/p>\n\n\n\n<p>Assista a v\u00eddeo do Jornalistas Livres sobre a manifesta\u00e7\u00e3o em Parais\u00f3polis:<\/p>\n\n\n\n<figure><iframe loading=\"lazy\" src=\"https:\/\/www.facebook.com\/plugins\/video.php?href=https%3A%2F%2Fwww.facebook.com%2Fjornalistaslivres%2Fvideos%2F2635269959897552%2F&amp;show_text=0&amp;width=560\" width=\"560\" height=\"315\" allowfullscreen=\"true\"><\/iframe><\/figure>\n\n\n\n<p><\/p>\n\n\n\n<p><\/p>\n","protected":false},"excerpt":{"rendered":"<p>247 &#8211;&nbsp;Centenas e moradores da comunidade de Parais\u00f3polis, zona sul de S\u00e3o Paulo, protestaram pacificamente neste domingo, 1, contra a atua\u00e7\u00e3o da Pol\u00edcia Militar em um baile funk da comunidade que resultou na morte de&nbsp;nove pessoas pisoteadas.&nbsp;<\/p>\n","protected":false},"author":1,"featured_media":0,"comment_status":"closed","ping_status":"open","sticky":false,"template":"","format":"standard","meta":{"_exactmetrics_skip_tracking":false,"_exactmetrics_sitenote_active":false,"_exactmetrics_sitenote_note":"","_exactmetrics_sitenote_category":0,"jetpack_post_was_ever_published":false,"_jetpack_newsletter_access":"","_jetpack_dont_email_post_to_subs":false,"_jetpack_newsletter_tier_id":0,"_jetpack_memberships_contains_paywalled_content":false,"_jetpack_memberships_contains_paid_content":false,"footnotes":"","jetpack_publicize_message":"","jetpack_publicize_feature_enabled":true,"jetpack_social_post_already_shared":true,"jetpack_social_options":{"image_generator_settings":{"template":"highway","enabled":false},"version":2}},"categories":[1],"tags":[],"class_list":["post-25271","post","type-post","status-publish","format-standard","hentry","category-notas"],"jetpack_publicize_connections":[],"jetpack_sharing_enabled":true,"jetpack_featured_media_url":"","jetpack_shortlink":"https:\/\/wp.me\/p7wKYW-6zB","jetpack-related-posts":[],"_links":{"self":[{"href":"http:\/\/blogdalucianaoliveira.com.br\/blog\/wp-json\/wp\/v2\/posts\/25271","targetHints":{"allow":["GET"]}}],"collection":[{"href":"http:\/\/blogdalucianaoliveira.com.br\/blog\/wp-json\/wp\/v2\/posts"}],"about":[{"href":"http:\/\/blogdalucianaoliveira.com.br\/blog\/wp-json\/wp\/v2\/types\/post"}],"author":[{"embeddable":true,"href":"http:\/\/blogdalucianaoliveira.com.br\/blog\/wp-json\/wp\/v2\/users\/1"}],"replies":[{"embeddable":true,"href":"http:\/\/blogdalucianaoliveira.com.br\/blog\/wp-json\/wp\/v2\/comments?post=25271"}],"version-history":[{"count":1,"href":"http:\/\/blogdalucianaoliveira.com.br\/blog\/wp-json\/wp\/v2\/posts\/25271\/revisions"}],"predecessor-version":[{"id":25273,"href":"http:\/\/blogdalucianaoliveira.com.br\/blog\/wp-json\/wp\/v2\/posts\/25271\/revisions\/25273"}],"wp:attachment":[{"href":"http:\/\/blogdalucianaoliveira.com.br\/blog\/wp-json\/wp\/v2\/media?parent=25271"}],"wp:term":[{"taxonomy":"category","embeddable":true,"href":"http:\/\/blogdalucianaoliveira.com.br\/blog\/wp-json\/wp\/v2\/categories?post=25271"},{"taxonomy":"post_tag","embeddable":true,"href":"http:\/\/blogdalucianaoliveira.com.br\/blog\/wp-json\/wp\/v2\/tags?post=25271"}],"curies":[{"name":"wp","href":"https:\/\/api.w.org\/{rel}","templated":true}]}}