{"id":25274,"date":"2019-12-02T08:20:08","date_gmt":"2019-12-02T12:20:08","guid":{"rendered":"http:\/\/blogdalucianaoliveira.com.br\/blog\/?p=25274"},"modified":"2019-12-02T08:20:20","modified_gmt":"2019-12-02T12:20:20","slug":"acao-da-pm-durante-baile-funk-em-paraisopolis-foi-criminosa-diz-advogado-de-direitos-humanos","status":"publish","type":"post","link":"http:\/\/blogdalucianaoliveira.com.br\/blog\/2019\/12\/02\/acao-da-pm-durante-baile-funk-em-paraisopolis-foi-criminosa-diz-advogado-de-direitos-humanos\/","title":{"rendered":"A\u00e7\u00e3o da PM durante baile funk em Parais\u00f3polis foi criminosa, diz advogado de direitos humanos"},"content":{"rendered":"\n<figure class=\"wp-block-image size-large\"><img data-recalc-dims=\"1\" loading=\"lazy\" decoding=\"async\" width=\"500\" height=\"240\" data-attachment-id=\"25275\" data-permalink=\"http:\/\/blogdalucianaoliveira.com.br\/blog\/2019\/12\/02\/acao-da-pm-durante-baile-funk-em-paraisopolis-foi-criminosa-diz-advogado-de-direitos-humanos\/image-4-2\/\" data-orig-file=\"https:\/\/i0.wp.com\/blogdalucianaoliveira.com.br\/blog\/wp-content\/uploads\/2019\/12\/image-4.jpeg?fit=500%2C240\" data-orig-size=\"500,240\" data-comments-opened=\"0\" data-image-meta=\"{&quot;aperture&quot;:&quot;0&quot;,&quot;credit&quot;:&quot;&quot;,&quot;camera&quot;:&quot;&quot;,&quot;caption&quot;:&quot;&quot;,&quot;created_timestamp&quot;:&quot;0&quot;,&quot;copyright&quot;:&quot;&quot;,&quot;focal_length&quot;:&quot;0&quot;,&quot;iso&quot;:&quot;0&quot;,&quot;shutter_speed&quot;:&quot;0&quot;,&quot;title&quot;:&quot;&quot;,&quot;orientation&quot;:&quot;0&quot;}\" data-image-title=\"image-4\" data-image-description=\"\" data-image-caption=\"\" data-medium-file=\"https:\/\/i0.wp.com\/blogdalucianaoliveira.com.br\/blog\/wp-content\/uploads\/2019\/12\/image-4.jpeg?fit=300%2C144\" data-large-file=\"https:\/\/i0.wp.com\/blogdalucianaoliveira.com.br\/blog\/wp-content\/uploads\/2019\/12\/image-4.jpeg?fit=500%2C240\" src=\"https:\/\/i0.wp.com\/blogdalucianaoliveira.com.br\/blog\/wp-content\/uploads\/2019\/12\/image-4.jpeg?resize=500%2C240\" alt=\"\" class=\"wp-image-25275\" srcset=\"https:\/\/i0.wp.com\/blogdalucianaoliveira.com.br\/blog\/wp-content\/uploads\/2019\/12\/image-4.jpeg?w=500 500w, https:\/\/i0.wp.com\/blogdalucianaoliveira.com.br\/blog\/wp-content\/uploads\/2019\/12\/image-4.jpeg?resize=300%2C144 300w\" sizes=\"auto, (max-width: 500px) 100vw, 500px\" \/><\/figure>\n\n\n\n<p><strong>247 &#8211;&nbsp;<\/strong>A a\u00e7\u00e3o da Pol\u00edcia Militar durante um baile funk em Parais\u00f3polis, periferia da zona sul de S\u00e3o Paulo, provocando a morte de nove adolescentes pisoteados, foi criminosa e os agentes deveriam estar afastados e presos. A opini\u00e3o \u00e9 do advogado Ariel de Castro Alves, conselheiro do Condepe (Conselho Estadual de Direitos Humanos).<\/p>\n\n\n\n<!--more-->\n\n\n\n<p>Vinculado \u00e0 Secretaria da Justi\u00e7a e Cidadania do governo, o \u00f3rg\u00e3o tem como fun\u00e7\u00e3o apurar, denunciar e acompanhar investiga\u00e7\u00f5es que ferem os direitos humanos no Estado de S\u00e3o Paulo.<\/p>\n\n\n\n<p>&#8220;Ontem antes de ver os v\u00eddeos, considerava a a\u00e7\u00e3o da pol\u00edcia desastrosa, porque gerou tumultos e mortes em nome de uma suposta persegui\u00e7\u00e3o policial. Mas ap\u00f3s ver esses v\u00eddeos, considero a a\u00e7\u00e3o dos PMs criminosa&#8221;, disse o advogado, em refer\u00eancia a v\u00eddeos feitos em celulares e divulgados pelos moradores da comunidade.<\/p>\n\n\n\n<p>&#8220;Os v\u00eddeos mostram torturas, abusos de autoridade, agress\u00f5es e que os jovens foram encurralados pelos policiais. Demonstram que os PMs s\u00e3o os principais respons\u00e1veis pela trag\u00e9dia&#8221;, acrescentou. E a persegui\u00e7\u00e3o policial alegada pelos PMs para entrarem no baile na comunidade pode ser apenas um \u00e1libi, uma tentativa de justificar a a\u00e7\u00e3o. Eles sequer comprovam a citada persegui\u00e7\u00e3o policial&#8221;, disse ainda o advogado.<\/p>\n\n\n\n<p>Para ele, &#8220;ainda que tivesse persegui\u00e7\u00e3o, esse tipo de a\u00e7\u00e3o violenta para dispersar um grande n\u00famero adolescentes e jovens em vielas e becos s\u00f3 podia resultar em trag\u00e9dia. Esses PMs deveriam estar afastados e presos&#8221;.<\/p>\n\n\n\n<p>Na&nbsp;<a href=\"https:\/\/www.brasil247.com\/regionais\/sudeste\/com-gritos-assassinos-moradores-de-paraisopolis-protestam-contra-emboscada-da-pm-em-baile-funk\">noite deste domingo 1<\/a>, um dia depois do massacre, moradores de Parais\u00f3polis protestaram contra a viol\u00eancia e pediram o fim da Pol\u00edcia Militar.<\/p>\n\n\n\n<p>Segundo a Prefeitura de S\u00e3o Paulo, 12 pessoas foram hospitalizadas. A Pol\u00edcia Civil come\u00e7a a ouvir testemunhas nesta segunda-feira 2.<\/p>\n","protected":false},"excerpt":{"rendered":"<p>247 &#8211;&nbsp;A a\u00e7\u00e3o da Pol\u00edcia Militar durante um baile funk em Parais\u00f3polis, periferia da zona sul de S\u00e3o Paulo, provocando a morte de nove adolescentes pisoteados, foi criminosa e os agentes deveriam estar afastados e presos. A opini\u00e3o \u00e9 do advogado Ariel de Castro Alves, conselheiro do Condepe (Conselho Estadual de Direitos Humanos).<\/p>\n","protected":false},"author":1,"featured_media":0,"comment_status":"closed","ping_status":"open","sticky":false,"template":"","format":"standard","meta":{"_exactmetrics_skip_tracking":false,"_exactmetrics_sitenote_active":false,"_exactmetrics_sitenote_note":"","_exactmetrics_sitenote_category":0,"jetpack_post_was_ever_published":false,"_jetpack_newsletter_access":"","_jetpack_dont_email_post_to_subs":false,"_jetpack_newsletter_tier_id":0,"_jetpack_memberships_contains_paywalled_content":false,"_jetpack_memberships_contains_paid_content":false,"footnotes":"","jetpack_publicize_message":"","jetpack_publicize_feature_enabled":true,"jetpack_social_post_already_shared":true,"jetpack_social_options":{"image_generator_settings":{"template":"highway","enabled":false},"version":2}},"categories":[1],"tags":[],"class_list":["post-25274","post","type-post","status-publish","format-standard","hentry","category-notas"],"jetpack_publicize_connections":[],"jetpack_sharing_enabled":true,"jetpack_featured_media_url":"","jetpack_shortlink":"https:\/\/wp.me\/p7wKYW-6zE","jetpack-related-posts":[],"_links":{"self":[{"href":"http:\/\/blogdalucianaoliveira.com.br\/blog\/wp-json\/wp\/v2\/posts\/25274","targetHints":{"allow":["GET"]}}],"collection":[{"href":"http:\/\/blogdalucianaoliveira.com.br\/blog\/wp-json\/wp\/v2\/posts"}],"about":[{"href":"http:\/\/blogdalucianaoliveira.com.br\/blog\/wp-json\/wp\/v2\/types\/post"}],"author":[{"embeddable":true,"href":"http:\/\/blogdalucianaoliveira.com.br\/blog\/wp-json\/wp\/v2\/users\/1"}],"replies":[{"embeddable":true,"href":"http:\/\/blogdalucianaoliveira.com.br\/blog\/wp-json\/wp\/v2\/comments?post=25274"}],"version-history":[{"count":1,"href":"http:\/\/blogdalucianaoliveira.com.br\/blog\/wp-json\/wp\/v2\/posts\/25274\/revisions"}],"predecessor-version":[{"id":25276,"href":"http:\/\/blogdalucianaoliveira.com.br\/blog\/wp-json\/wp\/v2\/posts\/25274\/revisions\/25276"}],"wp:attachment":[{"href":"http:\/\/blogdalucianaoliveira.com.br\/blog\/wp-json\/wp\/v2\/media?parent=25274"}],"wp:term":[{"taxonomy":"category","embeddable":true,"href":"http:\/\/blogdalucianaoliveira.com.br\/blog\/wp-json\/wp\/v2\/categories?post=25274"},{"taxonomy":"post_tag","embeddable":true,"href":"http:\/\/blogdalucianaoliveira.com.br\/blog\/wp-json\/wp\/v2\/tags?post=25274"}],"curies":[{"name":"wp","href":"https:\/\/api.w.org\/{rel}","templated":true}]}}