{"id":25277,"date":"2019-12-02T08:26:01","date_gmt":"2019-12-02T12:26:01","guid":{"rendered":"http:\/\/blogdalucianaoliveira.com.br\/blog\/?p=25277"},"modified":"2019-12-02T08:26:13","modified_gmt":"2019-12-02T12:26:13","slug":"trump-acusa-brasil-de-desvalorizar-real-e-impoe-tarifa-sobre-aco-e-aluminio","status":"publish","type":"post","link":"http:\/\/blogdalucianaoliveira.com.br\/blog\/2019\/12\/02\/trump-acusa-brasil-de-desvalorizar-real-e-impoe-tarifa-sobre-aco-e-aluminio\/","title":{"rendered":"Trump acusa Brasil de desvalorizar real e imp\u00f5e tarifa sobre a\u00e7o e alum\u00ednio"},"content":{"rendered":"\n<figure class=\"wp-block-image size-large\"><img data-recalc-dims=\"1\" loading=\"lazy\" decoding=\"async\" width=\"375\" height=\"210\" data-attachment-id=\"25278\" data-permalink=\"http:\/\/blogdalucianaoliveira.com.br\/blog\/2019\/12\/02\/trump-acusa-brasil-de-desvalorizar-real-e-impoe-tarifa-sobre-aco-e-aluminio\/image-5-2\/\" data-orig-file=\"https:\/\/i0.wp.com\/blogdalucianaoliveira.com.br\/blog\/wp-content\/uploads\/2019\/12\/image-5.jpeg?fit=375%2C210\" data-orig-size=\"375,210\" data-comments-opened=\"0\" data-image-meta=\"{&quot;aperture&quot;:&quot;0&quot;,&quot;credit&quot;:&quot;&quot;,&quot;camera&quot;:&quot;&quot;,&quot;caption&quot;:&quot;&quot;,&quot;created_timestamp&quot;:&quot;0&quot;,&quot;copyright&quot;:&quot;&quot;,&quot;focal_length&quot;:&quot;0&quot;,&quot;iso&quot;:&quot;0&quot;,&quot;shutter_speed&quot;:&quot;0&quot;,&quot;title&quot;:&quot;&quot;,&quot;orientation&quot;:&quot;0&quot;}\" data-image-title=\"image-5\" data-image-description=\"\" data-image-caption=\"\" data-medium-file=\"https:\/\/i0.wp.com\/blogdalucianaoliveira.com.br\/blog\/wp-content\/uploads\/2019\/12\/image-5.jpeg?fit=300%2C168\" data-large-file=\"https:\/\/i0.wp.com\/blogdalucianaoliveira.com.br\/blog\/wp-content\/uploads\/2019\/12\/image-5.jpeg?fit=375%2C210\" src=\"https:\/\/i0.wp.com\/blogdalucianaoliveira.com.br\/blog\/wp-content\/uploads\/2019\/12\/image-5.jpeg?resize=375%2C210\" alt=\"\" class=\"wp-image-25278\" srcset=\"https:\/\/i0.wp.com\/blogdalucianaoliveira.com.br\/blog\/wp-content\/uploads\/2019\/12\/image-5.jpeg?w=375 375w, https:\/\/i0.wp.com\/blogdalucianaoliveira.com.br\/blog\/wp-content\/uploads\/2019\/12\/image-5.jpeg?resize=300%2C168 300w\" sizes=\"auto, (max-width: 375px) 100vw, 375px\" \/><\/figure>\n\n\n\n<p>O presidente dos Estados Unidos, Donald Trump, anunciou na manh\u00e3 desta segunda-feira (2) que o pa\u00eds vai retomar as tarifas aplicadas ao a\u00e7o exportado pelo Brasil e pela Argentina. Ele atribuiu a decis\u00e3o \u00e0 desvaloriza\u00e7\u00e3o do real e do peso argentino em rela\u00e7\u00e3o ao d\u00f3lar.\u00a0<br><\/p>\n\n\n\n<p>na BBC <\/p>\n\n\n\n<!--more-->\n\n\n\n<p>&#8220;Brasil e Argentina est\u00e3o promovendo desvaloriza\u00e7\u00e3o em massa de suas moedas, algo ruim para os nossos fazendeiros. Portanto, tendo efeito imediato, vou restaurar as tarifas sobre a\u00e7o e alum\u00ednio que s\u00e3o importados aos Estados Unidos desses pa\u00edses&#8221;, escreveu o mandat\u00e1rio americano no Twitter.<\/p>\n\n\n\n<p>Trump tamb\u00e9m cobrou que o Banco Central dos Estados Unidos adote medidas para evitar que pa\u00edses &#8220;tirem vantagens de nosso d\u00f3lar forte&#8221;. &#8220;Isso torna as coisas muito dif\u00edceis para nossos fabricantes e fazendeiros exportarem seus bens&#8221;, afirmou o presidente americano.<\/p>\n\n\n\n<p>Os EUA s\u00e3o os maiores compradores do a\u00e7o produzido no Brasil, em um mercado que movimenta US$ 2,6 bilh\u00f5es (ou R$ 8,6 bilh\u00f5es).<\/p>\n\n\n\n<p>Em mar\u00e7o do ano passado, a possibilidade de uma eventual sobretaxa para o a\u00e7o e o alum\u00ednio exportados pelo Brasil gerou p\u00e2nico entre produtores brasileiros.<\/p>\n\n\n\n<p>\u00c0 \u00e9poca, em meio \u00e0 guerra comercial com a China, o presidente americano anunciou al\u00edquotas de 25% sobre o a\u00e7o e de 10% sobre o alum\u00ednio comprados pelos EUA de outros pa\u00edses, mas deixou de lado Brasil, Argentina, Austr\u00e1lia, Uni\u00e3o Europeia e Coreia do Sul.<\/p>\n\n\n\n<p>Atualmente, as taxas s\u00e3o de 0,9%, para o a\u00e7o e 2% para o alum\u00ednio.<\/p>\n\n\n\n<p>Em abril do ano passado, o presidente americano buscava meios de reduzir o d\u00e9ficit de sua balan\u00e7a comercial e deu in\u00edcio \u00e0 discuss\u00e3o, quando afirmou que a ind\u00fastria do a\u00e7o dos EUA teria sido &#8220;sitiada&#8221; durante d\u00e9cadas por concorrentes estrangeiros &#8220;que ganharam a vida tirando proveito&#8221; de leis de com\u00e9rcio desfavor\u00e1veis aos americanos.<\/p>\n\n\n\n<p>Segundo Trump, a concorr\u00eancia gerou demiss\u00f5es em massa e inundou os EUA com &#8220;a\u00e7o barato&#8221;.<\/p>\n\n\n\n<p>No caso da China, por exemplo, o l\u00edder americano afirmou que o desenvolvimento da ind\u00fastria exportadora se daria \u00e0 custa de empregos que poderiam ser criados nos EUA, por empresas americanas.<\/p>\n\n\n\n<p>Como resultado dessa ofensiva, Trump escreveu nesta segunda-feira que a sobretaxa adotada no ano passado, que mirava principalmente R\u00fassia, Turquia e Jap\u00e3o, levou a uma alta de 21% das Bolsas americanas.<\/p>\n\n\n\n<p>Por outro lado, para se diferenciar dos chineses, os brasileiros argumentam que a ind\u00fastria brasileira compra produtos americanos produzidos a partir do a\u00e7o exportado pelo Brasil, como carros, maquin\u00e1rio pesado e locomotivas, fazendo o dinheiro circular.<\/p>\n\n\n\n<p>Atualmente, os principais produtos da pauta de exporta\u00e7\u00f5es brasileira para o pa\u00eds s\u00e3o semimanufaturados de ferro e a\u00e7o, petr\u00f3leo, celulose e caf\u00e9. Juntos, esses produtos responderam por quase 30% dos embarques para os EUA em 2018, de acordo com os dados do Minist\u00e9rio da Economia referentes a 2018.<\/p>\n\n\n\n<figure class=\"wp-block-image\"><img data-recalc-dims=\"1\" decoding=\"async\" src=\"https:\/\/i0.wp.com\/ichef.bbci.co.uk\/news\/375\/cpsprodpb\/8C8C\/production\/_106108953_balancacomercial1db7e4bf-828f-43be-89ed-f502e0318c3c.png?w=600&#038;ssl=1\" alt=\"Balan\u00e7a comercial Brasil-EUA\"\/><\/figure>\n\n\n\n<p>Do total das exporta\u00e7\u00f5es, 6,8% foram avi\u00f5es, refletindo a atua\u00e7\u00e3o \u2014 e a import\u00e2ncia \u2014 da Embraer.<\/p>\n\n\n\n<p>Entre os produtos que brasileiros importam dos americanos, pouco mais de 26% s\u00e3o combust\u00edveis &#8211; \u00f3leo diesel e fuel-oil (18%), g\u00e1s propano liquefeito (3,2%), gasolina (2,9%) e etanol (2,6%), levando em considera\u00e7\u00e3o os dados fechados de 2018.<\/p>\n","protected":false},"excerpt":{"rendered":"<p>O presidente dos Estados Unidos, Donald Trump, anunciou na manh\u00e3 desta segunda-feira (2) que o pa\u00eds vai retomar as tarifas aplicadas ao a\u00e7o exportado pelo Brasil e pela Argentina. Ele atribuiu a decis\u00e3o \u00e0 desvaloriza\u00e7\u00e3o do real e do peso argentino em rela\u00e7\u00e3o ao d\u00f3lar.\u00a0 na BBC<\/p>\n","protected":false},"author":1,"featured_media":0,"comment_status":"closed","ping_status":"open","sticky":false,"template":"","format":"standard","meta":{"_exactmetrics_skip_tracking":false,"_exactmetrics_sitenote_active":false,"_exactmetrics_sitenote_note":"","_exactmetrics_sitenote_category":0,"jetpack_post_was_ever_published":false,"_jetpack_newsletter_access":"","_jetpack_dont_email_post_to_subs":false,"_jetpack_newsletter_tier_id":0,"_jetpack_memberships_contains_paywalled_content":false,"_jetpack_memberships_contains_paid_content":false,"footnotes":"","jetpack_publicize_message":"","jetpack_publicize_feature_enabled":true,"jetpack_social_post_already_shared":true,"jetpack_social_options":{"image_generator_settings":{"template":"highway","enabled":false},"version":2}},"categories":[1],"tags":[],"class_list":["post-25277","post","type-post","status-publish","format-standard","hentry","category-notas"],"jetpack_publicize_connections":[],"jetpack_sharing_enabled":true,"jetpack_featured_media_url":"","jetpack_shortlink":"https:\/\/wp.me\/p7wKYW-6zH","jetpack-related-posts":[],"_links":{"self":[{"href":"http:\/\/blogdalucianaoliveira.com.br\/blog\/wp-json\/wp\/v2\/posts\/25277","targetHints":{"allow":["GET"]}}],"collection":[{"href":"http:\/\/blogdalucianaoliveira.com.br\/blog\/wp-json\/wp\/v2\/posts"}],"about":[{"href":"http:\/\/blogdalucianaoliveira.com.br\/blog\/wp-json\/wp\/v2\/types\/post"}],"author":[{"embeddable":true,"href":"http:\/\/blogdalucianaoliveira.com.br\/blog\/wp-json\/wp\/v2\/users\/1"}],"replies":[{"embeddable":true,"href":"http:\/\/blogdalucianaoliveira.com.br\/blog\/wp-json\/wp\/v2\/comments?post=25277"}],"version-history":[{"count":1,"href":"http:\/\/blogdalucianaoliveira.com.br\/blog\/wp-json\/wp\/v2\/posts\/25277\/revisions"}],"predecessor-version":[{"id":25279,"href":"http:\/\/blogdalucianaoliveira.com.br\/blog\/wp-json\/wp\/v2\/posts\/25277\/revisions\/25279"}],"wp:attachment":[{"href":"http:\/\/blogdalucianaoliveira.com.br\/blog\/wp-json\/wp\/v2\/media?parent=25277"}],"wp:term":[{"taxonomy":"category","embeddable":true,"href":"http:\/\/blogdalucianaoliveira.com.br\/blog\/wp-json\/wp\/v2\/categories?post=25277"},{"taxonomy":"post_tag","embeddable":true,"href":"http:\/\/blogdalucianaoliveira.com.br\/blog\/wp-json\/wp\/v2\/tags?post=25277"}],"curies":[{"name":"wp","href":"https:\/\/api.w.org\/{rel}","templated":true}]}}