{"id":25282,"date":"2019-12-02T15:46:45","date_gmt":"2019-12-02T19:46:45","guid":{"rendered":"http:\/\/blogdalucianaoliveira.com.br\/blog\/?p=25282"},"modified":"2019-12-02T15:46:56","modified_gmt":"2019-12-02T19:46:56","slug":"na-mira-educacao-cultura-meio-ambiente-jovens-mulheres-e-negros","status":"publish","type":"post","link":"http:\/\/blogdalucianaoliveira.com.br\/blog\/2019\/12\/02\/na-mira-educacao-cultura-meio-ambiente-jovens-mulheres-e-negros\/","title":{"rendered":"Na mira: educa\u00e7\u00e3o, cultura, meio ambiente, jovens, mulheres e negros"},"content":{"rendered":"\n<figure class=\"wp-block-image\"><img data-recalc-dims=\"1\" decoding=\"async\" src=\"https:\/\/i0.wp.com\/publisher-publish.s3.eu-central-1.amazonaws.com\/pb-brasil247\/swp\/jtjeq9\/media\/20191202171220_60ef31f0-b55c-414c-9ec8-bc76f06ef6fa.jpeg?w=600&#038;ssl=1\" alt=\"\"\/><\/figure>\n\n\n\n<p><strong>Por Ricardo Kotscho, no&nbsp;<\/strong><a href=\"https:\/\/www.balaiodokotscho.com.br\/2019\/12\/02\/na-mira-do-neofascismo-educacao-cultura-meio-ambiente-jovens-mulheres-e-negros\/\"><strong>Balaio do Kotscho<\/strong><\/a><strong>&nbsp;e para o&nbsp;<\/strong><a href=\"https:\/\/www.catarse.me\/jornalistaspelademocracia\"><strong>Jornalistas pela Democracia<\/strong><\/a><strong>&nbsp;&#8211;&nbsp;<\/strong>Era um baile funk com 5 mil jovens dan\u00e7ando na favela de Parais\u00f3polis, uma das maiores de S\u00e3o Paulo.<\/p>\n\n\n\n<!--more-->\n\n\n\n<p>Na madrugada de s\u00e1bado para domingo, chegou a pol\u00edcia para fazer uma emboscada e transformar a festa em trag\u00e9dia.<\/p>\n\n\n\n<p>Jovens foram encurralados em vielas estreitas e trope\u00e7aram uns sobre os outros, enquanto os PMs jogavam granadas de efeito moral e davam tiros com balas de borracha.<\/p>\n\n\n\n<p>Nove morreram pisoteados e sete ficaram feridos.<\/p>\n\n\n\n<p>Este \u00e9 o mais perfeito e dram\u00e1tico retrato do Brasil do final de 2019, o ano em que o desgoverno bolsonariano desfechou um ataque sem precedentes contra a Educa\u00e7\u00e3o, a Cultura e o Meio Ambiente.<\/p>\n\n\n\n<p>Jovens, mulheres e negros s\u00e3o os alvos preferenciais das for\u00e7as de seguran\u00e7a, que ganharam licen\u00e7a para matar sem puni\u00e7\u00e3o, antes mesmo da aprova\u00e7\u00e3o da lei do \u201cexcludente de ilicitude\u201d.<br><\/p>\n\n\n\n<p>Doria, em S\u00e3o Paulo, e Witzel, no Rio, sob o alto comando federal de Bolsonaro e Moro, deram carta branca aos seus policiais, que nunca mataram tantos civis desarmados.<br><\/p>\n\n\n\n<p>Ao mesmo tempo em que Paulo Guedes promovia sua \u201cBrack friday\u201d particular para vender o Brasil na bacia das almas e acabar com os direitos dos trabalhadores, a Amaz\u00f4nia ardia em chamas e as praias eram inundadas de \u00f3leo, os ministros alucinados da \u00e1rea social cuidavam de implantar o terror nas escolas e nas casas de cultura, rifando o futuro da juventude brasileira.<br><\/p>\n\n\n\n<p>Sem espa\u00e7os de lazer, os jovens da periferia ocuparam as ruas com seus \u201cpancad\u00f5es\u201d para se divertir nos fins de semana, mas at\u00e9 isso agora \u00e9 proibido, para n\u00e3o incomodar os vizinhos.<\/p>\n\n\n\n<p>Para justificar o massacre em Parais\u00f3polis, a PM alegou que estava fazendo uma persegui\u00e7\u00e3o a dois motoqueiros que se esconderam na favela.<\/p>\n\n\n\n<p>O governador Jo\u00e3o Doria, que havia viajado ao Rio para fazer filia\u00e7\u00f5es no PSDB, limitou-se a divulgar uma nota em que determinou \u201capura\u00e7\u00e3o rigorosa dos fatos\u201d, como de praxe.<\/p>\n\n\n\n<p>E ainda fez elogios \u00e0 atua\u00e7\u00e3o da pol\u00edcia paulista.<br><\/p>\n\n\n\n<p>\u201cEles fecharam as sa\u00eddas das ruas e sa\u00edram espancando. Foi uma covardia\u201d, relatou \u00e0 Folha uma adolescente de 17 anos, que pediu para n\u00e3o ser identificada.<\/p>\n\n\n\n<p>Um dos mortos, Denys Henrique Quirino da Silva, tinha 16 anos, morava com a fam\u00edlia em Pirituba e trabalhava com limpeza de estofados.<\/p>\n\n\n\n<p>Seu irm\u00e3o, Danilo Quirino, estava inconformado com a vers\u00e3o da pol\u00edcia de que ele morreu pisoteado porque n\u00e3o havia marcas no corpo.<\/p>\n\n\n\n<p>\u201cMeu irm\u00e3o n\u00e3o era um criminoso. Ele trabalhava, estudava e tamb\u00e9m gostava de funk. Quem morreu foi inocente. N\u00e3o tinha 5 mil criminosos ali\u201d.<\/p>\n\n\n\n<p>Os dois suspeitos e as motos n\u00e3o foram localizados, segundo a Folha. Nenhum policial foi preso at\u00e9 o momento em que escrevo.<\/p>\n\n\n\n<p>Matan\u00e7as como essa repetiram-se nos finais de semana por todo o pa\u00eds nas regi\u00f5es onde moram jovens pobres como Denys, que viram apenas n\u00fameros nas est\u00edsticas da viol\u00eancia policial.<\/p>\n\n\n\n<p>Se j\u00e1 \u00e9 assim hoje, pode-se imaginar o que vai acontecer quando for aprovado pela C\u00e2mara o pacot\u00e3o anticrime de Moro e Bolsonaro para empoderar ainda mais as pol\u00edcias e os militares.<\/p>\n\n\n\n<p>Tudo isso parece fazer parte de uma estrat\u00e9gia para provocar a revolta da popula\u00e7\u00e3o oprimida, justificar a convoca\u00e7\u00e3o de tropas e fechar de vez o regime, em nome da lei e da ordem.<\/p>\n\n\n\n<p>Falta ainda um m\u00eas para acabar esse primeiro ano da era bolsonariana que avan\u00e7a celeremente para o fascismo, com suas mil\u00edcias reais e virtuais.<\/p>\n\n\n\n<p>Numa coisa eles t\u00eam raz\u00e3o: o Brasil nunca mais ser\u00e1 o mesmo.<\/p>\n\n\n\n<p>E ainda vai ficar muito pior, se as for\u00e7as democr\u00e1ticas n\u00e3o se unirem com urg\u00eancia para dar um basta a tanta insanidade.<\/p>\n\n\n\n<p>Vida que segue.<br><\/p>\n","protected":false},"excerpt":{"rendered":"<p>Por Ricardo Kotscho, no&nbsp;Balaio do Kotscho&nbsp;e para o&nbsp;Jornalistas pela Democracia&nbsp;&#8211;&nbsp;Era um baile funk com 5 mil jovens dan\u00e7ando na favela de Parais\u00f3polis, uma das maiores de S\u00e3o Paulo.<\/p>\n","protected":false},"author":1,"featured_media":0,"comment_status":"closed","ping_status":"open","sticky":false,"template":"","format":"standard","meta":{"_exactmetrics_skip_tracking":false,"_exactmetrics_sitenote_active":false,"_exactmetrics_sitenote_note":"","_exactmetrics_sitenote_category":0,"jetpack_post_was_ever_published":false,"_jetpack_newsletter_access":"","_jetpack_dont_email_post_to_subs":false,"_jetpack_newsletter_tier_id":0,"_jetpack_memberships_contains_paywalled_content":false,"_jetpack_memberships_contains_paid_content":false,"footnotes":"","jetpack_publicize_message":"","jetpack_publicize_feature_enabled":true,"jetpack_social_post_already_shared":true,"jetpack_social_options":{"image_generator_settings":{"template":"highway","enabled":false},"version":2}},"categories":[1],"tags":[],"class_list":["post-25282","post","type-post","status-publish","format-standard","hentry","category-notas"],"jetpack_publicize_connections":[],"jetpack_sharing_enabled":true,"jetpack_featured_media_url":"","jetpack_shortlink":"https:\/\/wp.me\/p7wKYW-6zM","jetpack-related-posts":[],"_links":{"self":[{"href":"http:\/\/blogdalucianaoliveira.com.br\/blog\/wp-json\/wp\/v2\/posts\/25282","targetHints":{"allow":["GET"]}}],"collection":[{"href":"http:\/\/blogdalucianaoliveira.com.br\/blog\/wp-json\/wp\/v2\/posts"}],"about":[{"href":"http:\/\/blogdalucianaoliveira.com.br\/blog\/wp-json\/wp\/v2\/types\/post"}],"author":[{"embeddable":true,"href":"http:\/\/blogdalucianaoliveira.com.br\/blog\/wp-json\/wp\/v2\/users\/1"}],"replies":[{"embeddable":true,"href":"http:\/\/blogdalucianaoliveira.com.br\/blog\/wp-json\/wp\/v2\/comments?post=25282"}],"version-history":[{"count":1,"href":"http:\/\/blogdalucianaoliveira.com.br\/blog\/wp-json\/wp\/v2\/posts\/25282\/revisions"}],"predecessor-version":[{"id":25283,"href":"http:\/\/blogdalucianaoliveira.com.br\/blog\/wp-json\/wp\/v2\/posts\/25282\/revisions\/25283"}],"wp:attachment":[{"href":"http:\/\/blogdalucianaoliveira.com.br\/blog\/wp-json\/wp\/v2\/media?parent=25282"}],"wp:term":[{"taxonomy":"category","embeddable":true,"href":"http:\/\/blogdalucianaoliveira.com.br\/blog\/wp-json\/wp\/v2\/categories?post=25282"},{"taxonomy":"post_tag","embeddable":true,"href":"http:\/\/blogdalucianaoliveira.com.br\/blog\/wp-json\/wp\/v2\/tags?post=25282"}],"curies":[{"name":"wp","href":"https:\/\/api.w.org\/{rel}","templated":true}]}}