{"id":25284,"date":"2019-12-02T17:31:20","date_gmt":"2019-12-02T21:31:20","guid":{"rendered":"http:\/\/blogdalucianaoliveira.com.br\/blog\/?p=25284"},"modified":"2019-12-02T17:31:30","modified_gmt":"2019-12-02T21:31:30","slug":"foi-se-o-mestre-sala-cabeleira","status":"publish","type":"post","link":"http:\/\/blogdalucianaoliveira.com.br\/blog\/2019\/12\/02\/foi-se-o-mestre-sala-cabeleira\/","title":{"rendered":"FOI-SE O MESTRE-SALA (CABELEIRA)"},"content":{"rendered":"\n<figure class=\"wp-block-image size-large\"><img data-recalc-dims=\"1\" loading=\"lazy\" decoding=\"async\" width=\"600\" height=\"563\" data-attachment-id=\"25288\" data-permalink=\"http:\/\/blogdalucianaoliveira.com.br\/blog\/2019\/12\/02\/foi-se-o-mestre-sala-cabeleira\/magnifico-cabeleira-1-640x600\/\" data-orig-file=\"https:\/\/i0.wp.com\/blogdalucianaoliveira.com.br\/blog\/wp-content\/uploads\/2019\/12\/MAGNIFICO-CABELEIRA-1-640x600.jpg?fit=640%2C600\" data-orig-size=\"640,600\" data-comments-opened=\"0\" data-image-meta=\"{&quot;aperture&quot;:&quot;0&quot;,&quot;credit&quot;:&quot;&quot;,&quot;camera&quot;:&quot;&quot;,&quot;caption&quot;:&quot;&quot;,&quot;created_timestamp&quot;:&quot;0&quot;,&quot;copyright&quot;:&quot;&quot;,&quot;focal_length&quot;:&quot;0&quot;,&quot;iso&quot;:&quot;0&quot;,&quot;shutter_speed&quot;:&quot;0&quot;,&quot;title&quot;:&quot;&quot;,&quot;orientation&quot;:&quot;0&quot;}\" data-image-title=\"MAGNIFICO-CABELEIRA-1-640&amp;#215;600\" data-image-description=\"\" data-image-caption=\"\" data-medium-file=\"https:\/\/i0.wp.com\/blogdalucianaoliveira.com.br\/blog\/wp-content\/uploads\/2019\/12\/MAGNIFICO-CABELEIRA-1-640x600.jpg?fit=300%2C281\" data-large-file=\"https:\/\/i0.wp.com\/blogdalucianaoliveira.com.br\/blog\/wp-content\/uploads\/2019\/12\/MAGNIFICO-CABELEIRA-1-640x600.jpg?fit=600%2C563\" src=\"https:\/\/i0.wp.com\/blogdalucianaoliveira.com.br\/blog\/wp-content\/uploads\/2019\/12\/MAGNIFICO-CABELEIRA-1-640x600.jpg?resize=600%2C563\" alt=\"\" class=\"wp-image-25288\" srcset=\"https:\/\/i0.wp.com\/blogdalucianaoliveira.com.br\/blog\/wp-content\/uploads\/2019\/12\/MAGNIFICO-CABELEIRA-1-640x600.jpg?resize=640%2C600 640w, https:\/\/i0.wp.com\/blogdalucianaoliveira.com.br\/blog\/wp-content\/uploads\/2019\/12\/MAGNIFICO-CABELEIRA-1-640x600.jpg?resize=300%2C281 300w, https:\/\/i0.wp.com\/blogdalucianaoliveira.com.br\/blog\/wp-content\/uploads\/2019\/12\/MAGNIFICO-CABELEIRA-1-640x600.jpg?resize=320%2C300 320w\" sizes=\"auto, (max-width: 600px) 100vw, 600px\" \/><\/figure>\n\n\n\n<p><\/p>\n\n\n\n<p>Por Altair Santos &#8211; Certa vez, aos olhares estagnados procedeu o que seria o seu primeiro e intermin\u00e1vel bailado. Num debulhar dan\u00e7ante entre o popular e o erudito, exibiu classe e leveza sem importa-se muito ou nada com as formalidades. E o fez&#8230; <\/p>\n\n\n\n<!--more-->\n\n\n\n<p>Dan\u00e7ou sem abdicar do improviso coordenado, malandreado e jeitoso que a sua invencionice o animava fazer.<br><\/p>\n\n\n\n<p>E diante de tantos hipnotizados o esguio e preciso passista rodopiou, fez um breque e escreveu no ch\u00e3o, ou melhor, sambou rabiscando no solo, como a dizer \u201caqui t\u00f4 eu.\u201d E assim, num meio giro mai\u00fasculo, desenhou um \u201dC.\u201d <\/p>\n\n\n\n<p>Agora num rodopio, fez leve uma das penas, brecou o movimento, separou os p\u00e9s em discreta curva de 25 graus e nos deu a letra \u201da.\u201d <\/p>\n\n\n\n<p>Depois deu dois saltos, meio giro, repousou o p\u00e9 esquerdo detr\u00e1s do calcanhar direito, abriu os bra\u00e7os e curvou ligeiramente o corpo pra tr\u00e1s, era a letra \u201cb\u201d, a\u00ed estendeu um dos p\u00e9s \u00e0 frente e trouxe de volta em leve curva como fosse um la\u00e7o e l\u00e1 estava um \u201ce\u201d, depois esticou as pernas em movimento longitudinal e nos deu um um \u201dl,\u201d retrocedeu ao movimento anterior e tascou outro fonema \u201ce,\u201d naquela lousa deitada. Adiante, sem perder tempo, saltitou num s\u00f3 p\u00e9 como a pingar perfume ao ch\u00e3o, estendeu uma das penas para tr\u00e1s e eis o \u201ci\u201d, da\u00ed um movimento reto com as pernas e depois uma linha meio sinuosa e outra diagonal fazendo o \u201cr\u201d, logo sucedido doutro \u201ca.\u201d<br><\/p>\n\n\n\n<p>N\u00e3o foi bem assim, n\u00e3o foi! Na verdade, isso apenas traduz quantas vezes o vimos escrever na pauta do nosso samba de sempre a sua inesgot\u00e1vel marca: CABELEIRA.<\/p>\n\n\n\n<p>De t\u00e3o samba e t\u00e3o sambista o mestre sala se foi hoje, justo neste 02 de dezembro de 2019, Dia Nacional do Samba.<\/p>\n\n\n\n<p>Salve o Samba e Salve o Mestre Cabeleira!<\/p>\n","protected":false},"excerpt":{"rendered":"<p>Por Altair Santos &#8211; Certa vez, aos olhares estagnados procedeu o que seria o seu primeiro e intermin\u00e1vel bailado. Num debulhar dan\u00e7ante entre o popular e o erudito, exibiu classe e leveza sem importa-se muito ou nada com as formalidades. E o fez&#8230;<\/p>\n","protected":false},"author":1,"featured_media":0,"comment_status":"closed","ping_status":"open","sticky":false,"template":"","format":"standard","meta":{"_exactmetrics_skip_tracking":false,"_exactmetrics_sitenote_active":false,"_exactmetrics_sitenote_note":"","_exactmetrics_sitenote_category":0,"jetpack_post_was_ever_published":false,"_jetpack_newsletter_access":"","_jetpack_dont_email_post_to_subs":false,"_jetpack_newsletter_tier_id":0,"_jetpack_memberships_contains_paywalled_content":false,"_jetpack_memberships_contains_paid_content":false,"footnotes":"","jetpack_publicize_message":"","jetpack_publicize_feature_enabled":true,"jetpack_social_post_already_shared":true,"jetpack_social_options":{"image_generator_settings":{"template":"highway","enabled":false},"version":2}},"categories":[1],"tags":[],"class_list":["post-25284","post","type-post","status-publish","format-standard","hentry","category-notas"],"jetpack_publicize_connections":[],"jetpack_sharing_enabled":true,"jetpack_featured_media_url":"","jetpack_shortlink":"https:\/\/wp.me\/p7wKYW-6zO","jetpack-related-posts":[],"_links":{"self":[{"href":"http:\/\/blogdalucianaoliveira.com.br\/blog\/wp-json\/wp\/v2\/posts\/25284","targetHints":{"allow":["GET"]}}],"collection":[{"href":"http:\/\/blogdalucianaoliveira.com.br\/blog\/wp-json\/wp\/v2\/posts"}],"about":[{"href":"http:\/\/blogdalucianaoliveira.com.br\/blog\/wp-json\/wp\/v2\/types\/post"}],"author":[{"embeddable":true,"href":"http:\/\/blogdalucianaoliveira.com.br\/blog\/wp-json\/wp\/v2\/users\/1"}],"replies":[{"embeddable":true,"href":"http:\/\/blogdalucianaoliveira.com.br\/blog\/wp-json\/wp\/v2\/comments?post=25284"}],"version-history":[{"count":1,"href":"http:\/\/blogdalucianaoliveira.com.br\/blog\/wp-json\/wp\/v2\/posts\/25284\/revisions"}],"predecessor-version":[{"id":25289,"href":"http:\/\/blogdalucianaoliveira.com.br\/blog\/wp-json\/wp\/v2\/posts\/25284\/revisions\/25289"}],"wp:attachment":[{"href":"http:\/\/blogdalucianaoliveira.com.br\/blog\/wp-json\/wp\/v2\/media?parent=25284"}],"wp:term":[{"taxonomy":"category","embeddable":true,"href":"http:\/\/blogdalucianaoliveira.com.br\/blog\/wp-json\/wp\/v2\/categories?post=25284"},{"taxonomy":"post_tag","embeddable":true,"href":"http:\/\/blogdalucianaoliveira.com.br\/blog\/wp-json\/wp\/v2\/tags?post=25284"}],"curies":[{"name":"wp","href":"https:\/\/api.w.org\/{rel}","templated":true}]}}