{"id":25290,"date":"2019-12-02T18:25:44","date_gmt":"2019-12-02T22:25:44","guid":{"rendered":"http:\/\/blogdalucianaoliveira.com.br\/blog\/?p=25290"},"modified":"2019-12-02T18:32:05","modified_gmt":"2019-12-02T22:32:05","slug":"presidente-da-biblioteca-nacional-associa-caetano-veloso-ao-analfabetismo","status":"publish","type":"post","link":"http:\/\/blogdalucianaoliveira.com.br\/blog\/2019\/12\/02\/presidente-da-biblioteca-nacional-associa-caetano-veloso-ao-analfabetismo\/","title":{"rendered":"Presidente da Biblioteca Nacional associa Caetano Veloso ao analfabetismo"},"content":{"rendered":"\n<figure class=\"wp-block-image\"><img data-recalc-dims=\"1\" decoding=\"async\" src=\"https:\/\/i0.wp.com\/www.metro1.com.br\/fotos\/noticias\/84049\/IMAGEM_NOTICIA_3.jpg?w=600&#038;ssl=1\" alt=\"Resultado de imagem para Presidente da Biblioteca Nacional associa Caetano Veloso ao analfabetismo\"\/><\/figure>\n\n\n\n<p>Seguidor de Olavo de Carvalho, Rafael Nogueira foi escolhido pelo governo para estar \u00e0 frente do \u00f3rg\u00e3o<\/p>\n\n\n\n<!--more-->\n\n\n\n<p>Na FSP<\/p>\n\n\n\n<p><strong>Bruno Molinero<\/strong><\/p>\n\n\n\n<p><strong><a href=\"https:\/\/www1.folha.uol.com.br\/autores\/manoella-smith.shtml\">Manoella Smith<\/a><\/strong><\/p>\n\n\n\n<p>N\u00e3o \u00e9 simples&nbsp;descobrir o que&nbsp;Rafael Nogueira&nbsp;pensa sobre o universo do livro e da literatura.<\/p>\n\n\n\n<p>Escolhido nesta segunda-feira (2) pelo governo de Jair&nbsp;Bolsonaro&nbsp;como novo presidente da Biblioteca Nacional, Nogueira fala em seus&nbsp;v\u00eddeos no YouTube e em suas redes sociais&nbsp;sobre Jos\u00e9 Bonif\u00e1cio,&nbsp;a sa\u00edda do presidente do PSL,&nbsp;supostas fraudes nas urnas eletr\u00f4nicas e passa adiante as palavras de Olavo de Carvalho, de quem o autointitulado &#8220;aspirante a fil\u00f3sofo&#8221; se diz aluno.<\/p>\n\n\n\n<p>\u00c0 frente agora de uma das principais institui\u00e7\u00f5es culturais do pa\u00eds, com acervo de livros que remonta \u00e0 chegada da fam\u00edlia real ao Brasil, em 1808, ele traz raras reflex\u00f5es sobre&nbsp;livros e&nbsp;literatura em suas redes. Ao buscar esses termos em seu perfil no Twitter, que conta com 40 mil seguidores, os resultados s\u00e3o poucos.<\/p>\n\n\n\n<p>Um deles \u00e9 uma mensagem de 2011: &#8220;Cad\u00ea nossa literatura? Quem \u00e9 o herdeiro atual de Machado de Assis? Cad\u00ea a nossa filosofia? Espero que o legado de Olavo de Carvalho resolva&#8230;&#8221;<\/p>\n\n\n\n<p>Outro \u00e9 de 2010: &#8221; A justifica\u00e7\u00e3o dos crimes alheios pela pobreza, constante em nossa literatura e cinema, \u00e9 uma mentira insultuosa aos pobres honrados.&#8221;<\/p>\n\n\n\n<p>No ano passado, ele se queixou de perder livros em sua biblioteca: &#8220;N\u00e3o aguento mais perder livros na minha biblioteca. O problema de ter muitos \u00e9 que, se n\u00e3o estiverem muito bem organizados, quando voc\u00ea quer um livro e n\u00e3o o acha, pensa at\u00e9 em comprar outro para n\u00e3o ter que persegui-lo por todos os cantos, estantes e m\u00f3veis.&#8221;<\/p>\n\n\n\n<p>Procurado para comentar o seu projeto \u00e0 frente da Biblioteca, Nogueira preferiu n\u00e3o dar entrevista e disse que s\u00f3 falaria com a reportagem depois de tomar posse.&nbsp;<\/p>\n\n\n\n\n\n<p>Se \u00e9&nbsp;<a href=\"https:\/\/www1.folha.uol.com.br\/colunas\/bruno-molinero\/2019\/11\/rafael-quem-perguntam-autores-no-jabuti-sobre-cotado-para-a-biblioteca-nacional.shtml\">pouco conhecido do mercado editorial<\/a>, o&nbsp;novo presidente da institui\u00e7\u00e3o&nbsp;mostra em suas redes sociais ser mais pr\u00f3ximo do universo da m\u00fasica.&nbsp;<\/p>\n\n\n\n<p>Em 2017, Nogueira associou Caetano Veloso, Legi\u00e3o Urbana e Gabriel O Pensador ao analfabetismo. &#8220;Livros did\u00e1ticos est\u00e3o cheios de m\u00fasicas de Caetano Veloso, Gabriel O Pensador, Legi\u00e3o Urbana. Depois n\u00e3o&nbsp;sabem por que est\u00e1 todo mundo analfabeto&#8221;, escreveu<\/p>\n\n\n\n<p>J\u00e1 neste ano, ele lamentou a morte do m\u00fasico Andr\u00e9 Matos. Vocalista de bandas como Angra e Shaman,&nbsp;<a href=\"https:\/\/www1.folha.uol.com.br\/ilustrada\/2019\/06\/aos-47-morre-andre-matos-ex-vocalista-do-angra.shtml\">Matos morreu aos 47 anos ap\u00f3s uma parada card\u00edaca<\/a>.<\/p>\n\n\n\n<p>Nogueira conta que&nbsp;come\u00e7ou a fazer aulas de canto ap\u00f3s escutar o m\u00fasico, tratado como seu vocalista favorito. Ele tamb\u00e9m se disse f\u00e3 de Angra e de Shaman \u2014no Twitter, o novo presidente da Biblioteca Nacional diz que o melhor show de sua vida foi a grava\u00e7\u00e3o do DVD desta \u00faltima banda.<\/p>\n\n\n\n<p>Al\u00e9m da m\u00fasica, ele tamb\u00e9m se mostra atento ao&nbsp;audiovisual. Nogueira \u00e9 pr\u00f3ximo da&nbsp;<a href=\"https:\/\/www1.folha.uol.com.br\/ilustrada\/2019\/08\/produtora-brasil-paralelo-revisa-a-historia-em-filmes-e-livros-com-visao-de-direita.shtml\">produtora Brasil Paralelo<\/a>, que se firmou como&nbsp;refer\u00eancia na difus\u00e3o de ideias de direita no primeiro ano do governo de Jair Bolsonaro.<\/p>\n\n\n\n<p>No seu canal no YouTube, ele incentiva seus seguidores a apoiarem o financiamento coletivo do filme &#8220;A \u00daltima Cruzada&#8221;. A obra, prevista para o ano que vem, promete mostrar eventos que teriam sido negligenciados pela historiografia de esquerda.<\/p>\n\n\n\n<p>Al\u00e9m disso, em outro de seus v\u00eddeos, ele passa nove minutos atacando um cr\u00edtico da produtora, a quem define como &#8220;um careca que parece uma barriga de chope depilada falando&#8221;.<\/p>\n\n\n\n<figure><iframe src=\"https:\/\/www.youtube.com\/embed\/dKgfNwoQKpw?enablejsapi=1\" allowfullscreen=\"\"><\/iframe><\/figure>\n\n\n\n<p>Nogueira assume a Biblioteca Nacional no lugar no lugar de&nbsp;<a href=\"https:\/\/www1.folha.uol.com.br\/ilustrada\/2019\/11\/helena-severo-poe-cargo-de-presidente-da-biblioteca-nacional-a-disposicao.shtml\">Helena Severo, que colocou o cargo \u00e0 disposi\u00e7\u00e3o na sexta-feira (29)<\/a>,&nbsp;em uma carta enviada ao secret\u00e1rio de Cultura, Roberto Alvim. &#8220;Essa \u00e9 uma institui\u00e7\u00e3o bicenten\u00e1ria com mais de 400 servidores. Qualquer governo tem o direito de trocar cargos de confian\u00e7a a qualquer momento. Mas n\u00e3o concordo com a forma como isso tem se dado&#8221;, disse ela \u00e0&nbsp;<strong>Folha<\/strong>.<\/p>\n\n\n\n<p>Graduado em filosofia e em direito e com mestrado em educa\u00e7\u00e3o em faculdades de Santos (SP), Nogueira tamb\u00e9m \u00e9 professor e j\u00e1 deu&nbsp;aulas particulares de humanidades e de reda\u00e7\u00e3o para o Enem.<\/p>\n\n\n\n<p>Ele tamb\u00e9m est\u00e1 \u00e0 frente do Ciclo de Estudos Cl\u00e1ssicos, projeto pelo qual d\u00e1 palestras em diferentes cidades sobre temas como Independ\u00eancia e Primeiro Reinado, funda\u00e7\u00e3o dos Estados Unidos e livros de Olavo de Carvalho.<\/p>\n\n\n\n<p>Seguidor de Carvalho, Nogueira esteva nos \u00faltimos dias em Portugal por causa do Col\u00f3quio Olavo de Carvalho. J\u00e1 cotado para assumir a Biblioteca Nacional, ele visitou durante a viagem a Biblioteca Nacional portuguesa, em Lisboa.<\/p>\n\n\n\n<p>Al\u00e9m de Nogueira, o&nbsp;governo Bolsonaro nomeou tamb\u00e9m nesta segunda (2) o&nbsp;<a href=\"https:\/\/www1.folha.uol.com.br\/ilustrada\/2019\/12\/rock-incentiva-industria-do-aborto-diz-novo-presidente-da-funarte.shtml\">novo&nbsp;presidente&nbsp;da Funarte<\/a>&nbsp;(Funda\u00e7\u00e3o&nbsp;Nacional&nbsp;de&nbsp;Artes),&nbsp;<a href=\"https:\/\/www1.folha.uol.com.br\/ilustrada\/2019\/11\/negro-de-direita-reverenda-e-musico-conservador-quem-sao-os-novos-nomes-da-cultura-sob-bolsonaro.shtml\">seguindo uma reforma volumosa no quadro da Secretaria Especial da Cultura e \u00f3rg\u00e3os subordinados \u00e0 subpasta do Minist\u00e9rio do Turismo<\/a>, hoje sob comando do&nbsp;<a href=\"https:\/\/www1.folha.uol.com.br\/ilustrada\/2019\/11\/na-unesco-roberto-alvim-diz-que-a-arte-brasileira-escravizou-a-mente-do-povo.shtml\">dramaturgo e diretor Roberto Alvim<\/a>.<\/p>\n\n\n\n<p><a href=\"javascript:void(0);\"><\/a><br><\/p>\n","protected":false},"excerpt":{"rendered":"<p>Seguidor de Olavo de Carvalho, Rafael Nogueira foi escolhido pelo governo para estar \u00e0 frente do \u00f3rg\u00e3o<\/p>\n","protected":false},"author":1,"featured_media":0,"comment_status":"closed","ping_status":"open","sticky":false,"template":"","format":"standard","meta":{"_exactmetrics_skip_tracking":false,"_exactmetrics_sitenote_active":false,"_exactmetrics_sitenote_note":"","_exactmetrics_sitenote_category":0,"jetpack_post_was_ever_published":false,"_jetpack_newsletter_access":"","_jetpack_dont_email_post_to_subs":false,"_jetpack_newsletter_tier_id":0,"_jetpack_memberships_contains_paywalled_content":false,"_jetpack_memberships_contains_paid_content":false,"footnotes":"","jetpack_publicize_message":"","jetpack_publicize_feature_enabled":true,"jetpack_social_post_already_shared":true,"jetpack_social_options":{"image_generator_settings":{"template":"highway","enabled":false},"version":2}},"categories":[1],"tags":[],"class_list":["post-25290","post","type-post","status-publish","format-standard","hentry","category-notas"],"jetpack_publicize_connections":[],"jetpack_sharing_enabled":true,"jetpack_featured_media_url":"","jetpack_shortlink":"https:\/\/wp.me\/p7wKYW-6zU","jetpack-related-posts":[],"_links":{"self":[{"href":"http:\/\/blogdalucianaoliveira.com.br\/blog\/wp-json\/wp\/v2\/posts\/25290","targetHints":{"allow":["GET"]}}],"collection":[{"href":"http:\/\/blogdalucianaoliveira.com.br\/blog\/wp-json\/wp\/v2\/posts"}],"about":[{"href":"http:\/\/blogdalucianaoliveira.com.br\/blog\/wp-json\/wp\/v2\/types\/post"}],"author":[{"embeddable":true,"href":"http:\/\/blogdalucianaoliveira.com.br\/blog\/wp-json\/wp\/v2\/users\/1"}],"replies":[{"embeddable":true,"href":"http:\/\/blogdalucianaoliveira.com.br\/blog\/wp-json\/wp\/v2\/comments?post=25290"}],"version-history":[{"count":2,"href":"http:\/\/blogdalucianaoliveira.com.br\/blog\/wp-json\/wp\/v2\/posts\/25290\/revisions"}],"predecessor-version":[{"id":25293,"href":"http:\/\/blogdalucianaoliveira.com.br\/blog\/wp-json\/wp\/v2\/posts\/25290\/revisions\/25293"}],"wp:attachment":[{"href":"http:\/\/blogdalucianaoliveira.com.br\/blog\/wp-json\/wp\/v2\/media?parent=25290"}],"wp:term":[{"taxonomy":"category","embeddable":true,"href":"http:\/\/blogdalucianaoliveira.com.br\/blog\/wp-json\/wp\/v2\/categories?post=25290"},{"taxonomy":"post_tag","embeddable":true,"href":"http:\/\/blogdalucianaoliveira.com.br\/blog\/wp-json\/wp\/v2\/tags?post=25290"}],"curies":[{"name":"wp","href":"https:\/\/api.w.org\/{rel}","templated":true}]}}