{"id":2530,"date":"2016-07-20T11:01:24","date_gmt":"2016-07-20T15:01:24","guid":{"rendered":"http:\/\/blogdalucianaoliveira.com.br\/blog\/?p=2530"},"modified":"2016-07-20T11:01:24","modified_gmt":"2016-07-20T15:01:24","slug":"a-musica-que-chico-cesar-cantou-no-encontro-com-fatima-bernardes-na-globo","status":"publish","type":"post","link":"http:\/\/blogdalucianaoliveira.com.br\/blog\/2016\/07\/20\/a-musica-que-chico-cesar-cantou-no-encontro-com-fatima-bernardes-na-globo\/","title":{"rendered":"A m\u00fasica que Chico C\u00e9sar cantou no Encontro com F\u00e1tima Bernardes, na Globo"},"content":{"rendered":"<div class=\"jetpack-video-wrapper\"><iframe loading=\"lazy\" title=\"Reis do Agroneg\u00f3cio - Chico C\u00e9sar na Mob Nacional Ind\u00edgena de 2015\" width=\"600\" height=\"338\" src=\"https:\/\/www.youtube.com\/embed\/ECYyn3O1gUM?feature=oembed\" frameborder=\"0\" allow=\"accelerometer; autoplay; clipboard-write; encrypted-media; gyroscope; picture-in-picture; web-share\" referrerpolicy=\"strict-origin-when-cross-origin\" allowfullscreen><\/iframe><\/div>\n<p>Reis do Agroneg\u00f3cio \u00e9 uma m\u00fasica difundida como protesto pelo cantor paraibano Chico C\u00e9sar, com letra de Carlos Renn\u00f3. Foi essa m\u00fasica que em sess\u00e3o em homenagem ao Dia do \u00cdndio, no plen\u00e1rio da C\u00e2mara dos Deputados, Chico C\u00e9sar criticou o agroneg\u00f3cio, o desmatamento e o uso indiscriminado de agrot\u00f3xicos. <!--more--><\/p>\n<p>O cantor chama os ruralistas de \u201cpin\u00f3quios velhos\u201d.<\/p>\n<p>Ser\u00e1 que F\u00e1tima ou a produ\u00e7\u00e3o sabem o que essa m\u00fasica significa?<\/p>\n<p>Sabem que \u00e9 sobre o mal do qual n\u00e3o se redimem?<\/p>\n","protected":false},"excerpt":{"rendered":"<p>Reis do Agroneg\u00f3cio \u00e9 uma m\u00fasica difundida como protesto pelo cantor paraibano Chico C\u00e9sar, com letra de Carlos Renn\u00f3. Foi essa m\u00fasica que em sess\u00e3o em homenagem ao Dia do \u00cdndio, no plen\u00e1rio da C\u00e2mara dos Deputados, Chico C\u00e9sar criticou o agroneg\u00f3cio, o desmatamento e o uso indiscriminado de agrot\u00f3xicos.<\/p>\n","protected":false},"author":1,"featured_media":0,"comment_status":"closed","ping_status":"open","sticky":false,"template":"","format":"standard","meta":{"_exactmetrics_skip_tracking":false,"_exactmetrics_sitenote_active":false,"_exactmetrics_sitenote_note":"","_exactmetrics_sitenote_category":0,"jetpack_post_was_ever_published":false,"_jetpack_newsletter_access":"","_jetpack_dont_email_post_to_subs":false,"_jetpack_newsletter_tier_id":0,"_jetpack_memberships_contains_paywalled_content":false,"_jetpack_memberships_contains_paid_content":false,"footnotes":"","jetpack_publicize_message":"","jetpack_publicize_feature_enabled":true,"jetpack_social_post_already_shared":true,"jetpack_social_options":{"image_generator_settings":{"template":"highway","enabled":false},"version":2}},"categories":[1],"tags":[],"class_list":["post-2530","post","type-post","status-publish","format-standard","hentry","category-notas"],"jetpack_publicize_connections":[],"jetpack_sharing_enabled":true,"jetpack_featured_media_url":"","jetpack_shortlink":"https:\/\/wp.me\/p7wKYW-EO","jetpack-related-posts":[],"_links":{"self":[{"href":"http:\/\/blogdalucianaoliveira.com.br\/blog\/wp-json\/wp\/v2\/posts\/2530","targetHints":{"allow":["GET"]}}],"collection":[{"href":"http:\/\/blogdalucianaoliveira.com.br\/blog\/wp-json\/wp\/v2\/posts"}],"about":[{"href":"http:\/\/blogdalucianaoliveira.com.br\/blog\/wp-json\/wp\/v2\/types\/post"}],"author":[{"embeddable":true,"href":"http:\/\/blogdalucianaoliveira.com.br\/blog\/wp-json\/wp\/v2\/users\/1"}],"replies":[{"embeddable":true,"href":"http:\/\/blogdalucianaoliveira.com.br\/blog\/wp-json\/wp\/v2\/comments?post=2530"}],"version-history":[{"count":3,"href":"http:\/\/blogdalucianaoliveira.com.br\/blog\/wp-json\/wp\/v2\/posts\/2530\/revisions"}],"predecessor-version":[{"id":2533,"href":"http:\/\/blogdalucianaoliveira.com.br\/blog\/wp-json\/wp\/v2\/posts\/2530\/revisions\/2533"}],"wp:attachment":[{"href":"http:\/\/blogdalucianaoliveira.com.br\/blog\/wp-json\/wp\/v2\/media?parent=2530"}],"wp:term":[{"taxonomy":"category","embeddable":true,"href":"http:\/\/blogdalucianaoliveira.com.br\/blog\/wp-json\/wp\/v2\/categories?post=2530"},{"taxonomy":"post_tag","embeddable":true,"href":"http:\/\/blogdalucianaoliveira.com.br\/blog\/wp-json\/wp\/v2\/tags?post=2530"}],"curies":[{"name":"wp","href":"https:\/\/api.w.org\/{rel}","templated":true}]}}