{"id":25302,"date":"2019-12-03T11:05:08","date_gmt":"2019-12-03T15:05:08","guid":{"rendered":"http:\/\/blogdalucianaoliveira.com.br\/blog\/?p=25302"},"modified":"2019-12-03T11:05:17","modified_gmt":"2019-12-03T15:05:17","slug":"moradores-de-paraisopolis-desmentem-pm-mataram-os-meninos-na-porrada-spray-de-pimenta-e-bombas-de-gas","status":"publish","type":"post","link":"http:\/\/blogdalucianaoliveira.com.br\/blog\/2019\/12\/03\/moradores-de-paraisopolis-desmentem-pm-mataram-os-meninos-na-porrada-spray-de-pimenta-e-bombas-de-gas\/","title":{"rendered":"Moradores de Parais\u00f3polis desmentem PM: \u2018Mataram os meninos na porrada, spray de pimenta e bombas de g\u00e1s\u2019"},"content":{"rendered":"\n<p>Falando para o\u00a0Viomundo\u00a0na condi\u00e7\u00e3o de anonimato, por temerem repres\u00e1lias dos policiais, moradores contam que as v\u00edtimas n\u00e3o morreram pisoteadas como a m\u00eddia chegou a informar inicialmente.<\/p>\n\n\n\n<!--more-->\n\n\n\n<p>Por\u00a0<a href=\"https:\/\/jornalggn.com.br\/author\/jornal-ggn\/\">Jornal GGN<\/a><\/p>\n\n\n\n<figure class=\"wp-block-image\"><img data-recalc-dims=\"1\" height=\"334\" width=\"600\" decoding=\"async\" src=\"https:\/\/i0.wp.com\/jornalggn.com.br\/sites\/default\/files\/2019\/12\/moradores-de-paraisopolis-desmentem-pm-mataram-os-meninos-na-porrada-spray-de-pimenta-e-bombas-de-gas-massacreparaisopolis-2-696x387.jpg?resize=600%2C334&#038;ssl=1\" alt=\"\"\/><\/figure>\n\n\n\n<h4 class=\"wp-block-heading\"><strong>do Viomundo<\/strong><\/h4>\n\n\n\n<h4 class=\"wp-block-heading\"><strong><a href=\"https:\/\/www.viomundo.com.br\/denuncias\/moradores-de-paraisopolis-desmentem-pm-mataram-os-meninos-na-porrada-spray-de-pimenta-e-bombas-de-gas-para-ex-coronel-policiais-deveriam-ter-sido-presos-em-flagrante.html?fbclid=IwAR3-5HF6WRpVJKMMS06Ge5Zy_Ip5FvqOnzIo4llAbMObkgYRvK7yPXNdEzI\">Moradores de Parais\u00f3polis desmentem PM: \u2018Mataram os meninos na porrada, spray de pimenta e bombas de g\u00e1s\u2019; para ex-coronel, policiais deveriam ter sido presos em flagrante<\/a><\/strong><\/h4>\n\n\n\n<p><strong>V\u00edtimas de massacre em Parais\u00f3polis morreram espancadas e asfixiadas, afirmam moradores<\/strong><\/p>\n\n\n\n<p><em>Para ex-coronel da PM, policiais deveriam ter sido presos em flagrante<\/em><\/p>\n\n\n\n<h4 class=\"wp-block-heading\"><strong>Por L\u00facia Rodrigues, especial para o Viomundo<\/strong><\/h4>\n\n\n\n<p>Moradores da Favela de Parais\u00f3polis que presenciaram o massacre que matou nove pessoas que participavam de um baile funk, na madrugada deste domingo, 1\/12, desmentem a vers\u00e3o da pol\u00edcia.<\/p>\n\n\n\n<p>Falando para o&nbsp;<em>Viomundo<\/em>&nbsp;na condi\u00e7\u00e3o de anonimato, por temerem repres\u00e1lias dos policiais, moradores contam que as v\u00edtimas n\u00e3o morreram pisoteadas como a m\u00eddia chegou a informar inicialmente.<\/p>\n\n\n\n<p>De acordo com relato das testemunhas, os jovens foram muito espancados e teriam sido asfixiados pelo g\u00e1s lacrimog\u00eaneo e spray de pimenta ao serem encurralados em uma das vielas da favela.<\/p>\n\n\n\n<p>A maioria dos mortos n\u00e3o morava em Parais\u00f3polis, segundo os moradores.<\/p>\n\n\n\n<p>Por n\u00e3o conhecerem as ruas da favela, correram justamente para uma viela que n\u00e3o tinha rota de fuga.<\/p>\n\n\n\n<p>Uma senhora conta que os corpos ficaram espalhados pelo ch\u00e3o, v\u00e1rios deles na escada que d\u00e1 acesso ao beco.<\/p>\n\n\n\n<p>\u201cN\u00e3o consegui dormir depois das cenas que vi. Foi desesperador ver o que esses meninos passaram. Os PMs bateram sem d\u00f3. Mataram na porrada e com spray de pimenta e bombas de g\u00e1s. N\u00e3o foram pisoteados\u201d, revela.<\/p>\n\n\n\n<p>\u201cOs meninos pediam socorro, estavam passando mal. Tinha muito g\u00e1s lacrimog\u00eaneo, n\u00e3o dava para respirar. Sete j\u00e1 sa\u00edram daqui mortos. Alguns estavam com os l\u00e1bios roxos.\u201d<\/p>\n\n\n\n<p>O processo de asfixiamento pode ter sido agravado pelo fato de a viela estar localizada h\u00e1 mais de um metro abaixo do n\u00edvel da rua e entre altas paredes.<\/p>\n\n\n\n<p>A moradora tamb\u00e9m desmente a vers\u00e3o policial de que os PMs perseguiam uma moto quando deram de cara com o baile funk.<\/p>\n\n\n\n<p>\u201cA hist\u00f3ria da moto \u00e9 mentira, balela. N\u00e3o tinha moto nenhuma.\u201d<\/p>\n\n\n\n<p>Outro morador que concordou contar o que viu, sem revelar o nome por temer pela vida, tamb\u00e9m contesta a vers\u00e3o policial.<\/p>\n\n\n\n<p>\u201cO que o delegado est\u00e1 falando \u00e9 mentira. Eles j\u00e1 vieram determinados a matar a meninada na maldade. Encurralaram e bateram com cacetete de madeira na nuca, nas costas. Foi um massacre.\u201d<\/p>\n\n\n\n<p>Ele explica que viaturas da For\u00e7a T\u00e1tica teriam chegado primeiro ao local e s\u00f3 posteriormente \u00e9 que chegou o refor\u00e7o da Rocam, a ronda motorizada.<\/p>\n\n\n\n<p>O morador tamb\u00e9m afirma que ningu\u00e9m que estava no baile atirou contra os policiais. \u201cEles dizem que foram recebidos \u00e0 bala, mas n\u00e3o foram.\u201d<\/p>\n\n\n\n<p>Valdemir Jos\u00e9 Trindade, o Guga, que \u00e9 dirigente da associa\u00e7\u00e3o de moradores Uni\u00e3o em Defesa da Moradia, conta que a pol\u00edcia age com trucul\u00eancia contra os moradores de Parais\u00f3polis h\u00e1 muito tempo.<\/p>\n\n\n\n<p>Vivendo em Parais\u00f3polis desde que nasceu, h\u00e1 38 anos, ele recorda que em 2010, um grupo de exterm\u00ednio integrado por PMs, conhecido como Bonde dos Carecas, agredia os moradores da favela.<\/p>\n\n\n\n<p>\u201cCegaram inclusive uma menina com uma bomba. A Daiane era bonita e ficou revoltada por ter ficado cega de um olho. Se entregou \u00e0s drogas e hoje mora no cemit\u00e9rio S\u00e3o Luiz.\u201d<\/p>\n\n\n\n<p>A fam\u00edlia da jovem denunciou o caso e passou a ser amea\u00e7ada pelos policiais.<\/p>\n\n\n\n<p>\u201cA den\u00fancia n\u00e3o deu em nada e os familiares tiveram de se esconder. Por isso as pessoas t\u00eam medo de falar\u201d, ressalta.<\/p>\n\n\n\n<p>Sobre o massacre deste domingo, Guga explica que v\u00e1rios dos feridos n\u00e3o estavam nem participando do baile.<\/p>\n\n\n\n<p>\u201cA rua faz uma encruzilhada. De um lado tem o baile funk, de outro tem forr\u00f3, de outro tem samba, do outro tem barzinhos.\u201d<\/p>\n\n\n\n<p>Ele critica o preconceito contra o estilo musical. \u201cVai matar as pessoas porque est\u00e3o ouvindo funk?\u201d<\/p>\n\n\n\n<p>Valdemir afirma que dias antes do massacre, \u00e1udios recebidos no whatsapp por ele e outros moradores alertavam para a chacina que estava prestes a ocorrer.<\/p>\n\n\n\n<p>\u201cRecebemos \u00e1udios dizendo que a pol\u00edcia ia fazer uma trag\u00e9dia na comunidade Parais\u00f3polis de vingan\u00e7a. Mas ningu\u00e9m acreditou.\u201d<\/p>\n\n\n\n<p>Ele n\u00e3o aceita a postura do governador Jo\u00e3o Doria (PSDB) frente ao massacre.<\/p>\n\n\n\n<p>\u201cO Doria mora aqui do lado, no Pal\u00e1cio (dos Bandeirantes). N\u00e3o adianta dizer que lamenta. Ele est\u00e1 dando apoio para que isso aconte\u00e7a. A Pol\u00edcia Militar tem uma fac\u00e7\u00e3o miliciana.\u201d<\/p>\n\n\n\n<p>Valdemir tamb\u00e9m critica a falta de \u00e1reas de lazer na favela para que os jovens possam se divertir.<\/p>\n\n\n\n<p>A mesma preocupa\u00e7\u00e3o \u00e9 compartilhada pelo presidente da Associa\u00e7\u00e3o, Jos\u00e9 Maria Lacerda, que mora em Parais\u00f3polis h\u00e1 40 anos.<\/p>\n\n\n\n<p>\u201cSe n\u00e3o d\u00e3o espa\u00e7o para os jovens se divertirem. Eles v\u00e3o se divertir nos bailes funk. Eles n\u00e3o t\u00eam dinheiro para pagar entrada em sal\u00e3o, com o desemprego que est\u00e1 a\u00ed.\u201d<\/p>\n\n\n\n<p>\u201cSe n\u00e3o tem espa\u00e7o para eles se divertirem, eu sou a favor dos meninos (se divertirem no baile). O filho do pobre n\u00e3o tem direito a divertimento. A gente tem filhos jovens. Conforme aconteceu com o filho dos outros poderia ter acontecido com os meus.\u201d<\/p>\n\n\n\n<p>Jos\u00e9 Maria tamb\u00e9m contesta a vers\u00e3o policial sobre a exist\u00eancia de uma moto que teria irrompido pelo baile. \u201cComo uma moto entra no meio de cinco mil pessoas e n\u00e3o atropela ningu\u00e9m?\u201d<\/p>\n\n\n\n<p>Esse \u00e9 o mesmo questionamento feito pelo ex-tenente-coronel Adilson Paes de Souza.<\/p>\n\n\n\n<p>\u201cH\u00e1 uma falha na narrativa, n\u00e3o faz sentido. Entraram com a moto no meio de cinco mil pessoas? E onde est\u00e1 a moto? Naquela confus\u00e3o dizem que encontraram o cartucho de uma bala. Mas n\u00e3o encontraram uma moto?\u201d, indaga o militar, que saiu da corpora\u00e7\u00e3o por n\u00e3o concordar com o modo de atua\u00e7\u00e3o da tropa.<\/p>\n\n\n\n<p>Paes de Souza preferiu trilhar o caminho universit\u00e1rio. Mestre em Direitos Humanos pela Faculdade de Direito da USP, diz que a vers\u00e3o da PM tem muitas lacunas.<\/p>\n\n\n\n<p>\u201cEssa hist\u00f3ria contada pela pol\u00edcia est\u00e1 muito estranha. H\u00e1 uma falha na narrativa, n\u00e3o faz sentido. Tudo leva a crer que foram l\u00e1 para acabar com o baile funk.\u201d<\/p>\n\n\n\n<p>\u201cFoi uma a\u00e7\u00e3o abusiva. Os PMs deveriam ter sido presos em flagrante\u201d, enfatiza o ex-militar.<\/p>\n\n\n\n<p>Ele defende a entrada do Minist\u00e9rio P\u00fablico na apura\u00e7\u00e3o do massacre.<\/p>\n\n\n\n<p>\u201cA pol\u00edcia n\u00e3o admite suas falhas. Existe o esp\u00edrito de corpo. Por isso, tem de ter uma investiga\u00e7\u00e3o isenta. \u00c9 imprescind\u00edvel que o MP assuma as r\u00e9deas (do processo).\u201d<\/p>\n\n\n\n<p>\u201cN\u00e3o d\u00e1 para deixar a investiga\u00e7\u00e3o s\u00f3 nas m\u00e3os da Pol\u00edcia Civil e da PM. J\u00e1 tem delegado dizendo que foi uma fatalidade. E a PM diz que vai investigar, mas afirma que os policiais se defenderam. J\u00e1 est\u00e3o emitindo ju\u00edzo (em apoio aos policiais).\u201d<\/p>\n\n\n\n<p>O presidente do Condepe (Conselho Estadual de Defesa dos Direitos da Pessoa Humana), Dimitri Sales, quer saber quem ordenou e quem executou a opera\u00e7\u00e3o que ele classifica como desastrosa.<\/p>\n\n\n\n<p>\u201cN\u00e3o d\u00e1 para aceitar a vers\u00e3o da PM de que foram atacados. As pessoas ca\u00edram em uma emboscada. N\u00e3o havia rotas de fuga\u201d, critica.<\/p>\n\n\n\n<p>Ele conta que o \u00f3rg\u00e3o j\u00e1 solicitou o laudo das nove mortes que ocorreram no massacre.<\/p>\n\n\n\n<p>De acordo com Dimitri, os legistas n\u00e3o estavam fotografando os cad\u00e1veres. \u201cPedimos para fazerem as fotos para ver em que condi\u00e7\u00f5es os corpos ficaram.\u201d<\/p>\n\n\n\n<p>D\u00e9bora Maria da Silva, fundadora do Movimento M\u00e3es de Maio, ficou estarrecida com o massacre dos nove jovens.<\/p>\n\n\n\n<p>H\u00e1 mais de 13 anos ela perdeu o filho assassinado por policiais militares no epis\u00f3dio que ficou conhecido como Crimes de Maio.<\/p>\n\n\n\n<p>Ela considera que a n\u00e3o puni\u00e7\u00e3o dos culpados pelas 564 mortes, que ocorreram em maio de 2006, \u00e9 combust\u00edvel para o massacre que ocorreu no \u00faltimo domingo.<\/p>\n\n\n\n<p>\u201c\u00c9 revoltante. Se tivesse ocorrido a puni\u00e7\u00e3o, n\u00e3o teriam novas mortes nos becos e nas vielas das favelas.\u201d<\/p>\n\n\n\n<p>E antecipa que as M\u00e3es de Maio v\u00e3o recorrer ao Tribunal Internacional de Haia para buscar justi\u00e7a para a morte de seus filhos.<\/p>\n\n\n\n<p>D\u00e9bora considera que o massacre de Parais\u00f3polis pode contribuir para sensibilizar as autoridades contra o projeto de excludente de ilicitude, que libera policiais de responderem pelos crimes que cometerem.<\/p>\n\n\n\n<p>\u201cEsse massacre demonstra que o excludente de ilicitude \u00e9 uma carta branca para os policiais matarem. Vamos barrar isso.\u201d<br><\/p>\n","protected":false},"excerpt":{"rendered":"<p>Falando para o\u00a0Viomundo\u00a0na condi\u00e7\u00e3o de anonimato, por temerem repres\u00e1lias dos policiais, moradores contam que as v\u00edtimas n\u00e3o morreram pisoteadas como a m\u00eddia chegou a informar inicialmente.<\/p>\n","protected":false},"author":1,"featured_media":0,"comment_status":"closed","ping_status":"open","sticky":false,"template":"","format":"standard","meta":{"_exactmetrics_skip_tracking":false,"_exactmetrics_sitenote_active":false,"_exactmetrics_sitenote_note":"","_exactmetrics_sitenote_category":0,"jetpack_post_was_ever_published":false,"_jetpack_newsletter_access":"","_jetpack_dont_email_post_to_subs":false,"_jetpack_newsletter_tier_id":0,"_jetpack_memberships_contains_paywalled_content":false,"_jetpack_memberships_contains_paid_content":false,"footnotes":"","jetpack_publicize_message":"","jetpack_publicize_feature_enabled":true,"jetpack_social_post_already_shared":true,"jetpack_social_options":{"image_generator_settings":{"template":"highway","enabled":false},"version":2}},"categories":[1],"tags":[],"class_list":["post-25302","post","type-post","status-publish","format-standard","hentry","category-notas"],"jetpack_publicize_connections":[],"jetpack_sharing_enabled":true,"jetpack_featured_media_url":"","jetpack_shortlink":"https:\/\/wp.me\/p7wKYW-6A6","jetpack-related-posts":[],"_links":{"self":[{"href":"http:\/\/blogdalucianaoliveira.com.br\/blog\/wp-json\/wp\/v2\/posts\/25302","targetHints":{"allow":["GET"]}}],"collection":[{"href":"http:\/\/blogdalucianaoliveira.com.br\/blog\/wp-json\/wp\/v2\/posts"}],"about":[{"href":"http:\/\/blogdalucianaoliveira.com.br\/blog\/wp-json\/wp\/v2\/types\/post"}],"author":[{"embeddable":true,"href":"http:\/\/blogdalucianaoliveira.com.br\/blog\/wp-json\/wp\/v2\/users\/1"}],"replies":[{"embeddable":true,"href":"http:\/\/blogdalucianaoliveira.com.br\/blog\/wp-json\/wp\/v2\/comments?post=25302"}],"version-history":[{"count":1,"href":"http:\/\/blogdalucianaoliveira.com.br\/blog\/wp-json\/wp\/v2\/posts\/25302\/revisions"}],"predecessor-version":[{"id":25303,"href":"http:\/\/blogdalucianaoliveira.com.br\/blog\/wp-json\/wp\/v2\/posts\/25302\/revisions\/25303"}],"wp:attachment":[{"href":"http:\/\/blogdalucianaoliveira.com.br\/blog\/wp-json\/wp\/v2\/media?parent=25302"}],"wp:term":[{"taxonomy":"category","embeddable":true,"href":"http:\/\/blogdalucianaoliveira.com.br\/blog\/wp-json\/wp\/v2\/categories?post=25302"},{"taxonomy":"post_tag","embeddable":true,"href":"http:\/\/blogdalucianaoliveira.com.br\/blog\/wp-json\/wp\/v2\/tags?post=25302"}],"curies":[{"name":"wp","href":"https:\/\/api.w.org\/{rel}","templated":true}]}}