{"id":25306,"date":"2019-12-03T16:40:17","date_gmt":"2019-12-03T20:40:17","guid":{"rendered":"http:\/\/blogdalucianaoliveira.com.br\/blog\/?p=25306"},"modified":"2019-12-03T16:40:17","modified_gmt":"2019-12-03T20:40:17","slug":"anvisa-aprova-regulacao-de-remedio-a-base-de-cannabis-e-produto-sera-vendido-em-farmacia","status":"publish","type":"post","link":"http:\/\/blogdalucianaoliveira.com.br\/blog\/2019\/12\/03\/anvisa-aprova-regulacao-de-remedio-a-base-de-cannabis-e-produto-sera-vendido-em-farmacia\/","title":{"rendered":"Anvisa aprova regula\u00e7\u00e3o de rem\u00e9dio \u00e0 base de cannabis e produto ser\u00e1 vendido em farm\u00e1cia"},"content":{"rendered":"\n<figure class=\"wp-block-image\"><img data-recalc-dims=\"1\" decoding=\"async\" src=\"https:\/\/i0.wp.com\/publisher-publish.s3.eu-central-1.amazonaws.com\/pb-brasil247\/swp\/jtjeq9\/media\/20191203161220_87e92706-ac0d-4a9c-bfa7-1b2d9718f5a8.jpeg?w=600&#038;ssl=1\" alt=\"\"\/><\/figure>\n\n\n\n<p><strong>247-<\/strong>\u00a0A diretoria colegiada da Anvisa aprovou na manh\u00e3 desta ter\u00e7a-feira, por unanimidade, o registro de medicamentos \u00e0 base de Cannabis, medida aguardada com muita expectativa por pessoas que sofrem de certas enfermidades e precisam da subst\u00e2ncia para o tratamento.\u00a0 <\/p>\n\n\n\n<!--more-->\n\n\n\n<p>A resolu\u00e7\u00e3o, que deve ser publicada nos pr\u00f3ximos dias, limita a concentra\u00e7\u00e3o de THC a 0,2%, dentre outras regras.\u00a0<br><\/p>\n\n\n\n<p>A resolu\u00e7\u00e3o cria uma nova classe de produto sujeito \u00e0 vigil\u00e2ncia sanit\u00e1ria: o &#8220;produto \u00e0 base de cannabis&#8221;. Ou seja, durante o per\u00edodo, os produtos ainda n\u00e3o ser\u00e3o classificados como medicamentos,&nbsp;<a href=\"https:\/\/g1.globo.com\/bemestar\/noticia\/2019\/12\/03\/anvisa-regulamenta-cannabis.ghtml?utm_source=twitter&amp;utm_medium=social&amp;utm_campaign=g1\">explica<\/a>&nbsp;reportagem do Portal G1.&nbsp;<\/p>\n\n\n\n<p>Um dos diretores da Ag\u00eancia Nacional de Vigil\u00e2ncia Sanit\u00e1ria (Anvisa), Renato Porto, renunciou ao cargo na \u00faltima sexta-feira (29), mas deixou claro que a ren\u00fancia n\u00e3o tem rela\u00e7\u00e3o com a vota\u00e7\u00e3o da regulamenta\u00e7\u00e3o do rem\u00e9dio \u00e0 base de cannabis.&nbsp;<br><\/p>\n\n\n\n<p><\/p>\n\n\n\n<p><\/p>\n","protected":false},"excerpt":{"rendered":"<p>247-\u00a0A diretoria colegiada da Anvisa aprovou na manh\u00e3 desta ter\u00e7a-feira, por unanimidade, o registro de medicamentos \u00e0 base de Cannabis, medida aguardada com muita expectativa por pessoas que sofrem de certas enfermidades e precisam da subst\u00e2ncia para o tratamento.\u00a0<\/p>\n","protected":false},"author":1,"featured_media":0,"comment_status":"closed","ping_status":"open","sticky":false,"template":"","format":"standard","meta":{"_exactmetrics_skip_tracking":false,"_exactmetrics_sitenote_active":false,"_exactmetrics_sitenote_note":"","_exactmetrics_sitenote_category":0,"jetpack_post_was_ever_published":false,"_jetpack_newsletter_access":"","_jetpack_dont_email_post_to_subs":false,"_jetpack_newsletter_tier_id":0,"_jetpack_memberships_contains_paywalled_content":false,"_jetpack_memberships_contains_paid_content":false,"footnotes":"","jetpack_publicize_message":"","jetpack_publicize_feature_enabled":true,"jetpack_social_post_already_shared":true,"jetpack_social_options":{"image_generator_settings":{"template":"highway","enabled":false},"version":2}},"categories":[1],"tags":[],"class_list":["post-25306","post","type-post","status-publish","format-standard","hentry","category-notas"],"jetpack_publicize_connections":[],"jetpack_sharing_enabled":true,"jetpack_featured_media_url":"","jetpack_shortlink":"https:\/\/wp.me\/p7wKYW-6Aa","jetpack-related-posts":[],"_links":{"self":[{"href":"http:\/\/blogdalucianaoliveira.com.br\/blog\/wp-json\/wp\/v2\/posts\/25306","targetHints":{"allow":["GET"]}}],"collection":[{"href":"http:\/\/blogdalucianaoliveira.com.br\/blog\/wp-json\/wp\/v2\/posts"}],"about":[{"href":"http:\/\/blogdalucianaoliveira.com.br\/blog\/wp-json\/wp\/v2\/types\/post"}],"author":[{"embeddable":true,"href":"http:\/\/blogdalucianaoliveira.com.br\/blog\/wp-json\/wp\/v2\/users\/1"}],"replies":[{"embeddable":true,"href":"http:\/\/blogdalucianaoliveira.com.br\/blog\/wp-json\/wp\/v2\/comments?post=25306"}],"version-history":[{"count":0,"href":"http:\/\/blogdalucianaoliveira.com.br\/blog\/wp-json\/wp\/v2\/posts\/25306\/revisions"}],"wp:attachment":[{"href":"http:\/\/blogdalucianaoliveira.com.br\/blog\/wp-json\/wp\/v2\/media?parent=25306"}],"wp:term":[{"taxonomy":"category","embeddable":true,"href":"http:\/\/blogdalucianaoliveira.com.br\/blog\/wp-json\/wp\/v2\/categories?post=25306"},{"taxonomy":"post_tag","embeddable":true,"href":"http:\/\/blogdalucianaoliveira.com.br\/blog\/wp-json\/wp\/v2\/tags?post=25306"}],"curies":[{"name":"wp","href":"https:\/\/api.w.org\/{rel}","templated":true}]}}