{"id":25316,"date":"2019-12-04T12:10:57","date_gmt":"2019-12-04T16:10:57","guid":{"rendered":"http:\/\/blogdalucianaoliveira.com.br\/blog\/?p=25316"},"modified":"2019-12-04T12:11:04","modified_gmt":"2019-12-04T16:11:04","slug":"internautas-celebram-parabenscasoqueiroz-que-completa-1-ano-de-impunidade","status":"publish","type":"post","link":"http:\/\/blogdalucianaoliveira.com.br\/blog\/2019\/12\/04\/internautas-celebram-parabenscasoqueiroz-que-completa-1-ano-de-impunidade\/","title":{"rendered":"Internautas &#8220;celebram&#8221; #Parab\u00e9nsCasoQueiroz, que completa 1 ano de impunidade"},"content":{"rendered":"\n<figure class=\"wp-block-image size-large\"><img data-recalc-dims=\"1\" loading=\"lazy\" decoding=\"async\" width=\"500\" height=\"240\" data-attachment-id=\"25317\" data-permalink=\"http:\/\/blogdalucianaoliveira.com.br\/blog\/2019\/12\/04\/internautas-celebram-parabenscasoqueiroz-que-completa-1-ano-de-impunidade\/f80c665b-0475-48c5-ac5d-32df72716941\/\" data-orig-file=\"https:\/\/i0.wp.com\/blogdalucianaoliveira.com.br\/blog\/wp-content\/uploads\/2019\/12\/F80C665B-0475-48C5-AC5D-32DF72716941.jpeg?fit=500%2C240\" data-orig-size=\"500,240\" data-comments-opened=\"0\" data-image-meta=\"{&quot;aperture&quot;:&quot;0&quot;,&quot;credit&quot;:&quot;&quot;,&quot;camera&quot;:&quot;&quot;,&quot;caption&quot;:&quot;&quot;,&quot;created_timestamp&quot;:&quot;0&quot;,&quot;copyright&quot;:&quot;&quot;,&quot;focal_length&quot;:&quot;0&quot;,&quot;iso&quot;:&quot;0&quot;,&quot;shutter_speed&quot;:&quot;0&quot;,&quot;title&quot;:&quot;&quot;,&quot;orientation&quot;:&quot;0&quot;}\" data-image-title=\"F80C665B-0475-48C5-AC5D-32DF72716941\" data-image-description=\"\" data-image-caption=\"\" data-medium-file=\"https:\/\/i0.wp.com\/blogdalucianaoliveira.com.br\/blog\/wp-content\/uploads\/2019\/12\/F80C665B-0475-48C5-AC5D-32DF72716941.jpeg?fit=300%2C144\" data-large-file=\"https:\/\/i0.wp.com\/blogdalucianaoliveira.com.br\/blog\/wp-content\/uploads\/2019\/12\/F80C665B-0475-48C5-AC5D-32DF72716941.jpeg?fit=500%2C240\" src=\"https:\/\/i0.wp.com\/blogdalucianaoliveira.com.br\/blog\/wp-content\/uploads\/2019\/12\/F80C665B-0475-48C5-AC5D-32DF72716941.jpeg?resize=500%2C240\" alt=\"\" class=\"wp-image-25317\" srcset=\"https:\/\/i0.wp.com\/blogdalucianaoliveira.com.br\/blog\/wp-content\/uploads\/2019\/12\/F80C665B-0475-48C5-AC5D-32DF72716941.jpeg?w=500 500w, https:\/\/i0.wp.com\/blogdalucianaoliveira.com.br\/blog\/wp-content\/uploads\/2019\/12\/F80C665B-0475-48C5-AC5D-32DF72716941.jpeg?resize=300%2C144 300w\" sizes=\"auto, (max-width: 500px) 100vw, 500px\" \/><\/figure>\n\n\n\n<p><strong>247 &#8211;\u00a0<\/strong>Hoje completa-se um ano que o Coaf identificou movimenta\u00e7\u00e3o at\u00edpica de R$ 1,2 milh\u00e3o em nome de Fabr\u00edcio Queiroz, o &#8220;laranja&#8221; ex-assessor do ent\u00e3o deputado estadual. Desde ent\u00e3o, Fl\u00e1vio se beneficiou de duas decis\u00f5es de ministros do STF (Supremo Tribunal Federal), que arquivou seu caso.\u00a0<br><br>Blindando, Fl\u00e1vio n\u00e3o pecisou prestar depoimento a promotores. J\u00e1 o ex-assessor s\u00f3 se manifestou por escrito ao MP e seguiu sua vida sem prestar maiores esclarecimentos.\u00a0<\/p>\n\n\n\n<!--more-->\n\n\n\n<p>Os internautas n\u00e3o deixaram a data passar em branco e subiram a #Parab\u00e9nsCasoQueiroz nos assuntos mais comentados do Twitter.&nbsp;<\/p>\n\n\n\n<figure class=\"wp-block-image\"><a href=\"https:\/\/twitter.com\/Luhlimma09\"><img data-recalc-dims=\"1\" decoding=\"async\" src=\"https:\/\/i0.wp.com\/pbs.twimg.com\/profile_images\/1178793518543847428\/R7UNBBGf_bigger.jpg?w=600&#038;ssl=1\" alt=\"\"\/><\/a><\/figure>\n\n\n\n<p>Veja algumas postagens:&nbsp;<\/p>\n\n\n\n<p><a href=\"https:\/\/twitter.com\/Luhlimma09\"><strong>Luciana lima<\/strong>@Luhlimma09<\/a><a href=\"https:\/\/twitter.com\/Luhlimma09\/status\/1202211347976671232\"><\/a><\/p>\n\n\n\n<p>Hoje vai ser uma festa<br>Bolo e guaran\u00e1<br>Muitos sucos de laranja<br>\u00c9 o seu anivers\u00e1rio&#8230;..<br><br> <a href=\"https:\/\/twitter.com\/hashtag\/Parab%C3%A9nsCasoQueiroz?src=hash\">#Parab\u00e9nsCasoQueiroz<\/a><a href=\"https:\/\/twitter.com\/Luhlimma09\/status\/1202211347976671232\"><\/a><a href=\"https:\/\/twitter.com\/intent\/like?tweet_id=1202211347976671232\">26<\/a><a href=\"https:\/\/twitter.com\/Luhlimma09\/status\/1202211347976671232\">09:01 &#8211; 4 de dez de 2019<\/a><a href=\"https:\/\/support.twitter.com\/articles\/20175256\">Informa\u00e7\u00f5es e privacidade no Twitter Ads<\/a><a href=\"https:\/\/twitter.com\/Luhlimma09\/status\/1202211347976671232\">17 pessoas est\u00e3o falando sobre isso<\/a><\/p>\n\n\n\n<figure class=\"wp-block-image\"><a href=\"https:\/\/twitter.com\/xicosa\"><img data-recalc-dims=\"1\" decoding=\"async\" src=\"https:\/\/i0.wp.com\/pbs.twimg.com\/profile_images\/1080788983746039808\/WuU5KNPI_bigger.jpg?w=600&#038;ssl=1\" alt=\"\"\/><\/a><\/figure>\n\n\n\n<p><a href=\"https:\/\/twitter.com\/xicosa\"><strong>xico s\u00e1<\/strong><strong>\u2714<\/strong>@xicosa<\/a><a href=\"https:\/\/twitter.com\/xicosa\/status\/1202186296107700225\"><\/a><\/p>\n\n\n\n<p>\u00c9 sim pra comemorar. <a href=\"https:\/\/twitter.com\/hashtag\/ParabensCasoQueiroz?src=hash\">#ParabensCasoQueiroz<\/a> <a href=\"https:\/\/t.co\/8MMyO6HNMs\" rel=\"noreferrer noopener\" target=\"_blank\">https:\/\/twitter.com\/jairmearrependi\/status\/1202183100442251266&nbsp;\u2026<\/a><a href=\"https:\/\/twitter.com\/jairmearrependi\/status\/1202183100442251266\" target=\"_blank\" rel=\"noreferrer noopener\"><strong>Mov. Jair Me Arrependi<\/strong>@jairmearrependi\u00c9 BIG! \u00c9 BIG! \u00c9 BIG, \u00c9 BIG, \u00c9 BIG! <br><br>Hoje \u00e9 um dia especial! Thread em comemora\u00e7\u00e3o ao primeiro aninho do Caso Queiroz. #Parab\u00e9nsCasoQueiroz <\/a><a href=\"https:\/\/twitter.com\/intent\/like?tweet_id=1202186296107700225\">364<\/a><a href=\"https:\/\/twitter.com\/xicosa\/status\/1202186296107700225\">07:22 &#8211; 4 de dez de 2019<\/a><a href=\"https:\/\/support.twitter.com\/articles\/20175256\">Informa\u00e7\u00f5es e privacidade no Twitter Ads<\/a><a href=\"https:\/\/twitter.com\/xicosa\/status\/1202186296107700225\">95 pessoas est\u00e3o falando sobre isso<\/a><\/p>\n\n\n\n<figure class=\"wp-block-image\"><a href=\"https:\/\/twitter.com\/IvanValente\"><img data-recalc-dims=\"1\" decoding=\"async\" src=\"https:\/\/i0.wp.com\/pbs.twimg.com\/profile_images\/1052627113675755520\/XxVxMAi0_bigger.jpg?w=600&#038;ssl=1\" alt=\"\"\/><\/a><\/figure>\n\n\n\n<p><a href=\"https:\/\/twitter.com\/IvanValente\"><strong>Ivan Valente<\/strong><strong>\u2714<\/strong>@IvanValente<\/a><a href=\"https:\/\/twitter.com\/IvanValente\/status\/1202228624797130753\"><\/a><\/p>\n\n\n\n<p>Elo da fam\u00edlia Bolsonaro com as mil\u00edcias, amigo pessoal do cl\u00e3, chefe do gabinete de Fl\u00e1vio, hoje \u00e9 anivers\u00e1rio&#8230;<br><br>&#8230; do in\u00edcio das investiga\u00e7\u00f5es daquele que \u00e9 protegido de Sergio Moro, Fabr\u00edcio Queiro! <br><br>Se a investiga\u00e7\u00e3o seguir, v\u00e3o celebrar na cadeia!<a href=\"https:\/\/twitter.com\/hashtag\/ParabensCasoQueiroz?src=hash\">#ParabensCasoQueiroz<\/a><a href=\"https:\/\/twitter.com\/intent\/like?tweet_id=1202228624797130753\">130<\/a><a href=\"https:\/\/twitter.com\/IvanValente\/status\/1202228624797130753\">10:10 &#8211; 4 de dez de 2019<\/a><a href=\"https:\/\/support.twitter.com\/articles\/20175256\">Informa\u00e7\u00f5es e privacidade no Twitter Ads<\/a><a href=\"https:\/\/twitter.com\/IvanValente\/status\/1202228624797130753\">46 pessoas est\u00e3o falando sobre isso<\/a><\/p>\n\n\n\n<figure class=\"wp-block-image\"><a href=\"https:\/\/twitter.com\/ZellFlorizel\"><img data-recalc-dims=\"1\" decoding=\"async\" src=\"https:\/\/i0.wp.com\/pbs.twimg.com\/profile_images\/1199272284793589760\/D31Kn7kB_bigger.jpg?w=600&#038;ssl=1\" alt=\"\"\/><\/a><\/figure>\n\n\n\n<p><a href=\"https:\/\/twitter.com\/ZellFlorizel\"><strong>Zel Florizel&nbsp;<\/strong>@ZellFlorizel<\/a><a href=\"https:\/\/twitter.com\/ZellFlorizel\/status\/1202200884861710337\"><\/a><\/p>\n\n\n\n<figure class=\"wp-block-image\"><img data-recalc-dims=\"1\" decoding=\"async\" src=\"https:\/\/i0.wp.com\/abs.twimg.com\/emoji\/v2\/72x72\/1f382.png?w=600&#038;ssl=1\" alt=\"\ud83c\udf82\"\/><\/figure>\n\n\n\n<figure class=\"wp-block-image\"><img data-recalc-dims=\"1\" decoding=\"async\" src=\"https:\/\/i0.wp.com\/abs.twimg.com\/emoji\/v2\/72x72\/1f34a.png?w=600&#038;ssl=1\" alt=\"\ud83c\udf4a\"\/><\/figure>\n\n\n\n<p><a href=\"https:\/\/twitter.com\/hashtag\/Parab%C3%A9nsCasoQueiroz?src=hash\">#Parab\u00e9nsCasoQueiroz<\/a>  Cad\u00ea o Queiroz? <br>Cassa\u00e7\u00e3o de Fl\u00e1vio Bolsonaro: o Brasil pede justi\u00e7a e \u00e9tica; 177.460 pessoas j\u00e1 assinaram. Ajude a chegar a 200.000!<a href=\"https:\/\/t.co\/umZ84rDJ32\" rel=\"noreferrer noopener\" target=\"_blank\">https:\/\/www.change.org\/p\/cassa\u00e7\u00e3o-de-fl\u00e1vio-bolsonaro-o-brasil-pede-justi\u00e7a-e-\u00e9tica&nbsp;\u2026<\/a><a href=\"https:\/\/t.co\/umZ84rDJ32\">Assine o Abaixo-assinadoCassa\u00e7\u00e3o de Fl\u00e1vio Bolsonaro: o Brasil pede justi\u00e7a e \u00e9ticachange.org<\/a><a href=\"https:\/\/twitter.com\/intent\/like?tweet_id=1202200884861710337\">428<\/a><a href=\"https:\/\/twitter.com\/ZellFlorizel\/status\/1202200884861710337\">08:20 &#8211; 4 de dez de 2019<\/a><a href=\"https:\/\/support.twitter.com\/articles\/20175256\">Informa\u00e7\u00f5es e privacidade no Twitter Ads<\/a><a href=\"https:\/\/twitter.com\/ZellFlorizel\/status\/1202200884861710337\">207 pessoas est\u00e3o falando sobre isso<\/a><\/p>\n\n\n\n<figure class=\"wp-block-image\"><a href=\"https:\/\/twitter.com\/lolaescreva\"><img data-recalc-dims=\"1\" decoding=\"async\" src=\"https:\/\/i0.wp.com\/pbs.twimg.com\/profile_images\/721411379161341952\/ENrPGfeH_bigger.jpg?w=600&#038;ssl=1\" alt=\"\"\/><\/a><\/figure>\n\n\n\n<p><a href=\"https:\/\/twitter.com\/lolaescreva\"><strong>Lola Aronovich<\/strong><strong>\u2714<\/strong>@lolaescreva<\/a><a href=\"https:\/\/twitter.com\/lolaescreva\/status\/1202202306315464704\"><\/a><\/p>\n\n\n\n<p><a href=\"https:\/\/twitter.com\/hashtag\/Parab%C3%A9nsCasoQueiroz?src=hash\">#Parab\u00e9nsCasoQueiroz<\/a> Um ano inteiro sem q nada tenha sido investigado! Um ano inteiro com uma pol\u00edcia aparelhada comandada por Moro! Nunca foi sobre corrup\u00e7\u00e3o, n\u00e9?<a href=\"https:\/\/twitter.com\/intent\/like?tweet_id=1202202306315464704\">1.135<\/a><a href=\"https:\/\/twitter.com\/lolaescreva\/status\/1202202306315464704\">08:25 &#8211; 4 de dez de 2019<\/a><a href=\"https:\/\/support.twitter.com\/articles\/20175256\">Informa\u00e7\u00f5es e privacidade no Twitter Ads<\/a><a href=\"https:\/\/twitter.com\/lolaescreva\/status\/1202202306315464704\">424 pessoas est\u00e3o falando sobre isso<\/a><\/p>\n\n\n\n<figure class=\"wp-block-image\"><a href=\"https:\/\/twitter.com\/heldersalomao\"><img data-recalc-dims=\"1\" decoding=\"async\" src=\"https:\/\/i0.wp.com\/pbs.twimg.com\/profile_images\/1190053205562007552\/RIr1dK92_bigger.jpg?w=600&#038;ssl=1\" alt=\"\"\/><\/a><\/figure>\n\n\n\n<p><a href=\"https:\/\/twitter.com\/heldersalomao\"><strong>Helder Salom\u00e3o<\/strong><strong>\u2714<\/strong>@heldersalomao<\/a><a href=\"https:\/\/twitter.com\/heldersalomao\/status\/1202212551435665408\"><\/a><\/p>\n\n\n\n<p>Den\u00fancia envolvendo Fl\u00e1vio Bolsonaro e Fabr\u00edcio Queiroz faz um ano e ganha homenagem no Twitter: <a href=\"https:\/\/twitter.com\/hashtag\/Parab%C3%A9nsCasoQueiroz?src=hash\">#Parab\u00e9nsCasoQueiroz<\/a> <a href=\"https:\/\/t.co\/ZZyFiq0gam\" rel=\"noreferrer noopener\" target=\"_blank\">https:\/\/revistaforum.com.br\/politica\/denuncia-envolvendo-flavio-bolsonaro-faz-um-ano-e-ganha-homenagem-no-twitter-parabenscasoqueiroz\/&nbsp;\u2026<\/a><a href=\"https:\/\/t.co\/ZZyFiq0gam\">Den\u00fancia envolvendo Fl\u00e1vio Bolsonaro faz um ano e ganha homenagem no Twitter: #Parab\u00e9nsCasoQueiroz&#8230;O anivers\u00e1rio tem sido comemorado nas redes com v\u00e1rios memesrevistaforum.com.br<\/a><a href=\"https:\/\/twitter.com\/intent\/like?tweet_id=1202212551435665408\">102<\/a><a href=\"https:\/\/twitter.com\/heldersalomao\/status\/1202212551435665408\">09:06 &#8211; 4 de dez de 2019<\/a><a href=\"https:\/\/support.twitter.com\/articles\/20175256\">Informa\u00e7\u00f5es e privacidade no Twitter Ads<\/a><a href=\"https:\/\/twitter.com\/heldersalomao\/status\/1202212551435665408\">52 pessoas est\u00e3o falando sobre isso<\/a><\/p>\n\n\n\n\n\n<p><\/p>\n","protected":false},"excerpt":{"rendered":"<p>247 &#8211;\u00a0Hoje completa-se um ano que o Coaf identificou movimenta\u00e7\u00e3o at\u00edpica de R$ 1,2 milh\u00e3o em nome de Fabr\u00edcio Queiroz, o &#8220;laranja&#8221; ex-assessor do ent\u00e3o deputado estadual. Desde ent\u00e3o, Fl\u00e1vio se beneficiou de duas decis\u00f5es de ministros do STF (Supremo Tribunal Federal), que arquivou seu caso.\u00a0 Blindando, Fl\u00e1vio n\u00e3o pecisou prestar depoimento a promotores. J\u00e1&#8230;<a class=\"more-link\" href=\"http:\/\/blogdalucianaoliveira.com.br\/blog\/2019\/12\/04\/internautas-celebram-parabenscasoqueiroz-que-completa-1-ano-de-impunidade\/\">Continue a leitura <span class=\"meta-nav\">&raquo;<\/span><\/a><\/p>\n","protected":false},"author":1,"featured_media":0,"comment_status":"closed","ping_status":"open","sticky":false,"template":"","format":"standard","meta":{"_exactmetrics_skip_tracking":false,"_exactmetrics_sitenote_active":false,"_exactmetrics_sitenote_note":"","_exactmetrics_sitenote_category":0,"jetpack_post_was_ever_published":false,"_jetpack_newsletter_access":"","_jetpack_dont_email_post_to_subs":false,"_jetpack_newsletter_tier_id":0,"_jetpack_memberships_contains_paywalled_content":false,"_jetpack_memberships_contains_paid_content":false,"footnotes":"","jetpack_publicize_message":"","jetpack_publicize_feature_enabled":true,"jetpack_social_post_already_shared":true,"jetpack_social_options":{"image_generator_settings":{"template":"highway","enabled":false},"version":2}},"categories":[1],"tags":[],"class_list":["post-25316","post","type-post","status-publish","format-standard","hentry","category-notas"],"jetpack_publicize_connections":[],"jetpack_sharing_enabled":true,"jetpack_featured_media_url":"","jetpack_shortlink":"https:\/\/wp.me\/p7wKYW-6Ak","jetpack-related-posts":[],"_links":{"self":[{"href":"http:\/\/blogdalucianaoliveira.com.br\/blog\/wp-json\/wp\/v2\/posts\/25316","targetHints":{"allow":["GET"]}}],"collection":[{"href":"http:\/\/blogdalucianaoliveira.com.br\/blog\/wp-json\/wp\/v2\/posts"}],"about":[{"href":"http:\/\/blogdalucianaoliveira.com.br\/blog\/wp-json\/wp\/v2\/types\/post"}],"author":[{"embeddable":true,"href":"http:\/\/blogdalucianaoliveira.com.br\/blog\/wp-json\/wp\/v2\/users\/1"}],"replies":[{"embeddable":true,"href":"http:\/\/blogdalucianaoliveira.com.br\/blog\/wp-json\/wp\/v2\/comments?post=25316"}],"version-history":[{"count":2,"href":"http:\/\/blogdalucianaoliveira.com.br\/blog\/wp-json\/wp\/v2\/posts\/25316\/revisions"}],"predecessor-version":[{"id":25319,"href":"http:\/\/blogdalucianaoliveira.com.br\/blog\/wp-json\/wp\/v2\/posts\/25316\/revisions\/25319"}],"wp:attachment":[{"href":"http:\/\/blogdalucianaoliveira.com.br\/blog\/wp-json\/wp\/v2\/media?parent=25316"}],"wp:term":[{"taxonomy":"category","embeddable":true,"href":"http:\/\/blogdalucianaoliveira.com.br\/blog\/wp-json\/wp\/v2\/categories?post=25316"},{"taxonomy":"post_tag","embeddable":true,"href":"http:\/\/blogdalucianaoliveira.com.br\/blog\/wp-json\/wp\/v2\/tags?post=25316"}],"curies":[{"name":"wp","href":"https:\/\/api.w.org\/{rel}","templated":true}]}}