{"id":25320,"date":"2019-12-04T19:44:03","date_gmt":"2019-12-04T23:44:03","guid":{"rendered":"http:\/\/blogdalucianaoliveira.com.br\/blog\/?p=25320"},"modified":"2019-12-04T19:44:14","modified_gmt":"2019-12-04T23:44:14","slug":"lula-e-dilma-sao-absolvidos-da-farsa-de-janot-sobre-quadrilhao","status":"publish","type":"post","link":"http:\/\/blogdalucianaoliveira.com.br\/blog\/2019\/12\/04\/lula-e-dilma-sao-absolvidos-da-farsa-de-janot-sobre-quadrilhao\/","title":{"rendered":"Lula e Dilma s\u00e3o absolvidos da farsa de Janot sobre &#8216;quadrilh\u00e3o&#8217;"},"content":{"rendered":"\n<figure class=\"wp-block-image\"><img data-recalc-dims=\"1\" decoding=\"async\" src=\"https:\/\/i0.wp.com\/publisher-publish.s3.eu-central-1.amazonaws.com\/pb-brasil247\/swp\/jtjeq9\/media\/20191205001216_c9e9621d-676d-4c60-ba1a-ad31100e8bd6.jpeg?w=600&#038;ssl=1\" alt=\"\"\/><\/figure>\n\n\n\n<p><strong>247<\/strong>&nbsp;&#8211; Os ex-presidentes Luiz In\u00e1cio Lula da Silva e Dilma Rousseff foram absolvidos nesta quarta-feira, 4, da acusa\u00e7\u00e3o de integrar uma suposta organiza\u00e7\u00e3o criminosa, que ficou conhecida como &#8220;quadrilh\u00e3o&#8221;.&nbsp;<\/p>\n\n\n\n<!--more-->\n\n\n\n<p>A decis\u00e3o \u00e9 do juiz Marcos Vinicius Reis Bastos, da 12\u00aa Vara Federal do DF. Em sua senten\u00e7a o magistrado diz que a den\u00fancia do Minist\u00e9rio P\u00fablioco Federal &#8220;traduz tentativa de criminalizar a atividade pol\u00edtica&#8221; e n\u00e3o apresenta provas do envolvimentos dos ex-presidentes nas acusa\u00e7\u00f5es.&nbsp;<\/p>\n\n\n\n<p>Tamb\u00e9m foram absolvidos da acusa\u00e7\u00e3o os ex-ministros Antonio Palocci e Guido Mantega, e o ex-tesoureiro do PT Jo\u00e3o Vaccari Neto.&nbsp;<\/p>\n\n\n\n<p>&#8220;Perante um juiz imparcial, conseguimos hoje a absolvi\u00e7\u00e3o sum\u00e1ria de&nbsp;<a href=\"https:\/\/slack-redir.net\/link?url=https%3A%2F%2Ftwitter.com%2FLulaOficial\">@LulaOficial<\/a>. O magistrado de Bras\u00edlia indicou a \u201ctentativa de criminalizar a atividade pol\u00edtica\u201d pela descabida acusa\u00e7\u00e3o que ficou conhecida como &#8216;quadrilh\u00e3o&#8217; &#8211; que faz parte do Lawfare contra&nbsp;<a href=\"https:\/\/slack-redir.net\/link?url=https%3A%2F%2Ftwitter.com%2FLulaOficial\">@LulaOficial<\/a>&#8220;, comemorou o advogado Cristiano Zanin Martins, que defende o ex-presidente Lula.&nbsp;<\/p>\n\n\n\n<p>A acusa\u00e7\u00e3o \u00e9 de 2017, e foi oferecida ao Supremo Tribunal Federal pelo ent\u00e3o procurador-geral Rodrigo Janot. O ent\u00e3o PGR afirmou que entre 2002 e 2016, os denunciados \u2018integraram e estruturaram uma organiza\u00e7\u00e3o criminosa com atua\u00e7\u00e3o durante o per\u00edodo em que Lula e Dilma Rousseff sucessivamente titularizaram a Presid\u00eancia da Rep\u00fablica, para cometimento de uma mir\u00edade de delitos\u2019.<\/p>\n\n\n\n<p><strong>Leia a decis\u00e3o do juiz Marcos Vinicius Reis Bastos na \u00edntegra:<\/strong><\/p>\n\n\n\n<figure><iframe loading=\"lazy\" src=\"https:\/\/www.slideshare.net\/slideshow\/embed_code\/key\/LmgqBWsFrCcXBX\" width=\"668\" height=\"714\" allowfullscreen=\"\"><\/iframe><\/figure>\n\n\n\n<p><strong><a href=\"https:\/\/www.slideshare.net\/LeonardoAttuch2\/deciso-absolvio-de-lula\" target=\"_blank\" rel=\"noreferrer noopener\">Decis\u00e3o absolvi\u00e7\u00e3o de Lula&nbsp;<\/a><\/strong>de&nbsp;<strong><a href=\"https:\/\/www.slideshare.net\/LeonardoAttuch2\" target=\"_blank\" rel=\"noreferrer noopener\">Leonardo Attuch<\/a><\/strong><\/p>\n\n\n\n<p>Veja o Twitter de Cristiano Zanin:&nbsp;<\/p>\n\n\n\n<figure class=\"wp-block-image\"><a href=\"https:\/\/twitter.com\/czmartins\"><img data-recalc-dims=\"1\" decoding=\"async\" src=\"https:\/\/i0.wp.com\/pbs.twimg.com\/profile_images\/1149855972250308608\/FabMX4w9_normal.jpg?w=600&#038;ssl=1\" alt=\"\"\/><\/a><\/figure>\n\n\n\n<p><a href=\"https:\/\/twitter.com\/czmartins\"><strong>Cristiano Zanin Martins<\/strong><strong>\u2714<\/strong>@czmartins<\/a><a href=\"https:\/\/twitter.com\/czmartins\/status\/1202352475161931778\"><\/a><\/p>\n\n\n\n<p>Perante um juiz imparcial, conseguimos hoje a absolvi\u00e7\u00e3o sum\u00e1ria de <a href=\"https:\/\/twitter.com\/LulaOficial\">@LulaOficial<\/a>. O magistrado de Bras\u00edlia indicou a \u201ctentativa de criminalizar a atividade pol\u00edtica\u201d pela descabida acusa\u00e7\u00e3o que ficou conhecida como \u201cquadrilh\u00e3o\u201d &#8211; que faz parte do Lawfare contra <a href=\"https:\/\/twitter.com\/LulaOficial\">@LulaOficial<\/a>.<a href=\"https:\/\/twitter.com\/intent\/like?tweet_id=1202352475161931778\">4.141<\/a><a href=\"https:\/\/twitter.com\/czmartins\/status\/1202352475161931778\">19:22 &#8211; 4 de dez de 2019<\/a><a href=\"https:\/\/support.twitter.com\/articles\/20175256\">Informa\u00e7\u00f5es e privacidade no Twitter Ads<\/a><a href=\"https:\/\/twitter.com\/czmartins\/status\/1202352475161931778\">1.421 pessoas est\u00e3o falando sobre isso<\/a>Leia mais<\/p>\n","protected":false},"excerpt":{"rendered":"<p>247&nbsp;&#8211; Os ex-presidentes Luiz In\u00e1cio Lula da Silva e Dilma Rousseff foram absolvidos nesta quarta-feira, 4, da acusa\u00e7\u00e3o de integrar uma suposta organiza\u00e7\u00e3o criminosa, que ficou conhecida como &#8220;quadrilh\u00e3o&#8221;.&nbsp;<\/p>\n","protected":false},"author":1,"featured_media":0,"comment_status":"closed","ping_status":"open","sticky":false,"template":"","format":"standard","meta":{"_exactmetrics_skip_tracking":false,"_exactmetrics_sitenote_active":false,"_exactmetrics_sitenote_note":"","_exactmetrics_sitenote_category":0,"jetpack_post_was_ever_published":false,"_jetpack_newsletter_access":"","_jetpack_dont_email_post_to_subs":false,"_jetpack_newsletter_tier_id":0,"_jetpack_memberships_contains_paywalled_content":false,"_jetpack_memberships_contains_paid_content":false,"footnotes":"","jetpack_publicize_message":"","jetpack_publicize_feature_enabled":true,"jetpack_social_post_already_shared":true,"jetpack_social_options":{"image_generator_settings":{"template":"highway","enabled":false},"version":2}},"categories":[1],"tags":[],"class_list":["post-25320","post","type-post","status-publish","format-standard","hentry","category-notas"],"jetpack_publicize_connections":[],"jetpack_sharing_enabled":true,"jetpack_featured_media_url":"","jetpack_shortlink":"https:\/\/wp.me\/p7wKYW-6Ao","jetpack-related-posts":[],"_links":{"self":[{"href":"http:\/\/blogdalucianaoliveira.com.br\/blog\/wp-json\/wp\/v2\/posts\/25320","targetHints":{"allow":["GET"]}}],"collection":[{"href":"http:\/\/blogdalucianaoliveira.com.br\/blog\/wp-json\/wp\/v2\/posts"}],"about":[{"href":"http:\/\/blogdalucianaoliveira.com.br\/blog\/wp-json\/wp\/v2\/types\/post"}],"author":[{"embeddable":true,"href":"http:\/\/blogdalucianaoliveira.com.br\/blog\/wp-json\/wp\/v2\/users\/1"}],"replies":[{"embeddable":true,"href":"http:\/\/blogdalucianaoliveira.com.br\/blog\/wp-json\/wp\/v2\/comments?post=25320"}],"version-history":[{"count":1,"href":"http:\/\/blogdalucianaoliveira.com.br\/blog\/wp-json\/wp\/v2\/posts\/25320\/revisions"}],"predecessor-version":[{"id":25321,"href":"http:\/\/blogdalucianaoliveira.com.br\/blog\/wp-json\/wp\/v2\/posts\/25320\/revisions\/25321"}],"wp:attachment":[{"href":"http:\/\/blogdalucianaoliveira.com.br\/blog\/wp-json\/wp\/v2\/media?parent=25320"}],"wp:term":[{"taxonomy":"category","embeddable":true,"href":"http:\/\/blogdalucianaoliveira.com.br\/blog\/wp-json\/wp\/v2\/categories?post=25320"},{"taxonomy":"post_tag","embeddable":true,"href":"http:\/\/blogdalucianaoliveira.com.br\/blog\/wp-json\/wp\/v2\/tags?post=25320"}],"curies":[{"name":"wp","href":"https:\/\/api.w.org\/{rel}","templated":true}]}}