{"id":25324,"date":"2019-12-05T10:10:14","date_gmt":"2019-12-05T14:10:14","guid":{"rendered":"http:\/\/blogdalucianaoliveira.com.br\/blog\/?p=25324"},"modified":"2019-12-05T10:10:14","modified_gmt":"2019-12-05T14:10:14","slug":"pf-faz-operacao-na-assembleia-de-ro-apos-descobrir-assessores-fantasmas-e-fraudes-na-eleicao-da-casa","status":"publish","type":"post","link":"http:\/\/blogdalucianaoliveira.com.br\/blog\/2019\/12\/05\/pf-faz-operacao-na-assembleia-de-ro-apos-descobrir-assessores-fantasmas-e-fraudes-na-eleicao-da-casa\/","title":{"rendered":"PF faz opera\u00e7\u00e3o na Assembleia de RO ap\u00f3s descobrir assessores fantasmas e fraudes na elei\u00e7\u00e3o da casa"},"content":{"rendered":"\n<figure class=\"wp-block-image\"><img data-recalc-dims=\"1\" decoding=\"async\" src=\"https:\/\/i0.wp.com\/s2.glbimg.com\/TM6l_LuQf8ICTGCafI4fLWFTUrM%3D\/0x0%3A1136x640\/984x0\/smart\/filters%3Astrip_icc%28%29\/i.s3.glbimg.com\/v1\/AUTH_59edd422c0c84a879bd37670ae4f538a\/internal_photos\/bs\/2019\/b\/B\/wI8pHASfCSzoogDIhYIg\/operacao-da-pf-na-ale.jpeg?w=600&#038;ssl=1\" alt=\"PF cumpre mandados na ALE nesta quinta, 5, em Porto Velho \u2014 Foto: F\u00e1bio Diniz\/Rede Amaz\u00f4nica\"\/><\/figure>\n\n\n\n<p>A\u00e7\u00e3o \u00e9 feita nesta quinta-feira em Porto Velho. PF tamb\u00e9m apura fraudes na Idaron.<\/p>\n\n\n\n<!--more-->\n\n\n\n<p>No G1 &#8211; A Pol\u00edcia Federal (PF) deflagrou na manh\u00e3 desta quinta-feira (5) a\u00a0<strong>Opera\u00e7\u00e3o Feldberg<\/strong>, que visa desarticular organiza\u00e7\u00f5es criminosas envolvendo servidores p\u00fablicos de Rond\u00f4nia.<\/p>\n\n\n\n<p>Segundo a PF, foram descobertas irregularidades no alto escal\u00e3o da Assembleia Legislativa de Rond\u00f4nia (ALE-RO), como fraudes na elei\u00e7\u00e3o da presid\u00eancia da casa, al\u00e9m da pr\u00e1tica il\u00edcita conhecida como \u201crachadinha\u201d, na qual assessores \u201cfantasmas\u201d ou funcion\u00e1rios coniventes da ALE-RO repassavam mensalmente parte de seus vencimentos para as contas banc\u00e1rias de investigados.<\/p>\n\n\n\n<p>Mandados judiciais foram cumpridos nos gabinetes dos deputados Jean Oliveira e Laerte Gomes, presidente da ALE.<\/p>\n\n\n\n<p>A assessoria do deputado Jean Oliveira foi procurada e, at\u00e9 a \u00faltima atualiza\u00e7\u00e3o da reportagem, n\u00e3o havia obtido retorno. O\u00a0<strong>G1\u00a0<\/strong>tenta contato com o deputado Larte Gomes.<br><\/p>\n\n\n\n<p>J\u00e1 a assessoria da ALE informou que est\u00e1 colaborando com as investiga\u00e7\u00f5es da opera\u00e7\u00e3o e est\u00e1 entregando todos documentos aos policiais.<\/p>\n\n\n\n<p>Al\u00e9m de cumprir mandados judiciais, como busca e apreens\u00e3o, a PF pediu o bloqueio de contas banc\u00e1rias e bens dos investigados, al\u00e9m do sequestro de im\u00f3veis e ve\u00edculos, &#8220;que poder\u00e3o alcan\u00e7ar o valor total de indisponibilidade de quase R$ 500 milh\u00f5es&#8221;.<\/p>\n\n\n\n<p>Segundo a PF, a opera\u00e7\u00e3o \u00e9 feita em conjunto com o Minist\u00e9rio P\u00fablico do Estado de Rond\u00f4nia. Cerca de 200 policiais e 50 viaturas participam da a\u00e7\u00e3o.<\/p>\n\n\n\n<figure class=\"wp-block-image size-large\"><img data-recalc-dims=\"1\" loading=\"lazy\" decoding=\"async\" width=\"25\" height=\"19\" data-attachment-id=\"25325\" data-permalink=\"http:\/\/blogdalucianaoliveira.com.br\/blog\/2019\/12\/05\/pf-faz-operacao-na-assembleia-de-ro-apos-descobrir-assessores-fantasmas-e-fraudes-na-eleicao-da-casa\/image-6-2\/\" data-orig-file=\"https:\/\/i0.wp.com\/blogdalucianaoliveira.com.br\/blog\/wp-content\/uploads\/2019\/12\/image-6.jpeg?fit=25%2C19\" data-orig-size=\"25,19\" data-comments-opened=\"0\" data-image-meta=\"{&quot;aperture&quot;:&quot;0&quot;,&quot;credit&quot;:&quot;&quot;,&quot;camera&quot;:&quot;&quot;,&quot;caption&quot;:&quot;&quot;,&quot;created_timestamp&quot;:&quot;0&quot;,&quot;copyright&quot;:&quot;&quot;,&quot;focal_length&quot;:&quot;0&quot;,&quot;iso&quot;:&quot;0&quot;,&quot;shutter_speed&quot;:&quot;0&quot;,&quot;title&quot;:&quot;&quot;,&quot;orientation&quot;:&quot;0&quot;}\" data-image-title=\"image-6\" data-image-description=\"\" data-image-caption=\"\" data-medium-file=\"https:\/\/i0.wp.com\/blogdalucianaoliveira.com.br\/blog\/wp-content\/uploads\/2019\/12\/image-6.jpeg?fit=25%2C19\" data-large-file=\"https:\/\/i0.wp.com\/blogdalucianaoliveira.com.br\/blog\/wp-content\/uploads\/2019\/12\/image-6.jpeg?fit=25%2C19\" src=\"https:\/\/i0.wp.com\/blogdalucianaoliveira.com.br\/blog\/wp-content\/uploads\/2019\/12\/image-6.jpeg?resize=25%2C19\" alt=\"Agentes da PF cumprem mandados em Rond\u00f4nia \u2014 Foto: PF\/Divulga\u00e7\u00e3o\" class=\"wp-image-25325\"\/><\/figure>\n\n\n\n<figure class=\"wp-block-image\"><img data-recalc-dims=\"1\" decoding=\"async\" src=\"https:\/\/i0.wp.com\/s2.glbimg.com\/-ThLs4f7TRDLHBk0iwQNNVe9ktc%3D\/0x0%3A1152x864\/984x0\/smart\/filters%3Astrip_icc%28%29\/i.s3.glbimg.com\/v1\/AUTH_59edd422c0c84a879bd37670ae4f538a\/internal_photos\/bs\/2019\/T\/7\/JDdzv5TFaBmyxafnZ5hg\/whatsapp-image-2019-12-05-at-08.21.28.jpeg?w=600&#038;ssl=1\" alt=\"Agentes da PF cumprem mandados em Rond\u00f4nia \u2014 Foto: PF\/Divulga\u00e7\u00e3o\"\/><\/figure>\n\n\n\n<p>Agentes da PF cumprem mandados em Rond\u00f4nia \u2014 Foto: PF\/Divulga\u00e7\u00e3o<\/p>\n\n\n\n<p>A PF afirma que nesta opera\u00e7\u00e3o est\u00e3o sendo cumpridos 11 mandados de pris\u00e3o preventiva, tr\u00eas mandados de pris\u00e3o tempor\u00e1ria, dez mandados de suspens\u00e3o do exerc\u00edcio da fun\u00e7\u00e3o p\u00fablica e 52 mandados de busca e apreens\u00e3o nas cidades de Porto Velho, Alta Floresta D\u2019Oeste, Vilhena, Ji-Paran\u00e1, Alto Alegre dos Parecis, Humait\u00e1 e Cuiab\u00e1.<\/p>\n\n\n\n<p><strong>Abaixo, leia a nota da Assembleia Legislativa de Rond\u00f4nia<\/strong><\/p>\n\n\n\n<p><em>A Assembleia Legislativa de Rond\u00f4nia est\u00e1 colaborando com as investiga\u00e7\u00f5es da Opera\u00e7\u00e3o FELDEBERG, desencadeada na manh\u00e3 desta quinta-feira, entregando documentos e informa\u00e7\u00f5es pedidas pelas autoridades judici\u00e1rias.<\/em><\/p>\n\n\n\n<p><em>Comunica\u00e7\u00e3o Assembleia Legislativa de Rond\u00f4ni<\/em>a<\/p>\n\n\n\n<p><br><\/p>\n\n\n\n<p><\/p>\n\n\n\n<p><\/p>\n","protected":false},"excerpt":{"rendered":"<p>A\u00e7\u00e3o \u00e9 feita nesta quinta-feira em Porto Velho. PF tamb\u00e9m apura fraudes na Idaron.<\/p>\n","protected":false},"author":1,"featured_media":0,"comment_status":"closed","ping_status":"open","sticky":false,"template":"","format":"standard","meta":{"_exactmetrics_skip_tracking":false,"_exactmetrics_sitenote_active":false,"_exactmetrics_sitenote_note":"","_exactmetrics_sitenote_category":0,"jetpack_post_was_ever_published":false,"_jetpack_newsletter_access":"","_jetpack_dont_email_post_to_subs":false,"_jetpack_newsletter_tier_id":0,"_jetpack_memberships_contains_paywalled_content":false,"_jetpack_memberships_contains_paid_content":false,"footnotes":"","jetpack_publicize_message":"","jetpack_publicize_feature_enabled":true,"jetpack_social_post_already_shared":true,"jetpack_social_options":{"image_generator_settings":{"template":"highway","enabled":false},"version":2}},"categories":[1],"tags":[],"class_list":["post-25324","post","type-post","status-publish","format-standard","hentry","category-notas"],"jetpack_publicize_connections":[],"jetpack_sharing_enabled":true,"jetpack_featured_media_url":"","jetpack_shortlink":"https:\/\/wp.me\/p7wKYW-6As","jetpack-related-posts":[],"_links":{"self":[{"href":"http:\/\/blogdalucianaoliveira.com.br\/blog\/wp-json\/wp\/v2\/posts\/25324","targetHints":{"allow":["GET"]}}],"collection":[{"href":"http:\/\/blogdalucianaoliveira.com.br\/blog\/wp-json\/wp\/v2\/posts"}],"about":[{"href":"http:\/\/blogdalucianaoliveira.com.br\/blog\/wp-json\/wp\/v2\/types\/post"}],"author":[{"embeddable":true,"href":"http:\/\/blogdalucianaoliveira.com.br\/blog\/wp-json\/wp\/v2\/users\/1"}],"replies":[{"embeddable":true,"href":"http:\/\/blogdalucianaoliveira.com.br\/blog\/wp-json\/wp\/v2\/comments?post=25324"}],"version-history":[{"count":1,"href":"http:\/\/blogdalucianaoliveira.com.br\/blog\/wp-json\/wp\/v2\/posts\/25324\/revisions"}],"predecessor-version":[{"id":25326,"href":"http:\/\/blogdalucianaoliveira.com.br\/blog\/wp-json\/wp\/v2\/posts\/25324\/revisions\/25326"}],"wp:attachment":[{"href":"http:\/\/blogdalucianaoliveira.com.br\/blog\/wp-json\/wp\/v2\/media?parent=25324"}],"wp:term":[{"taxonomy":"category","embeddable":true,"href":"http:\/\/blogdalucianaoliveira.com.br\/blog\/wp-json\/wp\/v2\/categories?post=25324"},{"taxonomy":"post_tag","embeddable":true,"href":"http:\/\/blogdalucianaoliveira.com.br\/blog\/wp-json\/wp\/v2\/tags?post=25324"}],"curies":[{"name":"wp","href":"https:\/\/api.w.org\/{rel}","templated":true}]}}