{"id":25327,"date":"2019-12-05T11:28:37","date_gmt":"2019-12-05T15:28:37","guid":{"rendered":"http:\/\/blogdalucianaoliveira.com.br\/blog\/?p=25327"},"modified":"2019-12-05T11:28:50","modified_gmt":"2019-12-05T15:28:50","slug":"bolsonaro-afronta-stf-e-se-nega-a-divulgar-gastos-com-cartao-corporativo","status":"publish","type":"post","link":"http:\/\/blogdalucianaoliveira.com.br\/blog\/2019\/12\/05\/bolsonaro-afronta-stf-e-se-nega-a-divulgar-gastos-com-cartao-corporativo\/","title":{"rendered":"Bolsonaro afronta STF e se nega a divulgar gastos com cart\u00e3o corporativo"},"content":{"rendered":"\n<figure class=\"wp-block-image\"><img data-recalc-dims=\"1\" decoding=\"async\" src=\"https:\/\/i0.wp.com\/publisher-publish.s3.eu-central-1.amazonaws.com\/pb-brasil247\/swp\/jtjeq9\/media\/20191205141224_156e2ea5-b7a8-44d0-b8ca-26dbb8366b18.jpeg?w=600&#038;ssl=1\" alt=\"\"\/><\/figure>\n\n\n\n<p><strong>247<\/strong>\u00a0&#8211; Jair Bolsonaro continua a negar acesso ao extrato de seu cart\u00e3o corporativo. O detalhe \u00e9 que o Supremo Tribunal Federal derrubou o sigilo de gastos da presid\u00eancia da Rep\u00fablica. A decis\u00e3o entrou em vigor no dia 11 de novembro. <\/p>\n\n\n\n<!--more-->\n\n\n\n<p>O Portal da Transpar\u00eancia relata em segredo a forma como foram gastos R$ 9,8 milh\u00f5es do cart\u00e3o corporativo de Bolsonaro, tanto na Presid\u00eancia da Rep\u00fablica quanto em \u00f3rg\u00e3os como o Gabinete de Seguran\u00e7a Institucional (GSI) e a Ag\u00eancia Brasileira de Intelig\u00eancia (Abin). \u00c9 o maior gasto no per\u00edodo desde 2014, durante a gest\u00e3o de Dilma Rousseff (PT).\u00a0<br><\/p>\n\n\n\n<p>O governo j\u00e1 havia tomado outra decis\u00e3o que fere a transpar\u00eancia das informa\u00e7\u00f5es p\u00fablicas. Em janeiro, o ent\u00e3o presidente em exerc\u00edcio, Hamilton Mour\u00e3o, alterou a Lei de Acesso \u00e0 Informa\u00e7\u00e3o (LAI) para dificultar o acesso a dados e documentos do governo federal.<\/p>\n\n\n\n<p>As informa\u00e7\u00f5es s\u00e3o da&nbsp;<a href=\"https:\/\/revistaforum.com.br\/politica\/bolsonaro\/politica-economica-de-guedes-e-bolsonaro-provoca-fuga-recorde-de-dolares-do-pais\/\">Revista Forum&nbsp;<\/a><br><\/p>\n\n\n\n<p><\/p>\n","protected":false},"excerpt":{"rendered":"<p>247\u00a0&#8211; Jair Bolsonaro continua a negar acesso ao extrato de seu cart\u00e3o corporativo. O detalhe \u00e9 que o Supremo Tribunal Federal derrubou o sigilo de gastos da presid\u00eancia da Rep\u00fablica. A decis\u00e3o entrou em vigor no dia 11 de novembro.<\/p>\n","protected":false},"author":1,"featured_media":0,"comment_status":"closed","ping_status":"open","sticky":false,"template":"","format":"standard","meta":{"_exactmetrics_skip_tracking":false,"_exactmetrics_sitenote_active":false,"_exactmetrics_sitenote_note":"","_exactmetrics_sitenote_category":0,"jetpack_post_was_ever_published":false,"_jetpack_newsletter_access":"","_jetpack_dont_email_post_to_subs":false,"_jetpack_newsletter_tier_id":0,"_jetpack_memberships_contains_paywalled_content":false,"_jetpack_memberships_contains_paid_content":false,"footnotes":"","jetpack_publicize_message":"","jetpack_publicize_feature_enabled":true,"jetpack_social_post_already_shared":true,"jetpack_social_options":{"image_generator_settings":{"template":"highway","enabled":false},"version":2}},"categories":[1],"tags":[],"class_list":["post-25327","post","type-post","status-publish","format-standard","hentry","category-notas"],"jetpack_publicize_connections":[],"jetpack_sharing_enabled":true,"jetpack_featured_media_url":"","jetpack_shortlink":"https:\/\/wp.me\/p7wKYW-6Av","jetpack-related-posts":[],"_links":{"self":[{"href":"http:\/\/blogdalucianaoliveira.com.br\/blog\/wp-json\/wp\/v2\/posts\/25327","targetHints":{"allow":["GET"]}}],"collection":[{"href":"http:\/\/blogdalucianaoliveira.com.br\/blog\/wp-json\/wp\/v2\/posts"}],"about":[{"href":"http:\/\/blogdalucianaoliveira.com.br\/blog\/wp-json\/wp\/v2\/types\/post"}],"author":[{"embeddable":true,"href":"http:\/\/blogdalucianaoliveira.com.br\/blog\/wp-json\/wp\/v2\/users\/1"}],"replies":[{"embeddable":true,"href":"http:\/\/blogdalucianaoliveira.com.br\/blog\/wp-json\/wp\/v2\/comments?post=25327"}],"version-history":[{"count":1,"href":"http:\/\/blogdalucianaoliveira.com.br\/blog\/wp-json\/wp\/v2\/posts\/25327\/revisions"}],"predecessor-version":[{"id":25328,"href":"http:\/\/blogdalucianaoliveira.com.br\/blog\/wp-json\/wp\/v2\/posts\/25327\/revisions\/25328"}],"wp:attachment":[{"href":"http:\/\/blogdalucianaoliveira.com.br\/blog\/wp-json\/wp\/v2\/media?parent=25327"}],"wp:term":[{"taxonomy":"category","embeddable":true,"href":"http:\/\/blogdalucianaoliveira.com.br\/blog\/wp-json\/wp\/v2\/categories?post=25327"},{"taxonomy":"post_tag","embeddable":true,"href":"http:\/\/blogdalucianaoliveira.com.br\/blog\/wp-json\/wp\/v2\/tags?post=25327"}],"curies":[{"name":"wp","href":"https:\/\/api.w.org\/{rel}","templated":true}]}}