{"id":25329,"date":"2019-12-05T11:37:44","date_gmt":"2019-12-05T15:37:44","guid":{"rendered":"http:\/\/blogdalucianaoliveira.com.br\/blog\/?p=25329"},"modified":"2019-12-05T11:37:51","modified_gmt":"2019-12-05T15:37:51","slug":"ha-108-anos-nascia-em-salvador-ba-o-revolucionario-carlos-marighella","status":"publish","type":"post","link":"http:\/\/blogdalucianaoliveira.com.br\/blog\/2019\/12\/05\/ha-108-anos-nascia-em-salvador-ba-o-revolucionario-carlos-marighella\/","title":{"rendered":"H\u00e1 108 anos, nascia em Salvador (BA) o revolucion\u00e1rio Carlos Marighella"},"content":{"rendered":"\n<figure class=\"wp-block-image\"><img data-recalc-dims=\"1\" decoding=\"async\" src=\"https:\/\/i0.wp.com\/poliarquia.com.br\/wp-content\/uploads\/2019\/12\/carlos-600x400-1-1.jpg?w=600\" alt=\"\"\/><\/figure>\n\n\n\n<h4 class=\"wp-block-heading\">&#8220;Preto&#8221;, como era chamado, foi um comunista baiano que deu a vida pela liberta\u00e7\u00e3o nacional e contra o imperialismo<\/h4>\n\n\n\n<!--more-->\n\n\n\n<p>Mariana Lemos<\/p>\n\n\n\n<p>Brasil de Fato<\/p>\n\n\n\n<p>Nascido na madrugada do dia 5 de dezembro de 1911 na cidade de Salvador (BA), o ex-guerrilheiro Carlos Marighella completaria 108 anos de vida nesta quinta-feira (5).&nbsp;Para celebrar a data, o Sindicato dos Advogados de S\u00e3o Paulo far\u00e1 em sua sede, na Rua da Aboli\u00e7\u00e3o n\u00ba 167, a partir das 19h, a exibi\u00e7\u00e3o do document\u00e1rio \u201cTorre das Donzelas\u201d, seguido de debate&nbsp;com a participa\u00e7\u00e3o de ex-guerrilheiras \u2013&nbsp;entre elas Cida Costa, que integrava a Alian\u00e7a Libertadora Nacional&nbsp; (ALN).<\/p>\n\n\n\n<p>Aton Fon Filho, ex-militante da ALN,\u00a0e o soci\u00f3logo Marcelo Buzzeto participar\u00e3o de uma entrevista ao vivo no Canal Panela\u00e7o no YouTube, \u00e0s 20h, sobre a mem\u00f3ria e o legado do revolucion\u00e1rio baiano.<br><\/p>\n\n\n\n<p>Conhecido na inf\u00e2ncia pelo apelido \u201cCarlinhos\u201d, Marighella&nbsp;morou com os pais e com os outros seis irm\u00e3os na Rua Bar\u00e3o do Desterro, na Baixa dos Sapateiros. Viveu l\u00e1 at\u00e9 ser transferido de Salvador para o Rio de Janeiro (RJ), em 1936, para atuar no Partido Comunista Brasileiro (PCB).<\/p>\n\n\n\n<p>A m\u00e3e dele, Maria Rita, era filha e neta de negros Hauss\u00e1s, tamb\u00e9m chamados de Mal\u00eas \u2013&nbsp;\u201cescravos africanos trazidos do Sud\u00e3o e afamados na hist\u00f3ria das subleva\u00e7\u00f5es baianas contra os escravistas\u201d, como escreveu o pr\u00f3prio Carlos anos mais tarde.<\/p>\n\n\n\n<p>Augusto Marighella, o pai, era um oper\u00e1rio italiano da regi\u00e3o de Ferrara, que veio ao Brasil&nbsp;influenciado pelas ideias anarquistas e em busca de melhores condi\u00e7\u00f5es de vida.<\/p>\n\n\n\n<p>Marighella teve uma vida intensa e, como ele mesmo dizia, \u201cn\u00e3o teve tempo para ter medo\u201d. O idealizador e dirigente da ALN passou a maior parte da sua vida na clandestinidade:&nbsp;deixava claro que o compromisso com os ideais de igualdade e liberdade n\u00e3o permitiam que ele fosse um homem livre, em meio a governos autorit\u00e1rios.<\/p>\n\n\n\n<p>O &#8220;Preto&#8221;, como era carinhosamente chamado pelos seus companheiros, teve uma vida de \u201cmil faces\u201d. Viajou por muitos estados brasileiros e a v\u00e1rios pa\u00edses para conhecer experi\u00eancias comunistas,&nbsp;foi deputado constituinte,&nbsp;enfrentou pris\u00e3o e tortura pelo menos&nbsp;quatro vezes,&nbsp;foi descrito como&nbsp;&#8220;inimigo n\u00famero 1&nbsp;da ditadura militar&#8221; e foi perseguido at\u00e9 sua morte.<\/p>\n\n\n\n<p>Marighella amou, chorou, riu e fez rir. Marighella lutou e tombou assim.<\/p>\n\n\n\n<p>Na noite de 4 de novembro de 1969, uma emboscada planejada pelo delegado do Departamento de Ordem Pol\u00edtica e Social (Dops), S\u00e9rgio Paranhos Fleury, resultou no assassinato do revolucion\u00e1rio, com cinco tiros no peito, na Alameda Casa Branca, em S\u00e3o Paulo (SP). Marighella n\u00e3o teve tempo para se defender. Foi enterrado como indigente e mais tarde, os restos mortais foram transferidos para Salvador, sob um t\u00famulo criado pelo arquiteto&nbsp;Oscar Niemeyer.&nbsp;A imagem&nbsp;tem a silhueta marcada com cinco tiros no peito, acompanhada da frase \u201cN\u00e3o tive tempo para ter medo\u201d.&nbsp;<\/p>\n\n\n\n<p>Edi\u00e7\u00e3o: Rodrigo Chagas<\/p>\n","protected":false},"excerpt":{"rendered":"<p>&#8220;Preto&#8221;, como era chamado, foi um comunista baiano que deu a vida pela liberta\u00e7\u00e3o nacional e contra o imperialismo<\/p>\n","protected":false},"author":1,"featured_media":0,"comment_status":"closed","ping_status":"open","sticky":false,"template":"","format":"standard","meta":{"_exactmetrics_skip_tracking":false,"_exactmetrics_sitenote_active":false,"_exactmetrics_sitenote_note":"","_exactmetrics_sitenote_category":0,"jetpack_post_was_ever_published":false,"_jetpack_newsletter_access":"","_jetpack_dont_email_post_to_subs":false,"_jetpack_newsletter_tier_id":0,"_jetpack_memberships_contains_paywalled_content":false,"_jetpack_memberships_contains_paid_content":false,"footnotes":"","jetpack_publicize_message":"","jetpack_publicize_feature_enabled":true,"jetpack_social_post_already_shared":true,"jetpack_social_options":{"image_generator_settings":{"template":"highway","enabled":false},"version":2}},"categories":[1],"tags":[],"class_list":["post-25329","post","type-post","status-publish","format-standard","hentry","category-notas"],"jetpack_publicize_connections":[],"jetpack_sharing_enabled":true,"jetpack_featured_media_url":"","jetpack_shortlink":"https:\/\/wp.me\/p7wKYW-6Ax","jetpack-related-posts":[],"_links":{"self":[{"href":"http:\/\/blogdalucianaoliveira.com.br\/blog\/wp-json\/wp\/v2\/posts\/25329","targetHints":{"allow":["GET"]}}],"collection":[{"href":"http:\/\/blogdalucianaoliveira.com.br\/blog\/wp-json\/wp\/v2\/posts"}],"about":[{"href":"http:\/\/blogdalucianaoliveira.com.br\/blog\/wp-json\/wp\/v2\/types\/post"}],"author":[{"embeddable":true,"href":"http:\/\/blogdalucianaoliveira.com.br\/blog\/wp-json\/wp\/v2\/users\/1"}],"replies":[{"embeddable":true,"href":"http:\/\/blogdalucianaoliveira.com.br\/blog\/wp-json\/wp\/v2\/comments?post=25329"}],"version-history":[{"count":1,"href":"http:\/\/blogdalucianaoliveira.com.br\/blog\/wp-json\/wp\/v2\/posts\/25329\/revisions"}],"predecessor-version":[{"id":25330,"href":"http:\/\/blogdalucianaoliveira.com.br\/blog\/wp-json\/wp\/v2\/posts\/25329\/revisions\/25330"}],"wp:attachment":[{"href":"http:\/\/blogdalucianaoliveira.com.br\/blog\/wp-json\/wp\/v2\/media?parent=25329"}],"wp:term":[{"taxonomy":"category","embeddable":true,"href":"http:\/\/blogdalucianaoliveira.com.br\/blog\/wp-json\/wp\/v2\/categories?post=25329"},{"taxonomy":"post_tag","embeddable":true,"href":"http:\/\/blogdalucianaoliveira.com.br\/blog\/wp-json\/wp\/v2\/tags?post=25329"}],"curies":[{"name":"wp","href":"https:\/\/api.w.org\/{rel}","templated":true}]}}