{"id":25331,"date":"2019-12-05T16:41:10","date_gmt":"2019-12-05T20:41:10","guid":{"rendered":"http:\/\/blogdalucianaoliveira.com.br\/blog\/?p=25331"},"modified":"2019-12-05T16:44:12","modified_gmt":"2019-12-05T20:44:12","slug":"rondonia-despedacada-de-novo","status":"publish","type":"post","link":"http:\/\/blogdalucianaoliveira.com.br\/blog\/2019\/12\/05\/rondonia-despedacada-de-novo\/","title":{"rendered":"Rond\u00f4nia despeda\u00e7ada de novo"},"content":{"rendered":"\n<figure class=\"wp-block-image\"><img data-recalc-dims=\"1\" decoding=\"async\" src=\"https:\/\/i0.wp.com\/1.bp.blogspot.com\/-fvHdsvDKLGw\/Xek5RHdsVSI\/AAAAAAAAUGM\/LuSp1pg_z8Yal_2Q9VX8TSom5Jd31zleQCLcBGAsYHQ\/s1600\/alero-rondoniadagente.jpg?w=600&#038;ssl=1\" alt=\"\"\/><\/figure>\n\n\n\n<p class=\"has-text-align-justify\">Por <strong>Professor Nazareno<\/strong> &#8211; Rond\u00f4nia de novo chega \u00e0s manchetes nacionais. E o motivo \u00e9 o de sempre: corrup\u00e7\u00e3o, roubalheira, maracutaias, conchavos, ladroagem, coisas mal feitas. E mais uma vez \u00e9 a Assembleia Legislativa do Estado a respons\u00e1vel pelo massacre da imagem desta \u00ednfima, distante e combalida unidade da Federa\u00e7\u00e3o. <\/p>\n\n\n\n<!--more-->\n\n\n\n<p class=\"has-text-align-justify\">O jovem Estado \u00e9 uma esp\u00e9cie de \u201c<em>cu do mundo<\/em>\u201d, com todo o respeito ao esf\u00edncter anal. \u00c9 o suprassumo da merda. Um lugar \u201c<em>sem eira nem beira<\/em>\u201d distante de tudo e de todos. Neste final do ano de 2019, a Pol\u00edcia Federal e o Minist\u00e9rio P\u00fablico do Estado deflagraram a Opera\u00e7\u00e3o Feldberg com v\u00e1rias pris\u00f5es visando desarticular organiza\u00e7\u00f5es criminosas que t\u00eam a participa\u00e7\u00e3o de servidores p\u00fablicos na pr\u00e1tica da \u201c<em>rachadinha<\/em>\u201d, em irregularidades na elei\u00e7\u00e3o do atual presidente da ALE\/RO, al\u00e9m de outras falcatruas em opera\u00e7\u00f5es com gado na Idaron.\u00a0\u00a0\u00a0\u00a0\u00a0\u00a0\u00a0\u00a0\u00a0\u00a0\u00a0\u00a0<\/p>\n\n\n\n<p class=\"has-text-align-justify\">Num momento crucial como este para o desenvolvimento da regi\u00e3o, uma opera\u00e7\u00e3o desta coloca outra vez o nome de Rond\u00f4nia no limbo. Dif\u00edcil levar a s\u00e9rio um Estado cujo Poder Legislativo \u00e9 uma brincadeira, um faz-de-conta. Como renegociar a d\u00edvida do Beron em termos mais vantajosos para Rond\u00f4nia, por exemplo? Como dar prosseguimento ao processo de transposi\u00e7\u00e3o e mandar mais funcion\u00e1rios p\u00fablicos estaduais para o quadro federal? Qual a credibilidade, qual o exemplo de uma Assembleia Legislativa que abre uma CPI para apurar as irregularidades da concession\u00e1ria de energia el\u00e9trica, a Energisa? <\/p>\n\n\n\n<p class=\"has-text-align-justify\">A Assembleia fiscaliza a Energisa e quem fiscaliza a Assembleia? Como pedir ao Governo Federal que crie vagas na \u00fanica universidade p\u00fablica do Estado s\u00f3 para os alunos nascidos aqui se nos falta \u00e9tica?\u00a0\u00a0\u00a0\u00a0\u00a0\u00a0\u00a0\u00a0\u00a0\u00a0\u00a0\u00a0<\/p>\n\n\n\n<p class=\"has-text-align-justify\">Essa gente s\u00f3 pode estar de brincadeira com Rond\u00f4nia. N\u00e3o \u00e9 poss\u00edvel que tenhamos voltado mais uma vez para o lodo, para o lixo, para o esgoto. N\u00e3o \u00e9 aceit\u00e1vel que continuemos sendo a \u201c<em>latrina do Brasil<\/em>\u201d. Opera\u00e7\u00f5es policiais j\u00e1 viraram rotina nesta terra de pouca lei, nesta terra que nunca \u00e9 levada a s\u00e9rio. Mas infelizmente Rond\u00f4nia n\u00e3o \u00e9 mesmo um lugar s\u00e9rio. <\/p>\n\n\n\n<p class=\"has-text-align-justify\">Recentemente o governador do Estado, coronel Marcos Rocha, assinou a papelada para construir um tal de Centro de Conven\u00e7\u00f5es. Mais de 12,8 milh\u00f5es de reais \u00e9 a quantia destinada para este fim, al\u00e9m de reformas no \u201c<em>Est\u00e1dio<\/em>\u201d Alu\u00edzio Ferreira de Porto Velho. E ainda dizem que \u00e9 um sonho para a popula\u00e7\u00e3o rondoniense. E o \u201c<em>a\u00e7ougue<\/em>\u201d Jo\u00e3o Paulo II continua a ser o pesadelo? Onde ser\u00e1 constru\u00eddo o novo hospital de pronto-socorro da capital? Ou n\u00e3o precisa mais?\u00a0\u00a0\u00a0\u00a0\u00a0\u00a0\u00a0\u00a0\u00a0\u00a0\u00a0\u00a0<\/p>\n\n\n\n<p class=\"has-text-align-justify\">Os \u00f3rg\u00e3os que destinam as verbas para construir estes elefantes brancos n\u00e3o poderiam ver a situa\u00e7\u00e3o do velho \u201c<em>a\u00e7ougue<\/em>\u201d desta capital? Eles n\u00e3o s\u00e3o informados das nossas necessidades mais urgentes? Dir\u00e3o que cada verba tem seu fim, seu objetivo, sua fun\u00e7\u00e3o. Mas este Estado n\u00e3o tem mais prioridades? O ser humano, principalmente o pobre, parece que n\u00e3o \u00e9 prioridade para os pol\u00edticos nem para os governantes. \u201c<em>Centro de Conven\u00e7\u00f5es Cidade Cultural<\/em>\u201d num lugar que nem cultura tem. Reforma no Est\u00e1dio de futebol numa cidade que tamb\u00e9m nem futebol tem. A n\u00e3o ser que Genus e Rondoniense sejam times de futebol. \u201c<em>Isso vai nos deixar aptos para jogos oficiais<\/em>\u201d, dizem. Enquanto isso, os pobres continuam sendo massacrados e mortos diariamente no prec\u00e1rio e vergonhoso sistema p\u00fablico de sa\u00fade deste falido Estado. J\u00e1 h\u00e1 medidas para evitar as queimadas no pr\u00f3ximo ver\u00e3o? Os pol\u00edticos destroem Rond\u00f4nia. E todos riem.<\/p>\n\n\n\n<p><\/p>\n","protected":false},"excerpt":{"rendered":"<p>Por Professor Nazareno &#8211; Rond\u00f4nia de novo chega \u00e0s manchetes nacionais. E o motivo \u00e9 o de sempre: corrup\u00e7\u00e3o, roubalheira, maracutaias, conchavos, ladroagem, coisas mal feitas. E mais uma vez \u00e9 a Assembleia Legislativa do Estado a respons\u00e1vel pelo massacre da imagem desta \u00ednfima, distante e combalida unidade da Federa\u00e7\u00e3o.<\/p>\n","protected":false},"author":1,"featured_media":0,"comment_status":"closed","ping_status":"open","sticky":false,"template":"","format":"standard","meta":{"_exactmetrics_skip_tracking":false,"_exactmetrics_sitenote_active":false,"_exactmetrics_sitenote_note":"","_exactmetrics_sitenote_category":0,"jetpack_post_was_ever_published":false,"_jetpack_newsletter_access":"","_jetpack_dont_email_post_to_subs":false,"_jetpack_newsletter_tier_id":0,"_jetpack_memberships_contains_paywalled_content":false,"_jetpack_memberships_contains_paid_content":false,"footnotes":"","jetpack_publicize_message":"","jetpack_publicize_feature_enabled":true,"jetpack_social_post_already_shared":true,"jetpack_social_options":{"image_generator_settings":{"template":"highway","enabled":false},"version":2}},"categories":[1],"tags":[],"class_list":["post-25331","post","type-post","status-publish","format-standard","hentry","category-notas"],"jetpack_publicize_connections":[],"jetpack_sharing_enabled":true,"jetpack_featured_media_url":"","jetpack_shortlink":"https:\/\/wp.me\/p7wKYW-6Az","jetpack-related-posts":[],"_links":{"self":[{"href":"http:\/\/blogdalucianaoliveira.com.br\/blog\/wp-json\/wp\/v2\/posts\/25331","targetHints":{"allow":["GET"]}}],"collection":[{"href":"http:\/\/blogdalucianaoliveira.com.br\/blog\/wp-json\/wp\/v2\/posts"}],"about":[{"href":"http:\/\/blogdalucianaoliveira.com.br\/blog\/wp-json\/wp\/v2\/types\/post"}],"author":[{"embeddable":true,"href":"http:\/\/blogdalucianaoliveira.com.br\/blog\/wp-json\/wp\/v2\/users\/1"}],"replies":[{"embeddable":true,"href":"http:\/\/blogdalucianaoliveira.com.br\/blog\/wp-json\/wp\/v2\/comments?post=25331"}],"version-history":[{"count":2,"href":"http:\/\/blogdalucianaoliveira.com.br\/blog\/wp-json\/wp\/v2\/posts\/25331\/revisions"}],"predecessor-version":[{"id":25333,"href":"http:\/\/blogdalucianaoliveira.com.br\/blog\/wp-json\/wp\/v2\/posts\/25331\/revisions\/25333"}],"wp:attachment":[{"href":"http:\/\/blogdalucianaoliveira.com.br\/blog\/wp-json\/wp\/v2\/media?parent=25331"}],"wp:term":[{"taxonomy":"category","embeddable":true,"href":"http:\/\/blogdalucianaoliveira.com.br\/blog\/wp-json\/wp\/v2\/categories?post=25331"},{"taxonomy":"post_tag","embeddable":true,"href":"http:\/\/blogdalucianaoliveira.com.br\/blog\/wp-json\/wp\/v2\/tags?post=25331"}],"curies":[{"name":"wp","href":"https:\/\/api.w.org\/{rel}","templated":true}]}}