{"id":25334,"date":"2019-12-06T10:06:11","date_gmt":"2019-12-06T14:06:11","guid":{"rendered":"http:\/\/blogdalucianaoliveira.com.br\/blog\/?p=25334"},"modified":"2019-12-06T10:06:15","modified_gmt":"2019-12-06T14:06:15","slug":"artigo-a-revolta-latina-a-crise-americana-e-o-desafio-progressista","status":"publish","type":"post","link":"http:\/\/blogdalucianaoliveira.com.br\/blog\/2019\/12\/06\/artigo-a-revolta-latina-a-crise-americana-e-o-desafio-progressista\/","title":{"rendered":"Artigo | A revolta latina, a crise americana e o desafio progressista"},"content":{"rendered":"\n<figure class=\"wp-block-image\"><img data-recalc-dims=\"1\" decoding=\"async\" src=\"https:\/\/i0.wp.com\/farm66.staticflickr.com\/65535\/49177861101_f2d505bde0_z.jpg?w=600&#038;ssl=1\" alt=\"Protesto realizado no in\u00edcio de novembro em Santiago contra o governo de Sebasti\u00e1n Pi\u00f1era; mobiliza\u00e7\u00e3o no Chile j\u00e1 dura quase dois meses - Cr\u00e9ditos: Foto: Martin Bernetti\/AFP\"\/><\/figure>\n\n\n\n<h4 class=\"wp-block-heading\">As recentes mobiliza\u00e7\u00f5es na Am\u00e9rica Latina s\u00e3o diversas, mas t\u00eam um ponto em comum: a rejei\u00e7\u00e3o das pol\u00edticas neoliberais<\/h4>\n\n\n\n<!--more-->\n\n\n\n<p>Jos\u00e9 Lu\u00eds Fiori*<\/p>\n\n\n\n<p>Brasil de Fato<\/p>\n\n\n\n<p><em>\u201cMuitos no Departamento de Estado perderam todo o respeito por Mike Pompeo \u2013 por um bom motivo. Seu comportamento \u00e9 uma das coisas mais vergonhosas que j\u00e1 vi em 40 anos de cobertura da diplomacia americana.\u201d \u2013 Thomas Friedman, \u201cMike Pompeo: o \u00faltimo da classe em integridade\u201d,&nbsp;<\/em>The New York Times<em>, publicado em portugu\u00eas pela&nbsp;<\/em><a href=\"https:\/\/www1.folha.uol.com.br\/mundo\/2019\/11\/mike-pompeo-o-ultimo-da-classe-em-integridade.shtml\" target=\"_blank\" rel=\"noreferrer noopener\">Folha de S. Paulo<\/a><em>&nbsp;em 21 de novembro de 2019<\/em><\/p>\n\n\n\n<p>Num primeiro momento, pensou-se que a direita retomaria a iniciativa&nbsp;e, se fosse necess\u00e1rio, passaria por cima das for\u00e7as sociais que se rebelaram&nbsp;e surpreenderam o mundo durante o \u201coutubro vermelho\u201d da Am\u00e9rica Latina. E, de fato, no in\u00edcio do m\u00eas de novembro, o governo brasileiro procurou reverter o avan\u00e7o esquerdista, tomando uma posi\u00e7\u00e3o agressiva e de confronto direto com&nbsp;<a href=\"https:\/\/www.brasildefato.com.br\/2019\/10\/27\/alberto-fernandez-e-eleito-presidente-da-argentina\/\">o novo governo peronista da Argentina<\/a>.<\/p>\n\n\n\n<p>Em seguida interveio, de forma direta e&nbsp;pouco diplom\u00e1tica,&nbsp;<a href=\"https:\/\/www.brasildefato.com.br\/2019\/11\/24\/o-povo-nao-vai-permitir-diz-embaixadora-venezuelana-sobre-golpe-na-bolivia\/\">no processo de derrubada do presidente boliviano, Evo Morales<\/a>, que havia acabado de obter 47% dos votos nas elei\u00e7\u00f5es presidenciais da Bol\u00edvia. A chancelaria brasileira n\u00e3o apenas estimulou o movimento c\u00edvico-religioso da extrema direita de Santa Cruz, como foi a primeira a reconhecer o novo governo instalado pelo golpe civil-militar e dirigido por&nbsp;<a href=\"https:\/\/www.brasildefato.com.br\/2019\/11\/12\/golpe-na-bolivia-senadora-opositora-jeanine-anez-se-autoproclama-presidenta\/\">uma senadora que s\u00f3 havia obtido 4,5% dos votos nas \u00faltimas elei\u00e7\u00f5es<\/a>.<\/p>\n\n\n\n<p>Ao mesmo tempo, o governo brasileiro procurou intervir no segundo turno das elei\u00e7\u00f5es uruguaias, dando seu&nbsp;<a href=\"https:\/\/www.brasildefato.com.br\/2019\/12\/04\/luis-lacalle-pou-e-um-retrocesso-para-o-uruguai-afirma-sebastian-vazquez-do-mpp\/\">apoio p\u00fablico ao candidato conservador, Lacalle Pou<\/a>&nbsp;\u2013 que o rejeitou imediatamente \u2013 e recebendo em Bras\u00edlia o l\u00edder da extrema direita uruguaia que havia sido derrotado no primeiro turno, mas que deu seu apoio a Lacalle Pou no segundo turno.<\/p>\n\n\n\n<p>Mesmo assim, ao fazer-se um balan\u00e7o completo do que passou no m\u00eas de novembro, o que se constata \u00e9 que uma expans\u00e3o da \u201conda vermelha\u201d havia se instalado no m\u00eas anterior no continente latino-americano.<\/p>\n\n\n\n<p>Nessa dire\u00e7\u00e3o, e por ordem, o primeiro que aconteceu foi&nbsp;<a href=\"https:\/\/www.brasildefato.com.br\/2019\/11\/08\/acompanhe-as-movimentacoes-para-libertacao-de-lula-apos-decisao-do-stf\/\">a liberta\u00e7\u00e3o do principal l\u00edder da esquerda mundial<\/a>, segundo Steve Bannon,&nbsp;o ex-presidente Luiz In\u00e1cio&nbsp;Lula da Silva, que se imp\u00f4s \u00e0 resist\u00eancia da direita civil e militar do pa\u00eds, gra\u00e7as a uma enorme mobiliza\u00e7\u00e3o da opini\u00e3o p\u00fablica nacional e internacional.<\/p>\n\n\n\n<p>Em seguida aconteceu o levante popular e ind\u00edgena da Bol\u00edvia,&nbsp;que interrompeu e reverteu o golpe de Estado da direita boliviana e brasileira, impondo ao novo governo instalado a convoca\u00e7\u00e3o de novas elei\u00e7\u00f5es presidenciais&nbsp;<a href=\"https:\/\/www.brasildefato.com.br\/2019\/11\/27\/aceitamos-novas-eleicoes-mesmo-sem-evo-morales-diz-ex-chanceler-da-bolivia\/\">com direito \u00e0 participa\u00e7\u00e3o de todos os partidos pol\u00edticos<\/a>, incluindo o de Evo Morales.<\/p>\n\n\n\n<p>Da mesma forma, a revolta popular chilena tamb\u00e9m obteve uma grande vit\u00f3ria com a convoca\u00e7\u00e3o, pelo Congresso Nacional, de uma Assembleia Constituinte que dever\u00e1 escrever uma nova Constitui\u00e7\u00e3o para o pa\u00eds, enterrando definitivamente o modelo socioecon\u00f4mico herdado da ditadura do General Augusto Pinochet. E mesmo assim,&nbsp;<a href=\"https:\/\/www.brasildefato.com.br\/2019\/12\/02\/uma-zona-de-guerra-e-uma-zona-de-estupro-diz-pesquisadora-sobre-abusos-no-chile\/\">a popula\u00e7\u00e3o rebelada ainda n\u00e3o abandou as ruas e deve completar dois meses de mobiliza\u00e7\u00e3o quase cont\u00ednua<\/a>, com o alargamento progressivo da sua \u201cagenda de reivindica\u00e7\u00f5es\u201d e a queda sucessiva do prest\u00edgio do presidente Sebasti\u00e1n Pi\u00f1era, que hoje est\u00e1 reduzido a 4,6%. Neste momento, a popula\u00e7\u00e3o segue discutindo nas pra\u00e7as p\u00fablicas, em cada bairro e prov\u00edncia, as pr\u00f3prias regras da nova constituinte, prenunciando uma experi\u00eancia que pode vir a ser revolucion\u00e1ria, de constru\u00e7\u00e3o de uma constitui\u00e7\u00e3o nacional e popular, apesar de ainda existirem partidos e organiza\u00e7\u00f5es sociais que seguem exigindo um avan\u00e7o ainda maior do que o que j\u00e1 foi logrado.<\/p>\n\n\n\n<p>No caso do Equador,&nbsp;<a href=\"https:\/\/www.brasildefato.com.br\/2019\/10\/10\/estado-de-excecao-protestos-e-repressao-o-que-esta-acontecendo-no-equador\/\">o pa\u00eds que se transformou no estopim das revoltas de outubro<\/a>, o movimento ind\u00edgena e popular tamb\u00e9m obrigou o governo de Len\u00edn Moreno a recuar do seu programa de reformas e medidas impostas pelo Fundo Monet\u00e1rio Internacional (FMI)&nbsp;e aceitar uma \u201cmesa de negocia\u00e7\u00f5es\u201d que est\u00e1 discutindo medidas e pol\u00edticas alternativas junto com uma agenda ampla de reivindica\u00e7\u00f5es plurinacionais, ecol\u00f3gicas e feministas.<\/p>\n\n\n\n<p>Mas al\u00e9m de tudo isso, o mais surpreendente acabou acontecendo na Col\u00f4mbia, o pa\u00eds que vem sendo h\u00e1 muitos anos o baluarte da direita latino-americana e \u00e9 hoje o principal aliado dos Estados Unidos, do presidente Donald Trump, e do Brasil do capit\u00e3o Jair Bolsonaro, no seu projeto conjunto de derrubada do governo venezuelano e de liquida\u00e7\u00e3o dos seus aliados \u201cbolivarianos\u201d. Depois da vit\u00f3ria eleitoral da esquerda, e da oposi\u00e7\u00e3o em geral, em v\u00e1rias cidades importantes da Col\u00f4mbia nas elei\u00e7\u00f5es do m\u00eas de outubro,&nbsp;<a href=\"https:\/\/www.brasildefato.com.br\/2019\/12\/04\/central-sindical-da-colombia-rejeita-pedido-de-duque-e-confirma-nova-greve-geral\/\">a convoca\u00e7\u00e3o de uma greve geral em todo o pa\u00eds<\/a>, no dia 21 de novembro, deslanchou uma onda nacional de mobiliza\u00e7\u00f5es e protestos que seguem&nbsp;contra as pol\u00edticas e reformas neoliberais do presidente Iv\u00e1n Duque, cada vez mais acuado e desprestigiado.<\/p>\n\n\n\n<p>Rejei\u00e7\u00e3o ao neoliberalismo<\/p>\n\n\n\n<p>A agenda proposta pelos movimentos populares varia em cada um desses pa\u00edses, mas todas elas t\u00eam um ponto em comum: a rejei\u00e7\u00e3o das pol\u00edticas e reformas neoliberais, e sua intoler\u00e2ncia radical com rela\u00e7\u00e3o \u00e0s suas consequ\u00eancias sociais dram\u00e1ticas \u2013 que j\u00e1 foram experimentadas v\u00e1rias vezes atrav\u00e9s de toda a hist\u00f3ria da Am\u00e9rica Latina \u2013 e que acabaram derrubando o seu pr\u00f3prio \u201cmodelo ideal\u201d chileno.<\/p>\n\n\n\n<p>Frente a essa contesta\u00e7\u00e3o quase un\u00e2nime, duas coisas chamam muito a aten\u00e7\u00e3o dos observadores: a primeira \u00e9 a paralisia ou impot\u00eancia das elites liberais e conservadoras do continente, que parecem acuadas e sem nenhuma ideia ou proposta nova, que n\u00e3o seja a reitera\u00e7\u00e3o de sua velha cantilena da austeridade fiscal e da defesa milagrosa das privatiza\u00e7\u00f5es que v\u00eam fracassando por todos os lados; e a segunda&nbsp;\u00e9 a relativa aus\u00eancia ou distanciamento dos Estados Unidos frente ao avan\u00e7o da \u201crevolta latina\u201d. Porque mesmo quando tenham participado do golpe boliviano, fizeram com uma equipe de terceiro time do Departamento de Estado, e n\u00e3o contaram com o entusiasmo que o mesmo departamento dedicou, por exemplo, \u00e0 sua \u201copera\u00e7\u00e3o Bolsonaro\u201d no Brasil. Ao mesmo tempo, esse distanciamento americano tem dado maior visibilidade ao amadorismo e \u00e0 incompet\u00eancia da nova pol\u00edtica externa brasileira, conduzida pelo seu chanceler b\u00edblico.<\/p>\n\n\n\n<p>Luta interna do&nbsp;<em>establishment<\/em><\/p>\n\n\n\n<p>Para entender melhor esse \u201cd\u00e9ficit de aten\u00e7\u00e3o\u201d americano, \u00e9 importante olhar para alguns acontecimentos e desdobramentos internacionais dos dois \u00faltimos meses, e que se encontram em pleno curso.<\/p>\n\n\n\n<p>\u00c9 \u00f3bvio que n\u00e3o existe uma rela\u00e7\u00e3o de causalidade necess\u00e1ria entre esses acontecimentos, mas com certeza existe uma grande \u201cafinidade eletiva\u201d entre o que est\u00e1 passando na Am\u00e9rica Latina e a intensifica\u00e7\u00e3o da luta interna dentro do&nbsp;<em>establishment<\/em>&nbsp;norte-americano, que alcan\u00e7ou um novo patamar com a abertura do processo de impeachment contra o presidente Donald Trump, envolvendo diretamente sua pol\u00edtica externa. E tudo indica que essa briga&nbsp;passou para outro patamar de viol\u00eancia&nbsp;<a href=\"https:\/\/www.brasildefato.com.br\/2019\/09\/10\/trump-demite-john-bolton-assessor-de-seguranca-nacional-dos-eua\/\">depois que Trump demitiu John Bolton<\/a>, seu Conselheiro de Seguran\u00e7a Nacional. Essa demiss\u00e3o parece ter provocado uma inusitada converg\u00eancia entre a ala mais belicista do Partido Republicano e do \u201c<em>deep state<\/em>\u201d norte-americano e um grupo expressivo de congressistas do Partido Democr\u00e1tico que foi respons\u00e1vel pela decis\u00e3o de julgar o presidente Trump.&nbsp;\u00c9 muito pouco prov\u00e1vel que o impeachment se concretize, mas seu processo dever\u00e1 se transformar num campo de batalha pol\u00edtica e eleitoral at\u00e9 as elei\u00e7\u00f5es presidenciais de 2020.<\/p>\n\n\n\n<p>Al\u00e9m disso, com o afastamento de Bolton e a intima\u00e7\u00e3o imediata para depor do Secret\u00e1rio de Estado, Mike Pompeo, desmontou-se a dupla \u2013&nbsp;extremamente agressiva \u2013 que, junto com o vice-presidente Mike Pence, foi respons\u00e1vel pela radicaliza\u00e7\u00e3o religiosa da pol\u00edtica externa americana nos \u00faltimos dois anos. Com isso, rompeu-se tamb\u00e9m a linha de comando da extrema direita latino-americana, e talvez tenha sido isso que deixou a descoberto seus operadores brasileiros de Curitiba e Porto Alegre, na hora em que foram desmascarados pelo site do&nbsp;<a href=\"https:\/\/theintercept.com\/series\/mensagens-lava-jato\/\" target=\"_blank\" rel=\"noreferrer noopener\"><em>The&nbsp;Intercept Brasil<\/em><\/a>, como tamb\u00e9m tenha deixado a devida cobertura o pupilo idiota que eles ajudaram a instalar nas Rela\u00e7\u00f5es Exteriores brasileiras.<\/p>\n\n\n\n<p>N\u00e3o se pode esquecer que Mike Pompeo teve papel decisivo na \u201ctrapalhada diplom\u00e1tica\u201d&nbsp;da Ucr\u00e2nia&nbsp;que deu origem ao processo de&nbsp;impeachment de Trump. Por isso, tudo o que hoje diga ou ameace o chefe do Departamento de Estado tem uma credibilidade e efic\u00e1cia que ser\u00e3o cada vez menores, pelo menos at\u00e9 novembro de 2020.<\/p>\n\n\n\n<p>Mas aten\u00e7\u00e3o que esse n\u00e3o foi o \u00fanico erro&nbsp;nem \u00e9 o \u00fanico motivo da luta que divide a elite norte-americana no acirramento de sua briga interna. Pelo contr\u00e1rio, a causa mais importante dessa divis\u00e3o est\u00e1 no fracasso da pol\u00edtica americana de conten\u00e7\u00e3o da China e da R\u00fassia, que n\u00e3o est\u00e1 conseguindo deter nem curvar a expans\u00e3o mundial da China,&nbsp;e o acelerado avan\u00e7o tecnol\u00f3gico-militar da R\u00fassia. Duas for\u00e7as expansivas que j\u00e1 desembarcaram na Am\u00e9rica Latina, modificando os termos e a efic\u00e1cia da famosa Doutrina Monroe, formulada em 1822.<\/p>\n\n\n\n<p>Isso p\u00f4de ser verificado recentemente com o posicionamento russo frente \u00e0 crise boliviana, sobretudo com a ajuda chinesa para \u201csalvar\u201d os dois \u00faltimos leil\u00f5es,&nbsp;da \u201ccess\u00e3o onerosa\u201d, na Bacia de Campo, e da \u201cpartilha\u201d, na Bacia de Santos, e para viabilizar \u2013 muito provavelmente \u2013 as pr\u00f3ximas privatiza\u00e7\u00f5es anunciadas pelo ministro Paulo Guedes. Tudo isso, a despeito e por cima das bravatas \u201cjudaico-crist\u00e3s\u201d do seu chanceler.<\/p>\n\n\n\n<p>N\u00e3o \u00e9 necess\u00e1rio repetir que n\u00e3o existe uma \u00fanica causa, ou alguma causa necess\u00e1ria, que explique a \u201crevolta latina\u201d que come\u00e7ou no in\u00edcio do m\u00eas de outubro. Mas n\u00e3o h\u00e1 d\u00favida de que esta divis\u00e3o americana, junto com a mudan\u00e7a da geopol\u00edtica mundial, tem contribu\u00eddo decisivamente para a fragiliza\u00e7\u00e3o das for\u00e7as conservadoras na Am\u00e9rica Latina. Tem contribu\u00eddo tamb\u00e9m para a acelerada desintegra\u00e7\u00e3o do atual governo brasileiro e a&nbsp;perda de sua proemin\u00eancia&nbsp;dentro do continente latino-americano, com a possibilidade de que o Brasil se transforme brevemente num p\u00e1ria continental.&nbsp;<\/p>\n\n\n\n<p>Por tudo isso, concluindo, quando se olha para frente, \u00e9 poss\u00edvel prever algumas tend\u00eancias, apesar da densa neblina que encobre o futuro neste momento da nossa hist\u00f3ria:<\/p>\n\n\n\n<p>i) A divis\u00e3o interna americana deve seguir e a luta deve aumentar, apesar de que os grupos em disputa compartam o mesmo objetivo, que \u00e9, em \u00faltima inst\u00e2ncia, preservar e expandir o poder global dos Estados Unidos. Mas os EUA encontraram uma barreira intranspon\u00edvel e j\u00e1 n\u00e3o conseguir\u00e3o mais ter o poder que alcan\u00e7aram depois do fim da Guerra Fria.<\/p>\n\n\n\n<p>ii) Por isso mesmo, os EUA se voltaram para o \u201chemisf\u00e9rio ocidental com redobrada possessividade, mas tamb\u00e9m na Am\u00e9rica Latina eles est\u00e3o se enfrentando com uma nova realidade, e j\u00e1 n\u00e3o conseguir\u00e3o mais sustentar a incontestabilidade do seu poder.<\/p>\n\n\n\n<p>iii) Como consequ\u00eancia, ser\u00e1 cada vez mais dif\u00edcil impor \u00e0 popula\u00e7\u00e3o local os custos sociais gigantescos da estrat\u00e9gia econ\u00f4mica neoliberal que eles apoiam ou tentam impor a toda sua periferia latino-americana. Trata-se de uma estrat\u00e9gia que \u00e9 definitivamente incompat\u00edvel com qualquer ideia de justi\u00e7a e igualdade social, e \u00e9 literalmente inaplic\u00e1vel em pa\u00edses com maior densidade demogr\u00e1fica, maior extens\u00e3o territorial e complexidade socioecon\u00f4mica. Uma esp\u00e9cie de \u201cc\u00edrculo quadrado\u201d.<\/p>\n\n\n\n<p>iv) Por fim, apesar disso, existe um enigma no caminho alternativo proposto pelas for\u00e7as. E esse enigma n\u00e3o \u00e9 t\u00e9cnico&nbsp;nem tem a ver estritamente com pol\u00edtica econ\u00f4mica, porque \u00e9 um problema de \u201cassimetria de poder\u201d. Na verdade, mesmo quando contestados, os EUA e o capital financeiro internacional mant\u00eam o seu poder de vetar, bloquear ou estrangular economias perif\u00e9ricas que tentem uma estrat\u00e9gia de desenvolvimento alternativa e soberana, fora da camisa de for\u00e7a neoliberal, e mais pr\u00f3xima das reivindica\u00e7\u00f5es desta grande revolta latino-americana.<\/p>\n\n\n\n<p><em>*Professor permanente do Programa de P\u00f3s-Gradua\u00e7\u00e3o em Economia Pol\u00edtica Internacional, PEPI, coordenador do GP da UFRJ\/CNPQ, \u201cO poder global e a geopol\u00edtica do capitalismo\u201d; coordenador adjunto do Laborat\u00f3rio de \u201c\u00c9tica e Poder Global\u201d; pesquisador do Instituto de Estudos Estrat\u00e9gicos do Petr\u00f3leo, G\u00e1s e Biocombust\u00edveis, INEEP. Publicou&nbsp;<\/em>O Poder global e a nova geopol\u00edtica das na\u00e7\u00f5es&nbsp;<em>pela&nbsp;Editora Boitempo em 2007;&nbsp;<\/em>Hist\u00f3ria, estrat\u00e9gia e desenvolvimento&nbsp;<em>pela Boitempo, em 2014; e&nbsp;<\/em>Sobre a Guerra<em>, pela Editora Vozes Petr\u00f3polis, em 2018.<\/em><\/p>\n\n\n\n<p>Edi\u00e7\u00e3o: Aline Sc\u00e1tola<br><\/p>\n","protected":false},"excerpt":{"rendered":"<p>As recentes mobiliza\u00e7\u00f5es na Am\u00e9rica Latina s\u00e3o diversas, mas t\u00eam um ponto em comum: a rejei\u00e7\u00e3o das pol\u00edticas neoliberais<\/p>\n","protected":false},"author":1,"featured_media":0,"comment_status":"closed","ping_status":"open","sticky":false,"template":"","format":"standard","meta":{"_exactmetrics_skip_tracking":false,"_exactmetrics_sitenote_active":false,"_exactmetrics_sitenote_note":"","_exactmetrics_sitenote_category":0,"jetpack_post_was_ever_published":false,"_jetpack_newsletter_access":"","_jetpack_dont_email_post_to_subs":false,"_jetpack_newsletter_tier_id":0,"_jetpack_memberships_contains_paywalled_content":false,"_jetpack_memberships_contains_paid_content":false,"footnotes":"","jetpack_publicize_message":"","jetpack_publicize_feature_enabled":true,"jetpack_social_post_already_shared":false,"jetpack_social_options":{"image_generator_settings":{"template":"highway","enabled":false},"version":2}},"categories":[1],"tags":[],"class_list":["post-25334","post","type-post","status-publish","format-standard","hentry","category-notas"],"jetpack_publicize_connections":[],"jetpack_sharing_enabled":true,"jetpack_featured_media_url":"","jetpack_shortlink":"https:\/\/wp.me\/p7wKYW-6AC","jetpack-related-posts":[],"_links":{"self":[{"href":"http:\/\/blogdalucianaoliveira.com.br\/blog\/wp-json\/wp\/v2\/posts\/25334","targetHints":{"allow":["GET"]}}],"collection":[{"href":"http:\/\/blogdalucianaoliveira.com.br\/blog\/wp-json\/wp\/v2\/posts"}],"about":[{"href":"http:\/\/blogdalucianaoliveira.com.br\/blog\/wp-json\/wp\/v2\/types\/post"}],"author":[{"embeddable":true,"href":"http:\/\/blogdalucianaoliveira.com.br\/blog\/wp-json\/wp\/v2\/users\/1"}],"replies":[{"embeddable":true,"href":"http:\/\/blogdalucianaoliveira.com.br\/blog\/wp-json\/wp\/v2\/comments?post=25334"}],"version-history":[{"count":2,"href":"http:\/\/blogdalucianaoliveira.com.br\/blog\/wp-json\/wp\/v2\/posts\/25334\/revisions"}],"predecessor-version":[{"id":25336,"href":"http:\/\/blogdalucianaoliveira.com.br\/blog\/wp-json\/wp\/v2\/posts\/25334\/revisions\/25336"}],"wp:attachment":[{"href":"http:\/\/blogdalucianaoliveira.com.br\/blog\/wp-json\/wp\/v2\/media?parent=25334"}],"wp:term":[{"taxonomy":"category","embeddable":true,"href":"http:\/\/blogdalucianaoliveira.com.br\/blog\/wp-json\/wp\/v2\/categories?post=25334"},{"taxonomy":"post_tag","embeddable":true,"href":"http:\/\/blogdalucianaoliveira.com.br\/blog\/wp-json\/wp\/v2\/tags?post=25334"}],"curies":[{"name":"wp","href":"https:\/\/api.w.org\/{rel}","templated":true}]}}