{"id":2538,"date":"2016-07-20T17:10:07","date_gmt":"2016-07-20T21:10:07","guid":{"rendered":"http:\/\/blogdalucianaoliveira.com.br\/blog\/?p=2538"},"modified":"2016-07-20T17:10:07","modified_gmt":"2016-07-20T21:10:07","slug":"povo-paiter-surui-e-unicamp-fecham-acordo-para-criar-cursos-superiores","status":"publish","type":"post","link":"http:\/\/blogdalucianaoliveira.com.br\/blog\/2016\/07\/20\/povo-paiter-surui-e-unicamp-fecham-acordo-para-criar-cursos-superiores\/","title":{"rendered":"Povo Paiter Suru\u00ed e Unicamp fecham acordo para criar cursos superiores"},"content":{"rendered":"<p><img data-recalc-dims=\"1\" loading=\"lazy\" decoding=\"async\" data-attachment-id=\"2539\" data-permalink=\"http:\/\/blogdalucianaoliveira.com.br\/blog\/2016\/07\/20\/povo-paiter-surui-e-unicamp-fecham-acordo-para-criar-cursos-superiores\/image-582\/\" data-orig-file=\"https:\/\/i0.wp.com\/blogdalucianaoliveira.com.br\/blog\/wp-content\/uploads\/2016\/07\/image-132.jpeg?fit=269%2C180\" data-orig-size=\"269,180\" data-comments-opened=\"0\" data-image-meta=\"{&quot;aperture&quot;:&quot;0&quot;,&quot;credit&quot;:&quot;&quot;,&quot;camera&quot;:&quot;&quot;,&quot;caption&quot;:&quot;&quot;,&quot;created_timestamp&quot;:&quot;0&quot;,&quot;copyright&quot;:&quot;&quot;,&quot;focal_length&quot;:&quot;0&quot;,&quot;iso&quot;:&quot;0&quot;,&quot;shutter_speed&quot;:&quot;0&quot;,&quot;title&quot;:&quot;&quot;,&quot;orientation&quot;:&quot;0&quot;}\" data-image-title=\"image\" data-image-description=\"\" data-image-caption=\"\" data-medium-file=\"https:\/\/i0.wp.com\/blogdalucianaoliveira.com.br\/blog\/wp-content\/uploads\/2016\/07\/image-132.jpeg?fit=269%2C180\" data-large-file=\"https:\/\/i0.wp.com\/blogdalucianaoliveira.com.br\/blog\/wp-content\/uploads\/2016\/07\/image-132.jpeg?fit=269%2C180\" src=\"https:\/\/i0.wp.com\/blogdalucianaoliveira.com.br\/blog\/wp-content\/uploads\/2016\/07\/image-132.jpeg?resize=269%2C180\" alt=\"image\" width=\"269\" height=\"180\" class=\"alignnone size-full wp-image-2539\" \/><\/p>\n<p>O povo Paiter Suru\u00ed e a Universidade Estadual de Campinas (Unicamp) assinaram um termo de coopera\u00e7\u00e3o para desenvolver cursos de ensino superior na \u00e1rea ind\u00edgena Sete de Setembro, no munic\u00edpio de Cacoal, em Rond\u00f4nia.<!--more--><\/p>\n<p>A inten\u00e7\u00e3o, futuramente, \u00e9 fundar uma universidade ind\u00edgena, mas a partir de 2017 os Suru\u00ed j\u00e1 esperam ter acesso a alguns cursos superiores.<\/p>\n<p>Diversas atividades programadas para o m\u00eas de agosto deste ano ser\u00e3o realizadas com os \u00edndios e professores da universidade. A partir destes encontros ser\u00e3o estabelecidas as bases para os cursos. A inten\u00e7\u00e3o \u00e9 oferecer cerca de 15 forma\u00e7\u00f5es, entre elas, gest\u00e3o ambiental, biologia, administra\u00e7\u00e3o e direito.<\/p>\n<p>Para o l\u00edder Almir Suru\u00ed, uma universidade dentro do territ\u00f3rio vai contribuir para que o conhecimento adquirido seja aplicado para o pr\u00f3prio povo. Ele espera que outras institui\u00e7\u00f5es tamb\u00e9m ofere\u00e7am essas parcerias.<\/p>\n<p><img data-recalc-dims=\"1\" loading=\"lazy\" decoding=\"async\" data-attachment-id=\"2540\" data-permalink=\"http:\/\/blogdalucianaoliveira.com.br\/blog\/2016\/07\/20\/povo-paiter-surui-e-unicamp-fecham-acordo-para-criar-cursos-superiores\/image-583\/\" data-orig-file=\"https:\/\/i0.wp.com\/blogdalucianaoliveira.com.br\/blog\/wp-content\/uploads\/2016\/07\/image-133.jpeg?fit=509%2C289\" data-orig-size=\"509,289\" data-comments-opened=\"0\" data-image-meta=\"{&quot;aperture&quot;:&quot;0&quot;,&quot;credit&quot;:&quot;&quot;,&quot;camera&quot;:&quot;&quot;,&quot;caption&quot;:&quot;&quot;,&quot;created_timestamp&quot;:&quot;0&quot;,&quot;copyright&quot;:&quot;&quot;,&quot;focal_length&quot;:&quot;0&quot;,&quot;iso&quot;:&quot;0&quot;,&quot;shutter_speed&quot;:&quot;0&quot;,&quot;title&quot;:&quot;&quot;,&quot;orientation&quot;:&quot;0&quot;}\" data-image-title=\"image\" data-image-description=\"\" data-image-caption=\"\" data-medium-file=\"https:\/\/i0.wp.com\/blogdalucianaoliveira.com.br\/blog\/wp-content\/uploads\/2016\/07\/image-133.jpeg?fit=300%2C170\" data-large-file=\"https:\/\/i0.wp.com\/blogdalucianaoliveira.com.br\/blog\/wp-content\/uploads\/2016\/07\/image-133.jpeg?fit=509%2C289\" src=\"https:\/\/i0.wp.com\/blogdalucianaoliveira.com.br\/blog\/wp-content\/uploads\/2016\/07\/image-133.jpeg?resize=509%2C289\" alt=\"image\" width=\"509\" height=\"289\" class=\"alignnone size-full wp-image-2540\" srcset=\"https:\/\/i0.wp.com\/blogdalucianaoliveira.com.br\/blog\/wp-content\/uploads\/2016\/07\/image-133.jpeg?w=509 509w, https:\/\/i0.wp.com\/blogdalucianaoliveira.com.br\/blog\/wp-content\/uploads\/2016\/07\/image-133.jpeg?resize=300%2C170 300w\" sizes=\"auto, (max-width: 509px) 100vw, 509px\" \/><\/p>\n<p>&#8220;A gente t\u00e1 feliz. Espero que outras universidades tamb\u00e9m busquem esse exemplo da Unicamp. Essa universidade vai ajudar que a gente conserve e respeite a nossa cultura.&#8221;<\/p>\n<p>A ideia de criar uma Universidade Ind\u00edgena no territ\u00f3rio Suru\u00ed surgiu a partir semin\u00e1rios realizados pelo Centro de L\u00f3gica, Epistemologia e Hist\u00f3ria da Ci\u00eancia da Unicamp, no ano passado. A coordenadora do Centro, professora \u00cdtala D&#8217;Ottaviano, refor\u00e7a a valoriza\u00e7\u00e3o cultural de cada povo, a partir da iniciativa.<\/p>\n<p>&#8220;Do ponto de vista do pa\u00eds, das nossas comunidades ind\u00edgenas, esse trabalho \u00e9 muito interessante porque ele poder\u00e1, ele visa valorizar l\u00ednguas e culturas locais do pa\u00eds de maneira reflexiva, colocando a reflex\u00e3o acad\u00eamica.&#8221;<\/p>\n<p>Os cursos, inicialmente, ser\u00e3o ministrados no Centro de Forma\u00e7\u00e3o Suru\u00ed, at\u00e9 a constru\u00e7\u00e3o de uma sede para a universidade. De acordo com o l\u00edder Almir Suru\u00ed, ind\u00edgenas e n\u00e3o ind\u00edgenas poder\u00e3o cursar as faculdades.<\/p>\n<p>Fonte: Radioagencia<\/p>\n","protected":false},"excerpt":{"rendered":"<p>O povo Paiter Suru\u00ed e a Universidade Estadual de Campinas (Unicamp) assinaram um termo de coopera\u00e7\u00e3o para desenvolver cursos de ensino superior na \u00e1rea ind\u00edgena Sete de Setembro, no munic\u00edpio de Cacoal, em Rond\u00f4nia.<\/p>\n","protected":false},"author":1,"featured_media":0,"comment_status":"closed","ping_status":"open","sticky":false,"template":"","format":"standard","meta":{"_exactmetrics_skip_tracking":false,"_exactmetrics_sitenote_active":false,"_exactmetrics_sitenote_note":"","_exactmetrics_sitenote_category":0,"jetpack_post_was_ever_published":false,"_jetpack_newsletter_access":"","_jetpack_dont_email_post_to_subs":false,"_jetpack_newsletter_tier_id":0,"_jetpack_memberships_contains_paywalled_content":false,"_jetpack_memberships_contains_paid_content":false,"footnotes":"","jetpack_publicize_message":"","jetpack_publicize_feature_enabled":true,"jetpack_social_post_already_shared":true,"jetpack_social_options":{"image_generator_settings":{"template":"highway","enabled":false},"version":2}},"categories":[1],"tags":[],"class_list":["post-2538","post","type-post","status-publish","format-standard","hentry","category-notas"],"jetpack_publicize_connections":[],"jetpack_sharing_enabled":true,"jetpack_featured_media_url":"","jetpack_shortlink":"https:\/\/wp.me\/p7wKYW-EW","jetpack-related-posts":[],"_links":{"self":[{"href":"http:\/\/blogdalucianaoliveira.com.br\/blog\/wp-json\/wp\/v2\/posts\/2538","targetHints":{"allow":["GET"]}}],"collection":[{"href":"http:\/\/blogdalucianaoliveira.com.br\/blog\/wp-json\/wp\/v2\/posts"}],"about":[{"href":"http:\/\/blogdalucianaoliveira.com.br\/blog\/wp-json\/wp\/v2\/types\/post"}],"author":[{"embeddable":true,"href":"http:\/\/blogdalucianaoliveira.com.br\/blog\/wp-json\/wp\/v2\/users\/1"}],"replies":[{"embeddable":true,"href":"http:\/\/blogdalucianaoliveira.com.br\/blog\/wp-json\/wp\/v2\/comments?post=2538"}],"version-history":[{"count":1,"href":"http:\/\/blogdalucianaoliveira.com.br\/blog\/wp-json\/wp\/v2\/posts\/2538\/revisions"}],"predecessor-version":[{"id":2541,"href":"http:\/\/blogdalucianaoliveira.com.br\/blog\/wp-json\/wp\/v2\/posts\/2538\/revisions\/2541"}],"wp:attachment":[{"href":"http:\/\/blogdalucianaoliveira.com.br\/blog\/wp-json\/wp\/v2\/media?parent=2538"}],"wp:term":[{"taxonomy":"category","embeddable":true,"href":"http:\/\/blogdalucianaoliveira.com.br\/blog\/wp-json\/wp\/v2\/categories?post=2538"},{"taxonomy":"post_tag","embeddable":true,"href":"http:\/\/blogdalucianaoliveira.com.br\/blog\/wp-json\/wp\/v2\/tags?post=2538"}],"curies":[{"name":"wp","href":"https:\/\/api.w.org\/{rel}","templated":true}]}}