{"id":2548,"date":"2016-07-21T09:33:55","date_gmt":"2016-07-21T13:33:55","guid":{"rendered":"http:\/\/blogdalucianaoliveira.com.br\/blog\/?p=2548"},"modified":"2016-07-21T09:33:55","modified_gmt":"2016-07-21T13:33:55","slug":"certo-estava-o-stanislaw-para-quem-a-maior-inflacao-nacional-e-de-estupidez","status":"publish","type":"post","link":"http:\/\/blogdalucianaoliveira.com.br\/blog\/2016\/07\/21\/certo-estava-o-stanislaw-para-quem-a-maior-inflacao-nacional-e-de-estupidez\/","title":{"rendered":"Certo estava o Stanislaw, para quem a maior infla\u00e7\u00e3o nacional \u00e9 de estupidez"},"content":{"rendered":"<p><img data-recalc-dims=\"1\" loading=\"lazy\" decoding=\"async\" data-attachment-id=\"2549\" data-permalink=\"http:\/\/blogdalucianaoliveira.com.br\/blog\/2016\/07\/21\/certo-estava-o-stanislaw-para-quem-a-maior-inflacao-nacional-e-de-estupidez\/image-585\/\" data-orig-file=\"https:\/\/i0.wp.com\/blogdalucianaoliveira.com.br\/blog\/wp-content\/uploads\/2016\/07\/image-135.jpeg?fit=471%2C312\" data-orig-size=\"471,312\" data-comments-opened=\"0\" data-image-meta=\"{&quot;aperture&quot;:&quot;0&quot;,&quot;credit&quot;:&quot;&quot;,&quot;camera&quot;:&quot;&quot;,&quot;caption&quot;:&quot;&quot;,&quot;created_timestamp&quot;:&quot;0&quot;,&quot;copyright&quot;:&quot;&quot;,&quot;focal_length&quot;:&quot;0&quot;,&quot;iso&quot;:&quot;0&quot;,&quot;shutter_speed&quot;:&quot;0&quot;,&quot;title&quot;:&quot;&quot;,&quot;orientation&quot;:&quot;0&quot;}\" data-image-title=\"image\" data-image-description=\"\" data-image-caption=\"\" data-medium-file=\"https:\/\/i0.wp.com\/blogdalucianaoliveira.com.br\/blog\/wp-content\/uploads\/2016\/07\/image-135.jpeg?fit=300%2C199\" data-large-file=\"https:\/\/i0.wp.com\/blogdalucianaoliveira.com.br\/blog\/wp-content\/uploads\/2016\/07\/image-135.jpeg?fit=471%2C312\" src=\"https:\/\/i0.wp.com\/blogdalucianaoliveira.com.br\/blog\/wp-content\/uploads\/2016\/07\/image-135.jpeg?resize=471%2C312\" alt=\"image\" width=\"471\" height=\"312\" class=\"alignnone size-full wp-image-2549\" srcset=\"https:\/\/i0.wp.com\/blogdalucianaoliveira.com.br\/blog\/wp-content\/uploads\/2016\/07\/image-135.jpeg?w=471 471w, https:\/\/i0.wp.com\/blogdalucianaoliveira.com.br\/blog\/wp-content\/uploads\/2016\/07\/image-135.jpeg?resize=300%2C199 300w, https:\/\/i0.wp.com\/blogdalucianaoliveira.com.br\/blog\/wp-content\/uploads\/2016\/07\/image-135.jpeg?resize=453%2C300 453w\" sizes=\"auto, (max-width: 471px) 100vw, 471px\" \/><\/p>\n<p>As pessoas da sala de jantar, s\u00f3 ocupadas em nascer e morrer, n\u00e3o est\u00e3o escandalizadas com as \u00faltimas manchetes jornal\u00edsticas. <!--more--><\/p>\n<p>N\u00e3o vem ao caso refletir sobre essas not\u00edcias:<\/p>\n<p>&#8211; DATAFOLHA ADMITE ERRO PR\u00d3-TEMER EM SUA PESQUISA;<\/p>\n<p>&#8211; Ot\u00e1vio Azevedo e as conversas sigilosas na Oi. Relat\u00f3rio aponta que ex-Andrade Gutierrez quebrou sigilo de clientes;<\/p>\n<p>&#8211; Corte de gastos fica pra depois. Governo adia decis\u00e3o de contingenciamento de R$ 20 bilh\u00f5es no Or\u00e7amento;<\/p>\n<p>&#8211; Interino, Temer j\u00e1 \u00e9 presidente com mais Medidas Provis\u00f3rias desde Collor;<\/p>\n<p>&#8211; Afastado, Cunha voa 13 vezes pela FAB a um custo estimado de R$ 569 mil. <\/p>\n<p>E da\u00ed?<br \/>\nDia 31 tem uma parcela da direita que vai fazer uma manifesta\u00e7\u00e3o pr\u00f3-golpe.<br \/>\nFora Dilma! N\u00e3o aceitamos corruptos!<br \/>\nPor que? Porque sim! Porque querem tomar na marra o poder que n\u00e3o conseguiram num processo democr\u00e1tico. <\/p>\n<p>S\u00e3o manifestantes que repetem como um mantra a frase cl\u00e1ssica do finado Foi Tarde Jarbas Passarinho: &#8220;\u00c0s favas neste momento com os escr\u00fapulos de consci\u00eancia.&#8221;<\/p>\n","protected":false},"excerpt":{"rendered":"<p>As pessoas da sala de jantar, s\u00f3 ocupadas em nascer e morrer, n\u00e3o est\u00e3o escandalizadas com as \u00faltimas manchetes jornal\u00edsticas.<\/p>\n","protected":false},"author":1,"featured_media":0,"comment_status":"closed","ping_status":"open","sticky":false,"template":"","format":"standard","meta":{"_exactmetrics_skip_tracking":false,"_exactmetrics_sitenote_active":false,"_exactmetrics_sitenote_note":"","_exactmetrics_sitenote_category":0,"jetpack_post_was_ever_published":false,"_jetpack_newsletter_access":"","_jetpack_dont_email_post_to_subs":false,"_jetpack_newsletter_tier_id":0,"_jetpack_memberships_contains_paywalled_content":false,"_jetpack_memberships_contains_paid_content":false,"footnotes":"","jetpack_publicize_message":"","jetpack_publicize_feature_enabled":true,"jetpack_social_post_already_shared":true,"jetpack_social_options":{"image_generator_settings":{"template":"highway","enabled":false},"version":2}},"categories":[1],"tags":[],"class_list":["post-2548","post","type-post","status-publish","format-standard","hentry","category-notas"],"jetpack_publicize_connections":[],"jetpack_sharing_enabled":true,"jetpack_featured_media_url":"","jetpack_shortlink":"https:\/\/wp.me\/p7wKYW-F6","jetpack-related-posts":[],"_links":{"self":[{"href":"http:\/\/blogdalucianaoliveira.com.br\/blog\/wp-json\/wp\/v2\/posts\/2548","targetHints":{"allow":["GET"]}}],"collection":[{"href":"http:\/\/blogdalucianaoliveira.com.br\/blog\/wp-json\/wp\/v2\/posts"}],"about":[{"href":"http:\/\/blogdalucianaoliveira.com.br\/blog\/wp-json\/wp\/v2\/types\/post"}],"author":[{"embeddable":true,"href":"http:\/\/blogdalucianaoliveira.com.br\/blog\/wp-json\/wp\/v2\/users\/1"}],"replies":[{"embeddable":true,"href":"http:\/\/blogdalucianaoliveira.com.br\/blog\/wp-json\/wp\/v2\/comments?post=2548"}],"version-history":[{"count":1,"href":"http:\/\/blogdalucianaoliveira.com.br\/blog\/wp-json\/wp\/v2\/posts\/2548\/revisions"}],"predecessor-version":[{"id":2551,"href":"http:\/\/blogdalucianaoliveira.com.br\/blog\/wp-json\/wp\/v2\/posts\/2548\/revisions\/2551"}],"wp:attachment":[{"href":"http:\/\/blogdalucianaoliveira.com.br\/blog\/wp-json\/wp\/v2\/media?parent=2548"}],"wp:term":[{"taxonomy":"category","embeddable":true,"href":"http:\/\/blogdalucianaoliveira.com.br\/blog\/wp-json\/wp\/v2\/categories?post=2548"},{"taxonomy":"post_tag","embeddable":true,"href":"http:\/\/blogdalucianaoliveira.com.br\/blog\/wp-json\/wp\/v2\/tags?post=2548"}],"curies":[{"name":"wp","href":"https:\/\/api.w.org\/{rel}","templated":true}]}}