{"id":2555,"date":"2016-07-21T10:26:43","date_gmt":"2016-07-21T14:26:43","guid":{"rendered":"http:\/\/blogdalucianaoliveira.com.br\/blog\/?p=2555"},"modified":"2016-07-21T10:26:43","modified_gmt":"2016-07-21T14:26:43","slug":"a-escandalosa-falta-de-etica-no-brasil","status":"publish","type":"post","link":"http:\/\/blogdalucianaoliveira.com.br\/blog\/2016\/07\/21\/a-escandalosa-falta-de-etica-no-brasil\/","title":{"rendered":"A escandalosa falta de \u00e9tica no Brasil"},"content":{"rendered":"<p><img data-recalc-dims=\"1\" loading=\"lazy\" decoding=\"async\" data-attachment-id=\"2556\" data-permalink=\"http:\/\/blogdalucianaoliveira.com.br\/blog\/2016\/07\/21\/a-escandalosa-falta-de-etica-no-brasil\/image-587\/\" data-orig-file=\"https:\/\/i0.wp.com\/blogdalucianaoliveira.com.br\/blog\/wp-content\/uploads\/2016\/07\/image-137.jpeg?fit=495%2C297\" data-orig-size=\"495,297\" data-comments-opened=\"0\" data-image-meta=\"{&quot;aperture&quot;:&quot;0&quot;,&quot;credit&quot;:&quot;&quot;,&quot;camera&quot;:&quot;&quot;,&quot;caption&quot;:&quot;&quot;,&quot;created_timestamp&quot;:&quot;0&quot;,&quot;copyright&quot;:&quot;&quot;,&quot;focal_length&quot;:&quot;0&quot;,&quot;iso&quot;:&quot;0&quot;,&quot;shutter_speed&quot;:&quot;0&quot;,&quot;title&quot;:&quot;&quot;,&quot;orientation&quot;:&quot;0&quot;}\" data-image-title=\"image\" data-image-description=\"\" data-image-caption=\"\" data-medium-file=\"https:\/\/i0.wp.com\/blogdalucianaoliveira.com.br\/blog\/wp-content\/uploads\/2016\/07\/image-137.jpeg?fit=300%2C180\" data-large-file=\"https:\/\/i0.wp.com\/blogdalucianaoliveira.com.br\/blog\/wp-content\/uploads\/2016\/07\/image-137.jpeg?fit=495%2C297\" src=\"https:\/\/i0.wp.com\/blogdalucianaoliveira.com.br\/blog\/wp-content\/uploads\/2016\/07\/image-137.jpeg?resize=495%2C297\" alt=\"image\" width=\"495\" height=\"297\" class=\"alignnone size-full wp-image-2556\" srcset=\"https:\/\/i0.wp.com\/blogdalucianaoliveira.com.br\/blog\/wp-content\/uploads\/2016\/07\/image-137.jpeg?w=495 495w, https:\/\/i0.wp.com\/blogdalucianaoliveira.com.br\/blog\/wp-content\/uploads\/2016\/07\/image-137.jpeg?resize=300%2C180 300w\" sizes=\"auto, (max-width: 495px) 100vw, 495px\" \/><\/p>\n<p>O pa\u00eds, sob qualquer \u00e2ngulo que o considerarmos, \u00e9 contaminado por uma espantosa falta de \u00e9tica. O bem \u00e9 s\u00f3 bom quando \u00e9 um bem para mim e para os outros; n\u00e3o \u00e9 um valor buscado e vivido,  mas o que predomina \u00e9 a esperteza, o dar-se bem, o ser espertinho, o jeitinho e a lei de Gerson.<!--more--><\/p>\n<p>Os v\u00e1rios esc\u00e2ndalos que se deram a conhecer, revelam um falta de consci\u00eancia \u00e9tica alarmante. Diria, sem exagero, que o corpo social brasileiro est\u00e1 de tal maneira putrefato que onde quer que aconte\u00e7a um pequeno arranh\u00e3o j\u00e1  mostra sua purul\u00eancia.<\/p>\n<p>A falta de \u00e9tica se revela nas m\u00ednimas coisas, desde as mentirinhas ditas em casa aos pais, a cola na escola ou nos concursos, o suborno de agentes da pol\u00edcia rodovi\u00e1ria quando algu\u00e9m \u00e9 surpreendido numa infra\u00e7\u00e3o de tr\u00e2nsito at\u00e9 em fazer pipi na rua.<\/p>\n<p>Essa falta generalizada de \u00e9tica deita ra\u00edzes em nossa pr\u00e9-hist\u00f3ria.\u00c9 uma consequ\u00eancia perversa da coloniza\u00e7\u00e3o. Ela imp\u00f4s ao colonizado a submiss\u00e3o, a total depend\u00eancia \u00e0 vontade do outro e a ren\u00fancia a ter a sua pr\u00f3pria vida. Estava entregue ao arb\u00edtrio do invasor. Para escapar da puni\u00e7\u00e3o, se obriga a mentir, a esconder inten\u00e7\u00f5es e a fingir. Isso leva a uma corrup\u00e7\u00e3o da mente. A \u00e9tica da submiss\u00e3o e do medo leva fatalmente a uma ruptura com a \u00e9tica, quer dizer, come\u00e7a a faltar com a verdade, a nunca poder ser transparente e, quando pode, prejudica seu opressor. O colonizado se obrigou, como forma de sobreviv\u00eancia, a mentir e a encontrar um \u201cjeitinho\u201d de burlar a vontade do senhor. A Casa Grande e a Senzala  s\u00e3o um nicho, produtor de falta de \u00e9tica: pela rela\u00e7\u00e3o desigual de senhor e de escravo. O ethos do senhor \u00e9 profundamente anti-\u00e9tico: ele pode dispor do outro como quiser, abusar sexualmente das escravas e vender filhos pequenos delas para que n\u00e3o tivessem apego a eles. Nada de mais cruel e anti-\u00e9tico que isso.<\/p>\n<p>Esse tipo de \u00e9tica desumana cria h\u00e1bitos e pr\u00e1ticas que, de uma forma ou de outra, continuam,no inconsciente coletivo de nossa sociedade.<\/p>\n<p>A aboli\u00e7\u00e3o da escravatura ocasionou uma maldade \u00e9tica inimagin\u00e1vel: deu-se liberdade aos escravos, mas sem fornecer-lhes um pedacinho de terra,  uma casinha e um instrumento de trabalho. Foram lan\u00e7ados diretamente na favela. E hoje por causa de sua cor e pobreza s\u00e3o discriminados, humilhados e as primeiras v\u00edtimas da viol\u00eancia policial e social.<\/p>\n<p>A situa\u00e7\u00e3o, em sua estrutura, n\u00e3o mudou com a Rep\u00fablica. Os antigos senhores coloniais foram substitu\u00eddos pelos coron\u00e9is e senhores de grandes fazendas e capit\u00e3es da ind\u00fastria. A\u00ed as pessoas eram ultra-exploradas e feitas totalmente dependentes. Os comportamentos n\u00e3o eram \u00e9ticos, de respeito \u00e0s pessoas e garantia de seus direitos m\u00ednimos. Eram carv\u00e3o  para a produ\u00e7\u00e3o.<\/p>\n<p>As rela\u00e7\u00f5es de produ\u00e7\u00e3o capitalista que se introduziram no Brasil pelo processo de industrializ\u00e7\u00e3o e moderniza\u00e7\u00e3o foram selvagens. Nosso capitalismo nunca foi civilizado: guardou sua voracidade de acumula\u00e7\u00e3o como nas origens no s\u00e9culo XVIII e XIX. A explora\u00e7\u00e3o  impiedosa da for\u00e7a de trabalho, os baixos sal\u00e1rios s\u00e3o situa\u00e7\u00f5es eticamente conden\u00e1veis. Como superar essa situa\u00e7\u00e3o que nos envergonha?<\/p>\n<p>Antes de fazer qualquer sugest\u00e3o minima, importa fazer uma auto-cr\u00edtica. Que educa\u00e7\u00e3o deram as centenas de escolas cat\u00f3licas e cristas e as 16 universidades cat\u00f3licas (pontif\u00edcias ou n\u00e3o) a seus alunos? Bastava terem ensinado o m\u00ednimo da mensagem de Jesus de amor aos pobres contra sua pobreza para superrar os n\u00edveis de mis\u00e9ria atual. Elas se transformaram em chocadeiras dos opressores. Criaram um cristianismo cultural de cren\u00e7a mas n\u00e3o de uma f\u00e9 engajada pela justi\u00e7a. Por isso seus alunos raramente possuem uma incid\u00eancia social. S\u00e3o antes pela manuten\u00e7\u00e3o do status quo do que por mudan\u00e7as.<\/p>\n<p>Para superarmos a crise da \u00e9tica n\u00e3o bastam apelos, mas uma transforma\u00e7\u00e3o da sociedade. Antes de ser \u00e9tica, a quest\u00e3o \u00e9 pol\u00edtica, pois esta \u00e9 estruturada em rela\u00e7\u00f5es profundamente anti-\u00e9ticas.<\/p>\n<p>Para ser brev\u00edssimos: tudo deve come\u00e7ar na fam\u00edlia. Criar car\u00e1ter (um dos sentidos de \u00e9tica) nos filhos, form\u00e1-los na busca do bem e da verdade e n\u00e3o se deixar seduzir pela lei de Gerson e evitar, sistematicamente, o jeitinho. Princ\u00edpio b\u00e1sico: tratar sempre humanamente o outro. Tomar absolutamente s\u00e9rio a lei \u00e1urea: \u201cn\u00e3o fa\u00e7a ao outro o que n\u00e3o quer que te fa\u00e7am a ti\u201d. Siga o princ\u00edpio de Kant: que o princ\u00edpio que te leva fazer o bem, seja v\u00e1lido para tamb\u00e9m para os outros. Oriente-se pelos dez mandamentos que s\u00e3o universais. Traduzidos para hoje: o \u201cn\u00e3o matar\u201d significa, venere a vida, cultive uma cultura da n\u00e3o viol\u00eancia. O \u201cn\u00e3o roubar\u201d: aja com justi\u00e7a e corre\u00e7\u00e3o e lute por uma ordem econ\u00f4mica justa. O \u201cn\u00e3o cometer adult\u00e9rio\u201d: amem-se e respeitem-se, e obriguem-se a uma cultura da igualdade e pareceria entre o homem e a mulher.<\/p>\n<p>Isso \u00e9 o m\u00ednimo que podemos fazer para arejar a atmosfera \u00e9tica de nosso pa\u00eds. Repetindo o grande Arist\u00f3teles:\u201dn\u00e3o refletimos para saber o que seja a \u00e9tica, mas para tornarmo-nos pessoas \u00e9ticas\u201d. <\/p>\n<p>Leonardo Boff foi professor de \u00e9tica na UERJ e em Heidelberg.<\/p>\n","protected":false},"excerpt":{"rendered":"<p>O pa\u00eds, sob qualquer \u00e2ngulo que o considerarmos, \u00e9 contaminado por uma espantosa falta de \u00e9tica. O bem \u00e9 s\u00f3 bom quando \u00e9 um bem para mim e para os outros; n\u00e3o \u00e9 um valor buscado e vivido, mas o que predomina \u00e9 a esperteza, o dar-se bem, o ser espertinho, o jeitinho e a&#8230;<a class=\"more-link\" href=\"http:\/\/blogdalucianaoliveira.com.br\/blog\/2016\/07\/21\/a-escandalosa-falta-de-etica-no-brasil\/\">Continue a leitura <span class=\"meta-nav\">&raquo;<\/span><\/a><\/p>\n","protected":false},"author":1,"featured_media":0,"comment_status":"closed","ping_status":"open","sticky":false,"template":"","format":"standard","meta":{"_exactmetrics_skip_tracking":false,"_exactmetrics_sitenote_active":false,"_exactmetrics_sitenote_note":"","_exactmetrics_sitenote_category":0,"jetpack_post_was_ever_published":false,"_jetpack_newsletter_access":"","_jetpack_dont_email_post_to_subs":false,"_jetpack_newsletter_tier_id":0,"_jetpack_memberships_contains_paywalled_content":false,"_jetpack_memberships_contains_paid_content":false,"footnotes":"","jetpack_publicize_message":"","jetpack_publicize_feature_enabled":true,"jetpack_social_post_already_shared":true,"jetpack_social_options":{"image_generator_settings":{"template":"highway","enabled":false},"version":2}},"categories":[1],"tags":[],"class_list":["post-2555","post","type-post","status-publish","format-standard","hentry","category-notas"],"jetpack_publicize_connections":[],"jetpack_sharing_enabled":true,"jetpack_featured_media_url":"","jetpack_shortlink":"https:\/\/wp.me\/p7wKYW-Fd","jetpack-related-posts":[],"_links":{"self":[{"href":"http:\/\/blogdalucianaoliveira.com.br\/blog\/wp-json\/wp\/v2\/posts\/2555","targetHints":{"allow":["GET"]}}],"collection":[{"href":"http:\/\/blogdalucianaoliveira.com.br\/blog\/wp-json\/wp\/v2\/posts"}],"about":[{"href":"http:\/\/blogdalucianaoliveira.com.br\/blog\/wp-json\/wp\/v2\/types\/post"}],"author":[{"embeddable":true,"href":"http:\/\/blogdalucianaoliveira.com.br\/blog\/wp-json\/wp\/v2\/users\/1"}],"replies":[{"embeddable":true,"href":"http:\/\/blogdalucianaoliveira.com.br\/blog\/wp-json\/wp\/v2\/comments?post=2555"}],"version-history":[{"count":1,"href":"http:\/\/blogdalucianaoliveira.com.br\/blog\/wp-json\/wp\/v2\/posts\/2555\/revisions"}],"predecessor-version":[{"id":2557,"href":"http:\/\/blogdalucianaoliveira.com.br\/blog\/wp-json\/wp\/v2\/posts\/2555\/revisions\/2557"}],"wp:attachment":[{"href":"http:\/\/blogdalucianaoliveira.com.br\/blog\/wp-json\/wp\/v2\/media?parent=2555"}],"wp:term":[{"taxonomy":"category","embeddable":true,"href":"http:\/\/blogdalucianaoliveira.com.br\/blog\/wp-json\/wp\/v2\/categories?post=2555"},{"taxonomy":"post_tag","embeddable":true,"href":"http:\/\/blogdalucianaoliveira.com.br\/blog\/wp-json\/wp\/v2\/tags?post=2555"}],"curies":[{"name":"wp","href":"https:\/\/api.w.org\/{rel}","templated":true}]}}