{"id":25559,"date":"2019-12-15T21:00:57","date_gmt":"2019-12-16T01:00:57","guid":{"rendered":"http:\/\/blogdalucianaoliveira.com.br\/blog\/?p=25559"},"modified":"2019-12-15T21:01:08","modified_gmt":"2019-12-16T01:01:08","slug":"o-esquerdista-luxemburgo-e-a-oportunidade-do-palmeiras-resgatar-sua-historia-um-dos-fundadores-era-anarquista","status":"publish","type":"post","link":"http:\/\/blogdalucianaoliveira.com.br\/blog\/2019\/12\/15\/o-esquerdista-luxemburgo-e-a-oportunidade-do-palmeiras-resgatar-sua-historia-um-dos-fundadores-era-anarquista\/","title":{"rendered":"O esquerdista Luxemburgo e a oportunidade do Palmeiras resgatar sua hist\u00f3ria: um dos fundadores era anarquista"},"content":{"rendered":"\n<figure class=\"wp-block-image\"><img data-recalc-dims=\"1\" height=\"340\" width=\"600\" decoding=\"async\" src=\"https:\/\/i0.wp.com\/www.diariodocentrodomundo.com.br\/wp-content\/uploads\/2019\/12\/captura-de-tela-2019-12-15-as-21-11-03-600x340.png?resize=600%2C340&#038;ssl=1\" alt=\"\"\/><figcaption><br><\/figcaption><\/figure>\n\n\n\n<p>No DCM, por Joaquim de Carvalho &#8211; Uma brisa de ar fresco no Palmeiras: Luxemburgo volta ao clube depois de dez anos. \u00c9 um treinador de ponta, que j\u00e1 dirigiu o Real Madri, na \u00e9poca dos gal\u00e1cticos Zidane, Ronaldo Fen\u00f4meno e David Beckham. No Palmeiras, foi treinador de um time lend\u00e1rio, que fez 102 gols num Campeonato Paulista. Naquela temporada, por mais de uma vez, o Palmeiras venceu por 8 a 0.<\/p>\n\n\n\n<!--more-->\n\n\n\n<p>Luxemburgo tamb\u00e9m foi campe\u00e3o no Santos, Cruzeiro e no Corinthians \u2014 o time corintiano que conquistou o Mundial em 2000 foi montado por ele. Ser\u00e1 a sua quinta passagem pelo clube, e ele re\u00fane condi\u00e7\u00f5es para fazer bem n\u00e3o apenas ao clube, mas \u00e0 sociedade.<\/p>\n\n\n\n<p>Nestes tempos de acirramento pol\u00edtico, ele teve coragem de manifestar apoio a Lula, que ele conhece bem, pois j\u00e1 trabalhou com o filho do ex-presidente, que \u00e9 preparador f\u00edsico. Foi at\u00e9 o Sindicato dos Metal\u00fargicos do ABC no dia em que Lula foi preso.<\/p>\n\n\n\n<p>N\u00e3o se escondeu, ao contr\u00e1rio de muita gente.<br><\/p>\n\n\n\n<p>Mais tarde, em entrevista a Rica Perrone, se declarou homem de esquerda e explicou a origem do seu nome.<\/p>\n\n\n\n<p>\u201cEu continuo sendo um cara de esquerda por origem, por ideologia, porque o nome da minha m\u00e3e \u00e9 Rosa Luxemburgo da Silva em homenagem \u00e0 polonesa marxista Rosa de Luxemburgo. Meu av\u00f4 era do Sindicato dos Ferrovi\u00e1rios, foragido. Meu pai era gr\u00e1fico, foragido. Na \u00e9poca da ditadura. Eu fundei o diret\u00f3rio acad\u00eamico na minha universidade. Eu sou de esquerda porque acho que a democracia tem que prevalecer\u201d, contou.<\/p>\n\n\n\n<p>Disse mais: Falou que Sergio Moro n\u00e3o \u00e9 her\u00f3i coisa nenhuma. \u201c\u00c9 um juiz de primeira inst\u00e2ncia que jogou nossa Constitui\u00e7\u00e3o no lixo\u201d.<\/p>\n\n\n\n<p>Era julho de 2018 quando essa entrevista foi publicada, m\u00eas em que Bolsonaro despontava como segundo colocado nas pesquisas. O primeiro era Lula, disparado.<\/p>\n\n\n\n<p>Na rede social, foi muito criticado pelas declara\u00e7\u00f5es e alguns anunciaram que estava morto para o futebol.<\/p>\n\n\n\n<p>\u201cPofeso, volta pro buraco, nem a quarta divis\u00e3o te d\u00e1 emprego, kkkk\u201d, declarou um.<\/p>\n\n\n\n<p>\u201cBolsonaro 2018! Espero que esse cara entenda um pouco de futebol, pq de politica\u2026\u201d<\/p>\n\n\n\n<p>Em 2019, Luxemburgo foi para o Vasco e reergueu um time que estava na zona de rebaixamento do Campeonato Brasileiro. Agora, confirma que dirigir\u00e1 um dos clubes financeiramente melhor estruturados do Brasil.<\/p>\n\n\n\n<p>\u201cVamos trabalhar bastante. Tem uma frase que diz que nada resiste ao trabalho\u201d, comentou ele.<\/p>\n\n\n\n<p>Recentemente, quando Jair Bolsonaro visitou o Vasco, Luxemburgo lhe entregou uma camisa do time. Mas dificilmente faria como Lu\u00eds Felipe Scolari, que, como t\u00e9cnico do Palmeiras, bateu contin\u00eancia para Bolsonaro e depois, em entrevista, recomendou que todos os brasileiros o obedecessem.<\/p>\n\n\n\n<p>O Palmeiras teve quatro italianos que s\u00e3o considerados fundadores do Palmeiras \u2014 Luigi Cervo, Vicencenzo Ragognetti, Ezequiel Simoni e Luigi Marzo.<\/p>\n\n\n\n<p>Todos tinham menos de 39 anos. Luigi Cervo era funcion\u00e1rio de confian\u00e7a de um grande capitalista, Conde Francesco Matarazzo, admirador e patrocinador de Mussolini na It\u00e1lia.<\/p>\n\n\n\n<p>J\u00e1 Ezequiel Simoni era anarquista, autor de livros relacionados \u00e0s causas oper\u00e1rias. Por ser o mais velho dos quatro, presidiu a assembleia inaugural, raz\u00e3o pela qual alguns historiadores do clube consideram que ele foi o primeiro presidente.<\/p>\n\n\n\n<p>Luxemburgo tem lugar na hist\u00f3ria do clube, e representa uma esperan\u00e7a de que o Palmeiras se reconcilie com suas origens de pluralismo e democracia.<\/p>\n\n\n\n<p><br><\/p>\n","protected":false},"excerpt":{"rendered":"<p>No DCM, por Joaquim de Carvalho &#8211; Uma brisa de ar fresco no Palmeiras: Luxemburgo volta ao clube depois de dez anos. \u00c9 um treinador de ponta, que j\u00e1 dirigiu o Real Madri, na \u00e9poca dos gal\u00e1cticos Zidane, Ronaldo Fen\u00f4meno e David Beckham. No Palmeiras, foi treinador de um time lend\u00e1rio, que fez 102 gols&#8230;<a class=\"more-link\" href=\"http:\/\/blogdalucianaoliveira.com.br\/blog\/2019\/12\/15\/o-esquerdista-luxemburgo-e-a-oportunidade-do-palmeiras-resgatar-sua-historia-um-dos-fundadores-era-anarquista\/\">Continue a leitura <span class=\"meta-nav\">&raquo;<\/span><\/a><\/p>\n","protected":false},"author":1,"featured_media":0,"comment_status":"closed","ping_status":"open","sticky":false,"template":"","format":"standard","meta":{"_exactmetrics_skip_tracking":false,"_exactmetrics_sitenote_active":false,"_exactmetrics_sitenote_note":"","_exactmetrics_sitenote_category":0,"jetpack_post_was_ever_published":false,"_jetpack_newsletter_access":"","_jetpack_dont_email_post_to_subs":false,"_jetpack_newsletter_tier_id":0,"_jetpack_memberships_contains_paywalled_content":false,"_jetpack_memberships_contains_paid_content":false,"footnotes":"","jetpack_publicize_message":"","jetpack_publicize_feature_enabled":true,"jetpack_social_post_already_shared":true,"jetpack_social_options":{"image_generator_settings":{"template":"highway","enabled":false},"version":2}},"categories":[1],"tags":[],"class_list":["post-25559","post","type-post","status-publish","format-standard","hentry","category-notas"],"jetpack_publicize_connections":[],"jetpack_sharing_enabled":true,"jetpack_featured_media_url":"","jetpack_shortlink":"https:\/\/wp.me\/p7wKYW-6Ef","jetpack-related-posts":[],"_links":{"self":[{"href":"http:\/\/blogdalucianaoliveira.com.br\/blog\/wp-json\/wp\/v2\/posts\/25559","targetHints":{"allow":["GET"]}}],"collection":[{"href":"http:\/\/blogdalucianaoliveira.com.br\/blog\/wp-json\/wp\/v2\/posts"}],"about":[{"href":"http:\/\/blogdalucianaoliveira.com.br\/blog\/wp-json\/wp\/v2\/types\/post"}],"author":[{"embeddable":true,"href":"http:\/\/blogdalucianaoliveira.com.br\/blog\/wp-json\/wp\/v2\/users\/1"}],"replies":[{"embeddable":true,"href":"http:\/\/blogdalucianaoliveira.com.br\/blog\/wp-json\/wp\/v2\/comments?post=25559"}],"version-history":[{"count":1,"href":"http:\/\/blogdalucianaoliveira.com.br\/blog\/wp-json\/wp\/v2\/posts\/25559\/revisions"}],"predecessor-version":[{"id":25560,"href":"http:\/\/blogdalucianaoliveira.com.br\/blog\/wp-json\/wp\/v2\/posts\/25559\/revisions\/25560"}],"wp:attachment":[{"href":"http:\/\/blogdalucianaoliveira.com.br\/blog\/wp-json\/wp\/v2\/media?parent=25559"}],"wp:term":[{"taxonomy":"category","embeddable":true,"href":"http:\/\/blogdalucianaoliveira.com.br\/blog\/wp-json\/wp\/v2\/categories?post=25559"},{"taxonomy":"post_tag","embeddable":true,"href":"http:\/\/blogdalucianaoliveira.com.br\/blog\/wp-json\/wp\/v2\/tags?post=25559"}],"curies":[{"name":"wp","href":"https:\/\/api.w.org\/{rel}","templated":true}]}}