{"id":25561,"date":"2019-12-15T21:10:21","date_gmt":"2019-12-16T01:10:21","guid":{"rendered":"http:\/\/blogdalucianaoliveira.com.br\/blog\/?p=25561"},"modified":"2019-12-15T21:10:29","modified_gmt":"2019-12-16T01:10:29","slug":"brasil-do-odio-e-da-morte-vira-um-puxadinho-das-vivendas-da-barra-pesada","status":"publish","type":"post","link":"http:\/\/blogdalucianaoliveira.com.br\/blog\/2019\/12\/15\/brasil-do-odio-e-da-morte-vira-um-puxadinho-das-vivendas-da-barra-pesada\/","title":{"rendered":"BRASIL DO \u00d3DIO E DA MORTE VIRA UM PUXADINHO DAS \u201cVIVENDAS DA BARRA PESADA\u201d"},"content":{"rendered":"\n<figure class=\"wp-block-image\"><img data-recalc-dims=\"1\" decoding=\"async\" src=\"https:\/\/i0.wp.com\/publisher-publish.s3.eu-central-1.amazonaws.com\/pb-brasil247\/swp\/jtjeq9\/media\/20191122191124_a35dac29-1f63-4189-9ef1-77c9e73764fd.jpeg?w=600&#038;ssl=1\" alt=\"Resultado de imagem para BRASIL DO \u00d3DIO E DA MORTE VIRA UM PUXADINHO DAS \u201cVIVENDAS DA BARRA PESADA\u201d\"\/><\/figure>\n\n\n\n<p>No 247, por Ricardo Kotscho &#8211; Bolsonaro conseguiu: em menos de um ano de governo, o Brasil virou o pa\u00eds do \u00f3dio e da morte, da tristeza e da melancolia.<\/p>\n\n\n\n<!--more-->\n\n\n\n<p>Os notici\u00e1rios da TV deste domingo d\u00e3o conta de que sete corpos foram encontrados na ca\u00e7amba de um caminh\u00e3o em Angra dos Reis, no Rio, depois de um dia inteiro de tiroteios que deixaram outras v\u00edtimas de balas perdidas.<\/p>\n\n\n\n<p>Em Salvador, tr\u00eas adultos e uma crian\u00e7a foram mortos numa chacina.<ins><br><\/ins><\/p>\n\n\n\n<p>Ainda no Rio, com a greve na sa\u00fade, por falta de sal\u00e1rios, pacientes morrem nas filas sem atendimento e familiares deles levam cestas b\u00e1sicas para funcion\u00e1rios do hospital que passam dificuldades.<\/p>\n\n\n\n<p>Em Mairipor\u00e3, na regi\u00e3o metropolitana de S\u00e3o Paulo, a pol\u00edcia estoura uma rinha de c\u00e3es da ra\u00e7a pitbull, em que os criminosos fazem um ritual para assar os cachorros mortos na brasa.<\/p>\n\n\n\n<p>Foi o que eu consegui ver, mas deve ter muito mais e pior neste domingo, um dia normal, depois que o capit\u00e3o presidente e sua tropa de figuras abomin\u00e1veis assumiram o poder.<ins><\/ins><\/p>\n\n\n\n<p>Nos supermercados, clientes brigam com os atendentes por causa do pre\u00e7o da carne.<\/p>\n\n\n\n<p>Este grande pa\u00eds, outrora respeitado e admirado, virou apenas um puxadinho do condom\u00ednio miliciano \u201cVivendas da Barra Pesada\u201d, de onde sa\u00edram os Bolsonaros para ocupar o Planalto.<\/p>\n\n\n\n<p>A dez dias do Natal, n\u00e3o vejo enfeites nem na Oscar Freire, os pinheirinhos nas lojas murcham por n\u00e3o encontrar fregueses e os moradores de rua continuam deitados nas cal\u00e7adas, pedindo uma ajuda.<ins><\/ins><\/p>\n\n\n\n<p>Na frente de uma loja de m\u00f3veis, com uma enorme cama de casal, um coitado dorme sobre papel\u00f5es.<\/p>\n\n\n\n<p>Este \u00e9 o retrato do Brasil do bolsonarismo galopante, que avan\u00e7a, sem encontrar barreiras.<\/p>\n\n\n\n<p>Quem ainda pode promover feijoadas ou churrascos com os amigos para comemorar n\u00e3o sei o que?<\/p>\n\n\n\n<p>Vivemos um clima de fim de feira, em que os deserdados disputam a xepa, antes da chegada do caminh\u00e3o do lixo. Ningu\u00e9m lhes d\u00e1 um alento.<\/p>\n\n\n\n<p>Num pa\u00eds em que os pobres voltaram a ser miser\u00e1veis, e a \u201cnova classe m\u00e9dia\u201d pensa que faz parte da elite, 34 mil pessoas est\u00e3o morando nas ruas de S\u00e3o Paulo, a cidade mais rica do pa\u00eds, e todo mundo acha isso normal, nem repara.<\/p>\n\n\n\n<p>Numa \u00e9poca em que as pessoas pareciam ficar mais felizes e solid\u00e1rias, eu s\u00f3 vejo gente triste, melanc\u00f3lica, estressada, correndo para cumprir seus compromissos., fazer as compras.<\/p>\n\n\n\n<p>S\u00f3 se encontra ainda alguma alegria nos botecos, depois de muita cerveja _&nbsp; isso quando os bolsominions n\u00e3o provocam alguma confus\u00e3o, agora que eles est\u00e3o no poder e se acham os maiorais.<\/p>\n\n\n\n<p>\u00c9 tanta estupidez, falta de respeito com quem pensa diferente, que prefiro ficar em casa, lembrando outros natais.<\/p>\n\n\n\n<p>O discurso do \u00f3dio venceu, numa guerra verbal ideol\u00f3gica e furiosa, fratricida.<\/p>\n\n\n\n<p>\u201cEstamos de retorno \u00e0 idade M\u00e9dia em termos de valores, com esse poder neoliberal, imposto por meio da for\u00e7a e das cren\u00e7as, um discurso moralista pentecostal\u201d, tenta explicar Joel Birman, psicanalista e professor da Universidade Federal do Rio de Janeiro, a M\u00e1rio Sergio Conti, em entrevista ao programa \u201cDi\u00e1logos\u201d, na Globonews.<ins><\/ins><\/p>\n\n\n\n<p>Por mais que eu queira, \u00e9 dif\u00edcil mudar de assunto quando voc\u00ea est\u00e1 no meio de uma tempestade que imobiliza as pessoas e nos deixa cada vez mais sem sa\u00edda.<\/p>\n\n\n\n<p>Apesar de tudo, vida que segue.<br><\/p>\n","protected":false},"excerpt":{"rendered":"<p>No 247, por Ricardo Kotscho &#8211; Bolsonaro conseguiu: em menos de um ano de governo, o Brasil virou o pa\u00eds do \u00f3dio e da morte, da tristeza e da melancolia.<\/p>\n","protected":false},"author":1,"featured_media":0,"comment_status":"closed","ping_status":"open","sticky":false,"template":"","format":"standard","meta":{"_exactmetrics_skip_tracking":false,"_exactmetrics_sitenote_active":false,"_exactmetrics_sitenote_note":"","_exactmetrics_sitenote_category":0,"jetpack_post_was_ever_published":false,"_jetpack_newsletter_access":"","_jetpack_dont_email_post_to_subs":false,"_jetpack_newsletter_tier_id":0,"_jetpack_memberships_contains_paywalled_content":false,"_jetpack_memberships_contains_paid_content":false,"footnotes":"","jetpack_publicize_message":"","jetpack_publicize_feature_enabled":true,"jetpack_social_post_already_shared":true,"jetpack_social_options":{"image_generator_settings":{"template":"highway","enabled":false},"version":2}},"categories":[1],"tags":[],"class_list":["post-25561","post","type-post","status-publish","format-standard","hentry","category-notas"],"jetpack_publicize_connections":[],"jetpack_sharing_enabled":true,"jetpack_featured_media_url":"","jetpack_shortlink":"https:\/\/wp.me\/p7wKYW-6Eh","jetpack-related-posts":[],"_links":{"self":[{"href":"http:\/\/blogdalucianaoliveira.com.br\/blog\/wp-json\/wp\/v2\/posts\/25561","targetHints":{"allow":["GET"]}}],"collection":[{"href":"http:\/\/blogdalucianaoliveira.com.br\/blog\/wp-json\/wp\/v2\/posts"}],"about":[{"href":"http:\/\/blogdalucianaoliveira.com.br\/blog\/wp-json\/wp\/v2\/types\/post"}],"author":[{"embeddable":true,"href":"http:\/\/blogdalucianaoliveira.com.br\/blog\/wp-json\/wp\/v2\/users\/1"}],"replies":[{"embeddable":true,"href":"http:\/\/blogdalucianaoliveira.com.br\/blog\/wp-json\/wp\/v2\/comments?post=25561"}],"version-history":[{"count":1,"href":"http:\/\/blogdalucianaoliveira.com.br\/blog\/wp-json\/wp\/v2\/posts\/25561\/revisions"}],"predecessor-version":[{"id":25562,"href":"http:\/\/blogdalucianaoliveira.com.br\/blog\/wp-json\/wp\/v2\/posts\/25561\/revisions\/25562"}],"wp:attachment":[{"href":"http:\/\/blogdalucianaoliveira.com.br\/blog\/wp-json\/wp\/v2\/media?parent=25561"}],"wp:term":[{"taxonomy":"category","embeddable":true,"href":"http:\/\/blogdalucianaoliveira.com.br\/blog\/wp-json\/wp\/v2\/categories?post=25561"},{"taxonomy":"post_tag","embeddable":true,"href":"http:\/\/blogdalucianaoliveira.com.br\/blog\/wp-json\/wp\/v2\/tags?post=25561"}],"curies":[{"name":"wp","href":"https:\/\/api.w.org\/{rel}","templated":true}]}}