{"id":25565,"date":"2019-12-16T09:59:32","date_gmt":"2019-12-16T13:59:32","guid":{"rendered":"http:\/\/blogdalucianaoliveira.com.br\/blog\/?p=25565"},"modified":"2019-12-16T10:00:52","modified_gmt":"2019-12-16T14:00:52","slug":"declaracoes-antiambientalistas-de-politicos-aceleram-desmatamento-diz-estudo","status":"publish","type":"post","link":"http:\/\/blogdalucianaoliveira.com.br\/blog\/2019\/12\/16\/declaracoes-antiambientalistas-de-politicos-aceleram-desmatamento-diz-estudo\/","title":{"rendered":"Declara\u00e7\u00f5es antiambientalistas de pol\u00edticos aceleram desmatamento, diz estudo"},"content":{"rendered":"\n<figure class=\"wp-block-image\"><img data-recalc-dims=\"1\" height=\"410\" width=\"600\" decoding=\"async\" src=\"https:\/\/i0.wp.com\/politicalivre.com.br\/wp-content\/uploads\/2019\/09\/queimada-no-sul-da-amaz%25C3%25B4nia_gabrila-bil%25C3%25B3_estad%25C3%25A3o-900x615.jpg?resize=600%2C410&#038;ssl=1\" alt=\"Resultado de imagem para Declara\u00e7\u00f5es antiambientalistas de pol\u00edticos aceleram desmatamento, diz estudo\"\/><\/figure>\n\n\n\n<h4 class=\"wp-block-heading\">Presidente Jair Bolsonaro, ministros e o governador do Acre criticaram \u00f3rg\u00e3os de fiscaliza\u00e7\u00e3o<\/h4>\n\n\n\n<!--more-->\n\n\n\n<p>Na FSP, por Fabiano Masonnave &#8211; Um estudo do ISA (Instituto Socioambiental) vincula declara\u00e7\u00f5es antiambientalistas do governo Bolsonaro e do governador do Acre, Gladson Cameli (PP), a\u00a0<a href=\"https:\/\/www1.folha.uol.com.br\/ambiente\/2019\/12\/desmatamento-na-amazonia-cresce-104-em-novembro.shtml\">aumentos na taxa de desmatamento<\/a>\u00a0nas \u00e1reas mencionadas por eles.\u00a0<\/p>\n\n\n\n<p>O levantamento, baseado nos dados dos sistemas Prodes e Deter-B, ambos do Inpe&nbsp;(Instituto Nacional de Pesquisas Espaciais), tamb\u00e9m aponta novas fronteiras do desmatamento ao longo de rodovias no Par\u00e1, no Amazonas e no Acre.&nbsp;<\/p>\n\n\n\n<p>Entre as declara\u00e7\u00f5es analisadas est\u00e1 a do presidente Jair Bolsonaro criticando uma opera\u00e7\u00e3o do Ibama contra o roubo de madeira na Flona (Floresta Nacional) do Jamari, em Cujubim (RO), em 12 de abril.<\/p>\n\n\n\n<p>Em v\u00eddeo gravado via celular, ele condenou a queima de equipamento dos infratores \u2014pr\u00e1tica que tem respaldo legal\u2014 e prometeu abrir um processo administrativo contra os fiscais respons\u00e1veis.<\/p>\n\n\n\n<p>Segundo o Deter-B, houve 2.354 alertas&nbsp;de desmatamento no munic\u00edpio de Cujubim entre abril e maio deste ano, praticamente o dobro do mesmo per\u00edodo de 2018, quando houve 1.186 alertas.<\/p>\n\n\n\n<p>No m\u00eas passado, uma equipe de fiscaliza\u00e7\u00e3o do ICMBio foi cercada e hostilizada dentro da Flona Jamari, como mostra v\u00eddeo gravado pelos pr\u00f3prios madeireiros. Ningu\u00e9m saiu ferido.<\/p>\n\n\n\n<p>Outro caso analisado foi um discurso de Cameli na cidade de Sena Madureira (AC), em 31 de maio. Em evento com produtores rurais, o governador os orientou a n\u00e3o pagar multa emitida pelo Imac (Instituto do Meio Ambiente do Acre) \u201cporque quem est\u00e1 mandando agora sou eu\u201d.&nbsp;<\/p>\n\n\n\n<p>Nessa cidade, houve 2.574 alertas nos meses de&nbsp;<a href=\"https:\/\/www1.folha.uol.com.br\/ambiente\/2019\/07\/desmatamento-da-amazonia-em-junho-e-57-maior-do-que-no-mesmo-mes-de-2018.shtml\">junho<\/a>&nbsp;e&nbsp;<a href=\"https:\/\/www1.folha.uol.com.br\/ambiente\/2019\/08\/desmatamento-na-amazonia-em-julho-cresce-278-em-relacao-ao-mesmo-mes-em-2018.shtml\">julho<\/a>, 225% a mais do que os mesmos meses de 2018. Os n\u00fameros tamb\u00e9m s\u00e3o do Deter-B, menos preciso do que o Prodes e usado principalmente para orientar a fiscaliza\u00e7\u00e3o dos \u00f3rg\u00e3os ambientais e apontar&nbsp;<a href=\"https:\/\/www1.folha.uol.com.br\/ambiente\/2019\/11\/desmatamento-na-amazonia-bate-recorde-e-cresce-295-em-12-meses.shtml\">tend\u00eancias de desmatamento<\/a>.&nbsp;<\/p>\n\n\n\n<p>Os outros casos que sugerem causalidade entre declara\u00e7\u00f5es e picos de desmatamento s\u00e3o Espig\u00e3o d\u2019Oeste (RO), ap\u00f3s visita do ministro Ricardo Salles (Meio Ambiente), e Novo Progresso (PA), onde o governo federal anunciou que faria opera\u00e7\u00f5es de fiscaliza\u00e7\u00e3o, o que n\u00e3o \u00e9 a praxe para a\u00e7\u00f5es desse tipo.<\/p>\n\n\n\n<h3 class=\"wp-block-heading\">NOVOS MUNIC\u00cdPIOS<\/h3>\n\n\n\n<p>O estudo tamb\u00e9m aponta o aumento da devasta\u00e7\u00e3o em \u00e1reas acima do chamado Arco do Desmatamento, uma imensa faixa de supress\u00e3o da floresta entre o oeste do Maranh\u00e3o e o Acre.&nbsp;<\/p>\n\n\n\n<p>Neste ano, s\u00e3o 22 munic\u00edpios com altas taxas de desmatamento que n\u00e3o aparecem na lista dos 256 munic\u00edpios que conformam o Arco do Desmatamento. Essas&nbsp;novas frentes est\u00e3o distribu\u00eddas entre Acre, Amazonas, Par\u00e1 e Roraima.<\/p>\n\n\n\n<p>O que n\u00e3o mudou \u00e9 a influ\u00eancia das rodovias no avan\u00e7o contra a floresta. No Acre, os munic\u00edpios de Sena Madureira, Tarauac\u00e1 e Feij\u00f3, ambos cortados pela BR-364, se tornaram focos grandes de desmatamento.&nbsp;<\/p>\n\n\n\n<p>No Par\u00e1, s\u00e3o seis munic\u00edpios fora do Arco, entre os quais Rurop\u00f3lis e Anapu (PA), este palco de violento conflito agr\u00e1rio, \u00e0s margens da Transamaz\u00f4nica (BR-230). Nessa regi\u00e3o, tamb\u00e9m contribuem para o desmatamento a usina Belo Monte e a perspectiva de constru\u00e7\u00e3o da Ferrogr\u00e3o, para levar soja de Mato Grosso aos portos fluviais paraenses.<\/p>\n\n\n\n<figure><iframe loading=\"lazy\" src=\"https:\/\/arte.folha.uol.com.br\/ciencia\/2019\/12\/16\/floresta-proxima-a-rodovia-e-alvo-de-desmate\/?initialWidth=903&amp;childId=infographic-1&amp;parentTitle=Declara%C3%A7%C3%B5es%20antiambientalistas%20de%20pol%C3%ADticos%20aceleram%20desmatamento%2C%20diz%20estudo%20-%2016%2F12%2F2019%20-%20Ambiente%20-%20Folha&amp;parentUrl=https%3A%2F%2Fwww1.folha.uol.com.br%2Fambiente%2F2019%2F12%2Fdeclaracoes-antiambientalistas-de-politicos-aceleram-desmatamento-diz-estudo.shtml\" width=\"100%\" height=\"416px\"><\/iframe><\/figure>\n\n\n\n<p>\u201cO Arco do Desmatamento veio do sul do Mato Grosso, foi avan\u00e7ando, ilhando \u00e1reas protegidas, como o Parque do Xingu, e hoje j\u00e1 se encontrou com a Transamaz\u00f4nica\u201d, afirma o agr\u00f4nomo Antonio Oviedo, um dos autores do estudo do ISA.<\/p>\n\n\n\n<p>Outro foco de interioriza\u00e7\u00e3o do desmate \u00e9 Roraima, com quatro munic\u00edpios com forte desmatamento: Cant\u00e1, Caracara\u00ed, Iracema e Mucaja\u00ed, todos sob a influ\u00eancia da BR-174, rodovia que liga o estado a Manaus. No sul do Amazonas, a promessa de pavimenta\u00e7\u00e3o da BR-319 tem incentivado o desmate em Humait\u00e1 e Canutama. &nbsp;<\/p>\n\n\n\n<p>\u201cH\u00e1 uma expans\u00e3o grande a oeste, pro lado do Acre, e principalmente a partir das BRs 319 e 163, que seriam a flecha desse Arco, entrando para o interior de floresta\u201d, afirma Oviedo.<\/p>\n","protected":false},"excerpt":{"rendered":"<p>Presidente Jair Bolsonaro, ministros e o governador do Acre criticaram \u00f3rg\u00e3os de fiscaliza\u00e7\u00e3o<\/p>\n","protected":false},"author":1,"featured_media":0,"comment_status":"closed","ping_status":"open","sticky":false,"template":"","format":"standard","meta":{"_exactmetrics_skip_tracking":false,"_exactmetrics_sitenote_active":false,"_exactmetrics_sitenote_note":"","_exactmetrics_sitenote_category":0,"jetpack_post_was_ever_published":false,"_jetpack_newsletter_access":"","_jetpack_dont_email_post_to_subs":false,"_jetpack_newsletter_tier_id":0,"_jetpack_memberships_contains_paywalled_content":false,"_jetpack_memberships_contains_paid_content":false,"footnotes":"","jetpack_publicize_message":"","jetpack_publicize_feature_enabled":true,"jetpack_social_post_already_shared":true,"jetpack_social_options":{"image_generator_settings":{"template":"highway","enabled":false},"version":2}},"categories":[1],"tags":[],"class_list":["post-25565","post","type-post","status-publish","format-standard","hentry","category-notas"],"jetpack_publicize_connections":[],"jetpack_sharing_enabled":true,"jetpack_featured_media_url":"","jetpack_shortlink":"https:\/\/wp.me\/p7wKYW-6El","jetpack-related-posts":[],"_links":{"self":[{"href":"http:\/\/blogdalucianaoliveira.com.br\/blog\/wp-json\/wp\/v2\/posts\/25565","targetHints":{"allow":["GET"]}}],"collection":[{"href":"http:\/\/blogdalucianaoliveira.com.br\/blog\/wp-json\/wp\/v2\/posts"}],"about":[{"href":"http:\/\/blogdalucianaoliveira.com.br\/blog\/wp-json\/wp\/v2\/types\/post"}],"author":[{"embeddable":true,"href":"http:\/\/blogdalucianaoliveira.com.br\/blog\/wp-json\/wp\/v2\/users\/1"}],"replies":[{"embeddable":true,"href":"http:\/\/blogdalucianaoliveira.com.br\/blog\/wp-json\/wp\/v2\/comments?post=25565"}],"version-history":[{"count":2,"href":"http:\/\/blogdalucianaoliveira.com.br\/blog\/wp-json\/wp\/v2\/posts\/25565\/revisions"}],"predecessor-version":[{"id":25567,"href":"http:\/\/blogdalucianaoliveira.com.br\/blog\/wp-json\/wp\/v2\/posts\/25565\/revisions\/25567"}],"wp:attachment":[{"href":"http:\/\/blogdalucianaoliveira.com.br\/blog\/wp-json\/wp\/v2\/media?parent=25565"}],"wp:term":[{"taxonomy":"category","embeddable":true,"href":"http:\/\/blogdalucianaoliveira.com.br\/blog\/wp-json\/wp\/v2\/categories?post=25565"},{"taxonomy":"post_tag","embeddable":true,"href":"http:\/\/blogdalucianaoliveira.com.br\/blog\/wp-json\/wp\/v2\/tags?post=25565"}],"curies":[{"name":"wp","href":"https:\/\/api.w.org\/{rel}","templated":true}]}}