{"id":25568,"date":"2019-12-16T10:04:26","date_gmt":"2019-12-16T14:04:26","guid":{"rendered":"http:\/\/blogdalucianaoliveira.com.br\/blog\/?p=25568"},"modified":"2019-12-16T10:04:38","modified_gmt":"2019-12-16T14:04:38","slug":"das-240-clinicas-da-familia-no-rio-de-janeiro-210-nao-estao-funcionando","status":"publish","type":"post","link":"http:\/\/blogdalucianaoliveira.com.br\/blog\/2019\/12\/16\/das-240-clinicas-da-familia-no-rio-de-janeiro-210-nao-estao-funcionando\/","title":{"rendered":"Das 240 Cl\u00ednicas da Fam\u00edlia no Rio de Janeiro, 210 n\u00e3o est\u00e3o funcionando"},"content":{"rendered":"\n<figure class=\"wp-block-image\"><img data-recalc-dims=\"1\" decoding=\"async\" src=\"https:\/\/i0.wp.com\/farm66.staticflickr.com\/65535\/49213564982_2d8cec407d_z.jpg?w=600&#038;ssl=1\" alt=\"O prefeito do Rio de Janeiro, Marcelo Crivella (PRB), foi eleito sob o lema \u201ccuidar das pessoas\u201d, em 2016 - Cr\u00e9ditos: Fotos P\u00fablicas\"\/><\/figure>\n\n\n\n<blockquote class=\"wp-block-quote is-layout-flow wp-block-quote-is-layout-flow\"><p> &#8220;<strong><em>Paralisa\u00e7\u00e3o das unidades \u00e9 sintoma do colapso da gest\u00e3o Crivella<\/em><\/strong>&#8221; <\/p><\/blockquote>\n\n\n\n<!--more-->\n\n\n\n<p>Rep\u00f3rter SUS<\/p>\n\n\n\n<p>Nas \u00faltimas ter\u00e7a (10) e quarta-feira (11), funcion\u00e1rios da rede municipal de sa\u00fade do Rio de Janeiro paralisaram os servi\u00e7os, afetando algumas unidades, como as Cl\u00ednicas da Fam\u00edlia e centros de atendimento de hospitais, que n\u00e3o abriram.\u00a0<\/p>\n\n\n\n<p>O cen\u00e1rio faz parte do colapso pelo qual passa a sa\u00fade carioca. At\u00e9 ter\u00e7a-feira (10), m\u00e9dicos, enfermeiros e assistentes n\u00e3o haviam recebido sequer os sal\u00e1rios de outubro e novembro.<\/p>\n\n\n\n<p>A conjuntura \u201cs\u00f3 pode ser descrita como uma situa\u00e7\u00e3o de calamidade\u201d,afirmou o professor da Faculdade de Medicina e do Instituto de Psiquiatria da Universidade Federal do Rio de Janeiro (UFRJ), Pedro Gabriel Delgado.&nbsp;<\/p>\n\n\n\n<p>Ele contabiliza que cerca de 210 das 240 Cl\u00ednicas da Fam\u00edlia do munic\u00edpio est\u00e3o com as atividades paralisadas. Das redes federal e estadual, como laborat\u00f3rios e hospitais especializados, as unidades funcionam numa situa\u00e7\u00e3o de \u201cprecariedade m\u00e1xima\u201d.&nbsp;<\/p>\n\n\n\n<p>\u201cN\u00e3o h\u00e1 exagero em afirmar que desde 2016, quando iniciou o governo de Michel Temer (MDB), come\u00e7aram todos os ataques sistem\u00e1ticos ao Sistema \u00danico de Sa\u00fade (SUS) e \u00e0s outras pol\u00edticas sociais do nosso pa\u00eds, institu\u00eddas pela Constitui\u00e7\u00e3o de 1988. O Rio de Janeiro, ent\u00e3o, se transformou em uma esp\u00e9cie de laborat\u00f3rio de destrui\u00e7\u00e3o da sa\u00fade p\u00fablica\u201d.<\/p>\n\n\n\n<p>O saldo, al\u00e9m das Cl\u00ednicas da Fam\u00edlia paralisadas e das manifesta\u00e7\u00f5es de servidores p\u00fablicos da \u00e1rea da sa\u00fade, Delgado tamb\u00e9m elenca o aparecimento de barreiras que n\u00e3o existiam antes, a falta de servi\u00e7os essenciais e de insumos como medicamentos.<\/p>\n\n\n\n<p>O prefeito do Rio de Janeiro, Marcelo Crivella (PRB), foi eleito, em 2016, sob o lema \u201ccuidar das pessoas\u201d, quando prometeu municipalizar as unidades de pronto atendimento e construir cl\u00ednicas somente com m\u00e9dicos especialistas.&nbsp;<\/p>\n\n\n\n<p>Durante a campanha, afirmou: \u201cAs pessoas que hoje t\u00eam problemas espec\u00edficos demoram muito para ter um encontro com especialista, demoram muito para fazer um exame e, depois de diagnosticadas, demoram muito a operar. A cl\u00ednica de especialistas, umas 20 delas pela cidade, vai resolver muito essa demanda que hoje existe na popula\u00e7\u00e3o&#8221;. Eleito, Crivella desistiu de aumentar a rede de sa\u00fade.<\/p>\n\n\n\n<p>Edi\u00e7\u00e3o: Julia Chequer<\/p>\n","protected":false},"excerpt":{"rendered":"<p>&#8220;Paralisa\u00e7\u00e3o das unidades \u00e9 sintoma do colapso da gest\u00e3o Crivella&#8221;<\/p>\n","protected":false},"author":1,"featured_media":0,"comment_status":"closed","ping_status":"open","sticky":false,"template":"","format":"standard","meta":{"_exactmetrics_skip_tracking":false,"_exactmetrics_sitenote_active":false,"_exactmetrics_sitenote_note":"","_exactmetrics_sitenote_category":0,"jetpack_post_was_ever_published":false,"_jetpack_newsletter_access":"","_jetpack_dont_email_post_to_subs":false,"_jetpack_newsletter_tier_id":0,"_jetpack_memberships_contains_paywalled_content":false,"_jetpack_memberships_contains_paid_content":false,"footnotes":"","jetpack_publicize_message":"","jetpack_publicize_feature_enabled":true,"jetpack_social_post_already_shared":true,"jetpack_social_options":{"image_generator_settings":{"template":"highway","enabled":false},"version":2}},"categories":[1],"tags":[],"class_list":["post-25568","post","type-post","status-publish","format-standard","hentry","category-notas"],"jetpack_publicize_connections":[],"jetpack_sharing_enabled":true,"jetpack_featured_media_url":"","jetpack_shortlink":"https:\/\/wp.me\/p7wKYW-6Eo","jetpack-related-posts":[],"_links":{"self":[{"href":"http:\/\/blogdalucianaoliveira.com.br\/blog\/wp-json\/wp\/v2\/posts\/25568","targetHints":{"allow":["GET"]}}],"collection":[{"href":"http:\/\/blogdalucianaoliveira.com.br\/blog\/wp-json\/wp\/v2\/posts"}],"about":[{"href":"http:\/\/blogdalucianaoliveira.com.br\/blog\/wp-json\/wp\/v2\/types\/post"}],"author":[{"embeddable":true,"href":"http:\/\/blogdalucianaoliveira.com.br\/blog\/wp-json\/wp\/v2\/users\/1"}],"replies":[{"embeddable":true,"href":"http:\/\/blogdalucianaoliveira.com.br\/blog\/wp-json\/wp\/v2\/comments?post=25568"}],"version-history":[{"count":1,"href":"http:\/\/blogdalucianaoliveira.com.br\/blog\/wp-json\/wp\/v2\/posts\/25568\/revisions"}],"predecessor-version":[{"id":25569,"href":"http:\/\/blogdalucianaoliveira.com.br\/blog\/wp-json\/wp\/v2\/posts\/25568\/revisions\/25569"}],"wp:attachment":[{"href":"http:\/\/blogdalucianaoliveira.com.br\/blog\/wp-json\/wp\/v2\/media?parent=25568"}],"wp:term":[{"taxonomy":"category","embeddable":true,"href":"http:\/\/blogdalucianaoliveira.com.br\/blog\/wp-json\/wp\/v2\/categories?post=25568"},{"taxonomy":"post_tag","embeddable":true,"href":"http:\/\/blogdalucianaoliveira.com.br\/blog\/wp-json\/wp\/v2\/tags?post=25568"}],"curies":[{"name":"wp","href":"https:\/\/api.w.org\/{rel}","templated":true}]}}