{"id":25570,"date":"2019-12-16T10:08:38","date_gmt":"2019-12-16T14:08:38","guid":{"rendered":"http:\/\/blogdalucianaoliveira.com.br\/blog\/?p=25570"},"modified":"2019-12-16T10:08:50","modified_gmt":"2019-12-16T14:08:50","slug":"comite-da-onu-conclui-que-bolsonaro-viola-tratado-sobre-tortura","status":"publish","type":"post","link":"http:\/\/blogdalucianaoliveira.com.br\/blog\/2019\/12\/16\/comite-da-onu-conclui-que-bolsonaro-viola-tratado-sobre-tortura\/","title":{"rendered":"Comit\u00ea da ONU conclui que Bolsonaro viola tratado sobre tortura"},"content":{"rendered":"\n<figure class=\"wp-block-image\"><img data-recalc-dims=\"1\" decoding=\"async\" src=\"https:\/\/i0.wp.com\/publisher-publish.s3.eu-central-1.amazonaws.com\/pb-brasil247\/swp\/jtjeq9\/media\/20191216131232_447aea7e-fd5d-49de-8c30-6f75ef98697e.jpeg?w=600&#038;ssl=1\" alt=\"Jair Bolsonaro\"\/><\/figure>\n\n\n\n<p><strong>247 &#8211;<\/strong>&nbsp;O Subcomit\u00ea das Na\u00e7\u00f5es Unidas para a Preven\u00e7\u00e3o da Tortura condenou nesta segunda-feira (16) pol\u00edticas do governo Bolsonaro sobre o assunto. \u00c9 primeira constata\u00e7\u00e3o formal por parte de um organismo da ONU da viola\u00e7\u00e3o de tratados internacionais sobre tortura pelo Brasil na era Bolsonaro.&nbsp;<\/p>\n\n\n\n<!--more-->\n\n\n\n<p>O texto legal avaliado pelo \u00f3rg\u00e3o da ONU foi o decreto 9.831 de 10 de junho, denunciado por ativistas e ongs como tendo desmantelado os sistemas de controle de tortura e preven\u00e7\u00e3o no Brasil.<\/p>\n\n\n\n<p>A constata\u00e7\u00e3o da ONU n\u00e3o implica ainda em san\u00e7\u00f5es concretas. Mas aprofunda a crise de credibilidade do pa\u00eds em termos de cumprimento de acordos internacionais, principalmente no setor de direitos humanos.&nbsp;<\/p>\n\n\n\n<p>&#8220;A ado\u00e7\u00e3o e entrada em vigor do Decreto Presidencial n\u00ba 9.831 enfraqueceu severamente a pol\u00edtica de preven\u00e7\u00e3o da tortura no Brasil&#8221;, afirmou o subcomit\u00ea da ONU. Para a entidade, tal postura dificulta o cumprimento das regras estabelecidas pela entidade e \u00e9 incompat\u00edvel com os tratados. informa&nbsp;<a href=\"https:\/\/noticias.uol.com.br\/colunas\/jamil-chade\/2019\/12\/16\/bolsonaro-viola-tratado-sobre-tortura-conclui-onu.htm\">Jamil Chade<\/a>.<br><\/p>\n","protected":false},"excerpt":{"rendered":"<p>247 &#8211;&nbsp;O Subcomit\u00ea das Na\u00e7\u00f5es Unidas para a Preven\u00e7\u00e3o da Tortura condenou nesta segunda-feira (16) pol\u00edticas do governo Bolsonaro sobre o assunto. \u00c9 primeira constata\u00e7\u00e3o formal por parte de um organismo da ONU da viola\u00e7\u00e3o de tratados internacionais sobre tortura pelo Brasil na era Bolsonaro.&nbsp;<\/p>\n","protected":false},"author":1,"featured_media":0,"comment_status":"closed","ping_status":"open","sticky":false,"template":"","format":"standard","meta":{"_exactmetrics_skip_tracking":false,"_exactmetrics_sitenote_active":false,"_exactmetrics_sitenote_note":"","_exactmetrics_sitenote_category":0,"jetpack_post_was_ever_published":false,"_jetpack_newsletter_access":"","_jetpack_dont_email_post_to_subs":false,"_jetpack_newsletter_tier_id":0,"_jetpack_memberships_contains_paywalled_content":false,"_jetpack_memberships_contains_paid_content":false,"footnotes":"","jetpack_publicize_message":"","jetpack_publicize_feature_enabled":true,"jetpack_social_post_already_shared":true,"jetpack_social_options":{"image_generator_settings":{"template":"highway","enabled":false},"version":2}},"categories":[1],"tags":[],"class_list":["post-25570","post","type-post","status-publish","format-standard","hentry","category-notas"],"jetpack_publicize_connections":[],"jetpack_sharing_enabled":true,"jetpack_featured_media_url":"","jetpack_shortlink":"https:\/\/wp.me\/p7wKYW-6Eq","jetpack-related-posts":[],"_links":{"self":[{"href":"http:\/\/blogdalucianaoliveira.com.br\/blog\/wp-json\/wp\/v2\/posts\/25570","targetHints":{"allow":["GET"]}}],"collection":[{"href":"http:\/\/blogdalucianaoliveira.com.br\/blog\/wp-json\/wp\/v2\/posts"}],"about":[{"href":"http:\/\/blogdalucianaoliveira.com.br\/blog\/wp-json\/wp\/v2\/types\/post"}],"author":[{"embeddable":true,"href":"http:\/\/blogdalucianaoliveira.com.br\/blog\/wp-json\/wp\/v2\/users\/1"}],"replies":[{"embeddable":true,"href":"http:\/\/blogdalucianaoliveira.com.br\/blog\/wp-json\/wp\/v2\/comments?post=25570"}],"version-history":[{"count":1,"href":"http:\/\/blogdalucianaoliveira.com.br\/blog\/wp-json\/wp\/v2\/posts\/25570\/revisions"}],"predecessor-version":[{"id":25571,"href":"http:\/\/blogdalucianaoliveira.com.br\/blog\/wp-json\/wp\/v2\/posts\/25570\/revisions\/25571"}],"wp:attachment":[{"href":"http:\/\/blogdalucianaoliveira.com.br\/blog\/wp-json\/wp\/v2\/media?parent=25570"}],"wp:term":[{"taxonomy":"category","embeddable":true,"href":"http:\/\/blogdalucianaoliveira.com.br\/blog\/wp-json\/wp\/v2\/categories?post=25570"},{"taxonomy":"post_tag","embeddable":true,"href":"http:\/\/blogdalucianaoliveira.com.br\/blog\/wp-json\/wp\/v2\/tags?post=25570"}],"curies":[{"name":"wp","href":"https:\/\/api.w.org\/{rel}","templated":true}]}}