{"id":25572,"date":"2019-12-16T10:10:45","date_gmt":"2019-12-16T14:10:45","guid":{"rendered":"http:\/\/blogdalucianaoliveira.com.br\/blog\/?p=25572"},"modified":"2019-12-16T10:10:57","modified_gmt":"2019-12-16T14:10:57","slug":"quem-e-ele-nazista-vai-a-bar-em-unai-mg-com-suastica-na-camisa","status":"publish","type":"post","link":"http:\/\/blogdalucianaoliveira.com.br\/blog\/2019\/12\/16\/quem-e-ele-nazista-vai-a-bar-em-unai-mg-com-suastica-na-camisa\/","title":{"rendered":"Quem \u00e9 ele: Nazista vai a bar em Unai (MG) com su\u00e1stica na camisa"},"content":{"rendered":"\n<figure class=\"wp-block-image\"><img data-recalc-dims=\"1\" decoding=\"async\" src=\"https:\/\/i0.wp.com\/revistaforum.com.br\/wp-content\/uploads\/2019\/12\/el0zdybxuaenh66-e1576434923514.jpg?w=600&#038;ssl=1\" alt=\"\"\/><\/figure>\n\n\n\n<p>Revista F\u00f3rum &#8211; A foto foi tirada por uma pessoa que frequentava o mesmo bar. Acionada a pol\u00edcia teria se negado a ir fazer a ocorr\u00eancia, segundo fontes locais. Se voc\u00ea souber o nome do nazista, favor enviar os dados para a F\u00f3rum.<br><\/p>\n\n\n\n<!--more-->\n\n\n\n<p>Ganhou repercuss\u00e3o nas redes sociais neste s\u00e1bado (14) a foto de um homem usando uma su\u00e1stica no bra\u00e7o na cidade de Una\u00ed, em Minas Gerais. O homem que aparece na imagem sentado em um restaurante usando o s\u00edmbolo do nazismo ainda n\u00e3o foi identificado.<\/p>\n\n\n\n<p>O clique se espalhou pela internet e diversos usu\u00e1rios questionaram a identidade do sujeito. A\u00a0Lei de Crimes Raciais\u00a0<a href=\"http:\/\/www.planalto.gov.br\/ccivil_03\/leis\/l7716.htm\">(7.716\/1989<\/a>) tamb\u00e9m foi bastante citada nas redes por prever pris\u00e3o de dois a cinco anos e multa para quem \u201cfabricar, comercializar, distribuir ou veicular s\u00edmbolos, emblemas, ornamentos, distintivos ou propaganda que utilizem a cruz su\u00e1stica ou gamada, para fins de divulga\u00e7\u00e3o do nazismo\u201d.<br><\/p>\n\n\n\n<p>O jornalista&nbsp;Bruno Sartori, morador de Una\u00ed, lamentou que o caso tenha acontecido na cidade. \u201cQue vergonha saber que isso aconteceu aqui em Una\u00ed\u201d, publicou.<\/p>\n\n\n\n<p>Usu\u00e1rios nas redes sociais ainda disseram que&nbsp;a Pol\u00edcia Civil impediu a abertura de ocorr\u00eancia contra o homem. \u201cParece que populares tentaram abrir um boletim de ocorr\u00eancia, mas a PM se recusou a atender. Foi preciso que advogados telefonassem novamente para a pol\u00edcia\u201d, denunciou o perfil Mosca na Orelha.<\/p>\n\n\n\n<p>O deputado federal David Miranda (PSOL-RJ) tamb\u00e9m fez uma postagem sobre o fato de nazistas estarem se sentindo cada vez mais confort\u00e1veis de expor intoler\u00e2ncia. \u201cEssa foto foi tirada em Una\u00ed (MG). Nazistas cada vez mais confort\u00e1veis no governo atual. O mais rid\u00edculo \u00e9 saber que a ignor\u00e2ncia \u00e9 t\u00e3o grande, que se fosse na Alemanha de 1940, esse homem latino tamb\u00e9m seria morto na c\u00e2mara de g\u00e1s\u201d, disse.<\/p>\n\n\n\n<p><strong>Se voc\u00ea souber o nome do nazista, favor enviar os dados para a F\u00f3rum<\/strong><br><\/p>\n","protected":false},"excerpt":{"rendered":"<p>Revista F\u00f3rum &#8211; A foto foi tirada por uma pessoa que frequentava o mesmo bar. Acionada a pol\u00edcia teria se negado a ir fazer a ocorr\u00eancia, segundo fontes locais. Se voc\u00ea souber o nome do nazista, favor enviar os dados para a F\u00f3rum.<\/p>\n","protected":false},"author":1,"featured_media":0,"comment_status":"closed","ping_status":"open","sticky":false,"template":"","format":"standard","meta":{"_exactmetrics_skip_tracking":false,"_exactmetrics_sitenote_active":false,"_exactmetrics_sitenote_note":"","_exactmetrics_sitenote_category":0,"jetpack_post_was_ever_published":false,"_jetpack_newsletter_access":"","_jetpack_dont_email_post_to_subs":false,"_jetpack_newsletter_tier_id":0,"_jetpack_memberships_contains_paywalled_content":false,"_jetpack_memberships_contains_paid_content":false,"footnotes":"","jetpack_publicize_message":"","jetpack_publicize_feature_enabled":true,"jetpack_social_post_already_shared":true,"jetpack_social_options":{"image_generator_settings":{"template":"highway","enabled":false},"version":2}},"categories":[1],"tags":[],"class_list":["post-25572","post","type-post","status-publish","format-standard","hentry","category-notas"],"jetpack_publicize_connections":[],"jetpack_sharing_enabled":true,"jetpack_featured_media_url":"","jetpack_shortlink":"https:\/\/wp.me\/p7wKYW-6Es","jetpack-related-posts":[],"_links":{"self":[{"href":"http:\/\/blogdalucianaoliveira.com.br\/blog\/wp-json\/wp\/v2\/posts\/25572","targetHints":{"allow":["GET"]}}],"collection":[{"href":"http:\/\/blogdalucianaoliveira.com.br\/blog\/wp-json\/wp\/v2\/posts"}],"about":[{"href":"http:\/\/blogdalucianaoliveira.com.br\/blog\/wp-json\/wp\/v2\/types\/post"}],"author":[{"embeddable":true,"href":"http:\/\/blogdalucianaoliveira.com.br\/blog\/wp-json\/wp\/v2\/users\/1"}],"replies":[{"embeddable":true,"href":"http:\/\/blogdalucianaoliveira.com.br\/blog\/wp-json\/wp\/v2\/comments?post=25572"}],"version-history":[{"count":1,"href":"http:\/\/blogdalucianaoliveira.com.br\/blog\/wp-json\/wp\/v2\/posts\/25572\/revisions"}],"predecessor-version":[{"id":25573,"href":"http:\/\/blogdalucianaoliveira.com.br\/blog\/wp-json\/wp\/v2\/posts\/25572\/revisions\/25573"}],"wp:attachment":[{"href":"http:\/\/blogdalucianaoliveira.com.br\/blog\/wp-json\/wp\/v2\/media?parent=25572"}],"wp:term":[{"taxonomy":"category","embeddable":true,"href":"http:\/\/blogdalucianaoliveira.com.br\/blog\/wp-json\/wp\/v2\/categories?post=25572"},{"taxonomy":"post_tag","embeddable":true,"href":"http:\/\/blogdalucianaoliveira.com.br\/blog\/wp-json\/wp\/v2\/tags?post=25572"}],"curies":[{"name":"wp","href":"https:\/\/api.w.org\/{rel}","templated":true}]}}