{"id":25578,"date":"2019-12-16T17:18:39","date_gmt":"2019-12-16T21:18:39","guid":{"rendered":"http:\/\/blogdalucianaoliveira.com.br\/blog\/?p=25578"},"modified":"2019-12-16T17:18:47","modified_gmt":"2019-12-16T21:18:47","slug":"internet-lembra-a-bolsonaro-que-o-energumeno-paulo-freire-e-um-dos-pensadores-mais-citados-do-mundo","status":"publish","type":"post","link":"http:\/\/blogdalucianaoliveira.com.br\/blog\/2019\/12\/16\/internet-lembra-a-bolsonaro-que-o-energumeno-paulo-freire-e-um-dos-pensadores-mais-citados-do-mundo\/","title":{"rendered":"Internet lembra a Bolsonaro que o \u201cenerg\u00fameno\u201d Paulo Freire \u00e9 um dos pensadores mais citados do mundo"},"content":{"rendered":"\n<figure class=\"wp-block-image\"><img data-recalc-dims=\"1\" decoding=\"async\" src=\"https:\/\/i0.wp.com\/revistaforum.com.br\/wp-content\/uploads\/2018\/11\/paulo-freire-e1574449841544.jpg?w=600&#038;ssl=1\" alt=\"\"\/><\/figure>\n\n\n\n<p>Na Revista F\u00f3rum &#8211; Ap\u00f3s o presidente Jair Bolsonaro classificar Paulo Freire, patrono da Educa\u00e7\u00e3o no Brasil, como um\u00a0<a href=\"https:\/\/revistaforum.com.br\/politica\/bolsonaro-sobre-paulo-freire-esse-energumeno-ai-idolo-da-esquerda\/\">\u201cenerg\u00fameno, \u00eddolo da esquerda\u201d<\/a>, o nome do educador foi parar, na manh\u00e3 desta segunda-feira (16), entre os assuntos mais comentados do Twitter.<\/p>\n\n\n\n<!--more-->\n\n\n\n<p>Assim como aconteceu com o livro \u201cValsa Brasileira\u201d, da economista Laura Carvalho, que\u00a0<a href=\"https:\/\/revistaforum.com.br\/politica\/livro-de-laura-carvalho-explode-em-vendas-e-ganha-reimpressao-apos-post-ironico-de-bolsonaro\/\">foi parar entre os mais vendidos da Amazon<\/a>\u00a0ap\u00f3s cr\u00edticas de Bolsonaro, o nome de Paulo Freire foi incensado e v\u00e1rios internautas correram em sua defesa.<br><\/p>\n\n\n\n<p>Foi lembrado que Paulo freire \u00e9 o brasileiro mais homenageado da hist\u00f3ria, um dos pensadores mais citados do mundo, com pelo menos 35 t\u00edtulos de Doutor Honoris Causa de universidades da Europa e Am\u00e9rica. Ele recebeu tamb\u00e9m o pr\u00eamio da UNESCO de Educa\u00e7\u00e3o para a Paz em 1986.<\/p>\n\n\n\n<p>O deputado M\u00e1rcio Jerry (PCdoB-MA) soltou nota, atrav\u00e9s de sua assessoria sobre o assunto. Veja abaixo:<\/p>\n\n\n\n<p><em><strong>Nova cr\u00edtica a Paulo Freire provoca uma enxurrada de cr\u00edticas a Bolsonaro<\/strong><\/em><\/p>\n\n\n\n<p><em>Uma avalanche de cr\u00edticas a Jair Bolsonaro invadiu a internet nesta segunda-feira (16), depois do presidente tecer coment\u00e1rios nada elogiosos ao educador Paulo Freire e ao papel desempenhado pela TV Escola. Referindo-se a Freire como \u201cenerg\u00fameno\u201d, o presidente foi men\u00e7\u00e3o frequente nas rodas de conversas de parlamentares.<\/em><br><\/p>\n\n\n\n<p><em>\u201cBolsonaro nem deve saber o significado da palavra \u2018energ\u00fameno\u2019. Se soubesse, perceberia que o adjetivo diz muito mais sobre ele mesmo do que sobre Paulo Freire. O patrono da nossa educa\u00e7\u00e3o \u00e9 um dos intelectuais mais respeitados do mundo. J\u00e1 Bolsonaro\u2026\u201d, insinuou a deputada federal S\u00e2mia Bonfim (PSOL-SP).<\/em><\/p>\n\n\n\n<p><em>A colega de sigla, Tal\u00edria Petrone (PSOL-RJ) complementou a opini\u00e3o elencando o pouco empenho do atual Governo em executar a\u00e7\u00f5es na \u00e1rea educacional. \u201cPaulo Freire \u00e9 e sempre ser\u00e1 muito maior do que qualquer governo fascista que despreza a educa\u00e7\u00e3o, a ci\u00eancia e os mais oprimidos. Vale lembrar que Bolsonaro executou s\u00f3 8% do or\u00e7amento para educa\u00e7\u00e3o infantil, 7% para educa\u00e7\u00e3o profissional e 4% para educa\u00e7\u00e3o b\u00e1sica\u201d, apontou.<\/em><\/p>\n\n\n\n<p><em>Depois de postar uma imagem com a est\u00e1tua de Paulo Freire, o vice-l\u00edder do PCdoB, deputado federal M\u00e1rcio Jerry (MA), afirmou que o mandat\u00e1rio deveria \u2018limpar a boca\u2019 antes de citar o educador. \u201cEsse presidente \u00e9 a express\u00e3o acabada do imbecil, do bo\u00e7al, ignorante. Limpa a boca pra falar o nome do mestre Paulo Freire, Bolsonaro\u201d.<\/em><\/p>\n\n\n\n<p><em>Indagando sobre a influ\u00eancia de Olavo de Carvalho sobre o Governo, a deputada \u00c9rika Kokay (PT-DF) tamb\u00e9m n\u00e3o poupou na cr\u00edtica ao presidente. \u201cPaulo Freire \u00e9 o terceiro te\u00f3rico mais citado em trabalhos acad\u00eamicos no mundo. Bolsonaro \u2013 que tem como ide\u00f3logo um terraplanista \u2013 se acha no direito de cham\u00e1-lo de \u201cenerg\u00fameno\u201d? \u00c9 o retrato mais puro e acabado da ignor\u00e2ncia!\u201d, declarou.<\/em><br><\/p>\n\n\n\n<p><em>Senador capixaba, Fabiano Contarato (Rede) aproveitou a oportunidade para lembrar o prest\u00edgio internacional do educador. \u201c1. Bolsonaro passar\u00e1 e Paulo Freire n\u00e3o! Ele ataca o nosso maior professor por mesquinhas raz\u00f5es: trata-se do autor que nos ensina a pensar. E isso n\u00e3o interessa ao desmonte desumano e capitalista do seu governo subserviente. 2. Cabe dizer que Paulo Freire n\u00e3o precisa pedir passagem a Bolsonaro. A \u2018Pedagogia do Oprimido\u2019 foi traduzida em + de 20 idiomas. Em 2016, estudo do professor Elliott Green, London School of Economics, a apresenta como terceira mais citada em trabalhos da \u00e1rea de humanas do mundo!\u201d<\/em><\/p>\n\n\n\n<p><em>L\u00edder da oposi\u00e7\u00e3o no Senado, Randolfe Rodrigues (Rede-AP), tamb\u00e9m foi a p\u00fablico repudiar as declara\u00e7\u00f5es do mandat\u00e1rio. \u201cNunca antes um educador incomodou tanto um presidente. Arrisco dizer que Paulo Freire se sentiria orgulhoso de n\u00e3o ter o apre\u00e7o de Bolsonaro. Um presidente que desmonta a Educa\u00e7\u00e3o e despreza a Hist\u00f3ria, n\u00e3o pode mesmo saber a import\u00e2ncia que Freire tem\u201d, afirmou.<\/em><\/p>\n\n\n\n<p><em>Declarado patrono da educa\u00e7\u00e3o brasileira em 2012, Paulo Freire j\u00e1 foi alvo de Bolsonaro outras vezes. Em uma entrevista no canal do YouTube \u201cEsther e famosos\u201d, exibida em abril deste ano, o presidente chegou a afirmar que retiraria em breve retiraria o t\u00edtulo concedido ao educador.<\/em><\/p>\n\n\n\n<p><em>Na \u00faltima sexta-feira (13), o ministro da Educa\u00e7\u00e3o, Abraham Weintraub, anunciou a n\u00e3o renova\u00e7\u00e3o do contrato com a TV Escola, que vigorava desde 1995. A decis\u00e3o recebeu apoio de Bolsonaro, que alegou a baixa audi\u00eancia do canal. Presidente disse ainda que a programa\u00e7\u00e3o oferecida servia apenas para \u201cdeseducar\u201d crian\u00e7as.<\/em><br><\/p>\n\n\n\n<p><em>Ao meio-dia, a hastag #PauloFreire j\u00e1 estava no Trending Topics do Twitter, se tornando o assunto mais comentado do dia.<\/em><\/p>\n\n\n\n<p><strong>Veja aqui o que disseram personalidades e internautas sobre as cr\u00edticas de Bolsonaro:<\/strong><\/p>\n\n\n\n<figure class=\"wp-block-image\"><a href=\"https:\/\/twitter.com\/ptrenatosimoes\"><img data-recalc-dims=\"1\" decoding=\"async\" src=\"https:\/\/i0.wp.com\/pbs.twimg.com\/profile_images\/885485996317360128\/vETAqHIi_normal.jpg?w=600&#038;ssl=1\" alt=\"\"\/><\/a><\/figure>\n\n\n\n<p><a href=\"https:\/\/twitter.com\/ptrenatosimoes\"><strong>Renato Sim\u00f5es<\/strong>@ptrenatosimoes<\/a><a href=\"https:\/\/twitter.com\/ptrenatosimoes\/status\/1206604742207721473\"><\/a><\/p>\n\n\n\n<p>Quem \u00e9 esse &#8220;energ\u00fameno a\u00ed, \u00eddolo da direita&#8221;, pra atacar Paulo Freire?<br>&#8220;De acordo com a Google Scholar, o educador Paulo Freire, \u00e9 o terceiro pensador mais citado do mundo em trabalhos acad\u00eamicos de universidades de humanas.&#8221;<br> <a href=\"https:\/\/t.co\/BrqJ74vwtV\" rel=\"noreferrer noopener\" target=\"_blank\">https:\/\/revistaforum.com.br\/politica\/bolsonaro-sobre-paulo-freire-esse-energumeno-ai-idolo-da-esquerda\/&nbsp;\u2026<\/a><a href=\"https:\/\/t.co\/dhXtQsrW4J\" rel=\"noreferrer noopener\" target=\"_blank\">https:\/\/www.revistapazes.com\/freire-mais-citado&nbsp;\u2026<\/a><a href=\"https:\/\/t.co\/BrqJ74vwtV\">Bolsonaro sobre Paulo Freire: &#8220;Esse energ\u00fameno a\u00ed, \u00eddolo da esquerda&#8221; | Revista F\u00f3rumDiplomado como paraquedista do Ex\u00e9rcito, Bolsonaro atacou o patrono da educa\u00e7\u00e3o brasileira para defender o despejo e o fim do contrato da Associa\u00e7\u00e3o Roquette Pinto com o MEC, dizendo ainda que a TV&#8230;revistaforum.com.br<\/a><a href=\"https:\/\/twitter.com\/intent\/like?tweet_id=1206604742207721473\">5<\/a><a href=\"https:\/\/twitter.com\/ptrenatosimoes\/status\/1206604742207721473\">12:59 &#8211; 16 de dez de 2019<\/a>&nbsp;\u00b7&nbsp;<a href=\"https:\/\/twitter.com\/search?q=place%3A68e019afec7d0ba5\">Sao Paulo, Brazil<\/a><a href=\"https:\/\/support.twitter.com\/articles\/20175256\">Informa\u00e7\u00f5es e privacidade no Twitter Ads<\/a><a href=\"https:\/\/twitter.com\/ptrenatosimoes\">Veja outros Tweets de Renato Sim\u00f5es<\/a><\/p>\n\n\n\n<figure class=\"wp-block-image\"><a href=\"https:\/\/twitter.com\/GuilhermeBoulos\"><img data-recalc-dims=\"1\" decoding=\"async\" src=\"https:\/\/i0.wp.com\/pbs.twimg.com\/profile_images\/1192097000906534913\/cVOQixmw_normal.jpg?w=600&#038;ssl=1\" alt=\"\"\/><\/a><\/figure>\n\n\n\n<p><a href=\"https:\/\/twitter.com\/GuilhermeBoulos\"><strong>Guilherme Boulos<\/strong><strong>\u2714<\/strong>@GuilhermeBoulos<\/a><a href=\"https:\/\/twitter.com\/GuilhermeBoulos\/status\/1206604010226094089\"><\/a><\/p>\n\n\n\n<p>Bolsonaro passar\u00e1.<br>Weintraub passar\u00e1.<br>E Paulo Freire vai permanecer. <br><br>Isso diz o tamanho de cada um na Hist\u00f3ria&#8230;<a href=\"https:\/\/twitter.com\/intent\/like?tweet_id=1206604010226094089\">13,6\u00a0mil<\/a><a href=\"https:\/\/twitter.com\/GuilhermeBoulos\/status\/1206604010226094089\">12:56 &#8211; 16 de dez de 2019<\/a><a href=\"https:\/\/support.twitter.com\/articles\/20175256\">Informa\u00e7\u00f5es e privacidade no Twitter Ads<\/a><a href=\"https:\/\/twitter.com\/GuilhermeBoulos\/status\/1206604010226094089\">3.315 pessoas est\u00e3o falando sobre isso<\/a><br><\/p>\n\n\n\n<blockquote class=\"wp-block-quote is-layout-flow wp-block-quote-is-layout-flow\"><p>Bolsonaro nem deve saber o significado da palavra \u201cenerg\u00fameno\u201d. Se soubesse, perceberia que o adjetivo diz muito mais sobre ele mesmo do que sobre Paulo Freire. O patrono da nossa educa\u00e7\u00e3o \u00e9 um dos intelectuais mais respeitados do mundo. J\u00e1 Bolsonaro\u2026<a href=\"https:\/\/t.co\/WjydU563bM\">https:\/\/t.co\/WjydU563bM<\/a><\/p><p>\u2014 Rafael Sued (@RafaelSuedBA)&nbsp;<a href=\"https:\/\/twitter.com\/RafaelSuedBA\/status\/1206603541994975233?ref_src=twsrc%5Etfw\">December 16, 2019<\/a><\/p><\/blockquote>\n\n\n\n<figure class=\"wp-block-image\"><a href=\"https:\/\/twitter.com\/ChicoPinto8\"><img data-recalc-dims=\"1\" decoding=\"async\" src=\"https:\/\/i0.wp.com\/pbs.twimg.com\/profile_images\/1189625583375978497\/pLQT8W9G_normal.jpg?w=600&#038;ssl=1\" alt=\"\"\/><\/a><\/figure>\n\n\n\n<p><a href=\"https:\/\/twitter.com\/ChicoPinto8\"><strong>Chico Pinto<\/strong>@ChicoPinto8<\/a><a href=\"https:\/\/twitter.com\/ChicoPinto8\/status\/1206603190935924736\"><\/a><\/p>\n\n\n\n<p>PAULO FREIRE: &#8220;Voc\u00ea n\u00e3o gosta de mim, mas Harvard e Oxford gostam &#8221; <a href=\"https:\/\/t.co\/lRrWz2nPxN\" rel=\"noreferrer noopener\" target=\"_blank\">https:\/\/theintercept.com\/2019\/01\/22\/oxford-harvard-paulo-freire-bolsonaro\/&nbsp;\u2026<\/a><a href=\"https:\/\/t.co\/lRrWz2nPxN\">Harvard e Oxford adoram Paulo FreireBrasileiro \u00e9 refer\u00eancia nas melhores universidades do mundo.theintercept.com<\/a><a href=\"https:\/\/twitter.com\/intent\/like?tweet_id=1206603190935924736\">38<\/a><a href=\"https:\/\/twitter.com\/ChicoPinto8\/status\/1206603190935924736\">12:53 &#8211; 16 de dez de 2019<\/a><a href=\"https:\/\/support.twitter.com\/articles\/20175256\">Informa\u00e7\u00f5es e privacidade no Twitter Ads<\/a><a href=\"https:\/\/twitter.com\/ChicoPinto8\/status\/1206603190935924736\">20 pessoas est\u00e3o falando sobre isso<\/a><\/p>\n\n\n\n<figure class=\"wp-block-image\"><a href=\"https:\/\/twitter.com\/gleisi\"><img data-recalc-dims=\"1\" decoding=\"async\" src=\"https:\/\/i0.wp.com\/pbs.twimg.com\/profile_images\/1194050183329435651\/tFyXXtZp_normal.png?w=600&#038;ssl=1\" alt=\"\"\/><\/a><\/figure>\n\n\n\n<p><a href=\"https:\/\/twitter.com\/gleisi\"><strong>Gleisi Hoffmann<\/strong><strong>\u2714<\/strong>@gleisi<\/a><a href=\"https:\/\/twitter.com\/gleisi\/status\/1206601937627570179\"><\/a><\/p>\n\n\n\n<p>J\u00e1 perdi as contas das in\u00fameras cr\u00edticas que fazemos \u00e0s declara\u00e7\u00f5es estapaf\u00fardias de Bolsonaro e seus ministros. Hj o querido Paulo Freire foi v\u00edtima de novo. Enquanto Bolsonaro distrai o povo com besteiras, Paulo Guedes vai sufocando o trabalhador pobre a beneficiando a elite.<a href=\"https:\/\/twitter.com\/intent\/like?tweet_id=1206601937627570179\">1.405<\/a><a href=\"https:\/\/twitter.com\/gleisi\/status\/1206601937627570179\">12:48 &#8211; 16 de dez de 2019<\/a><a href=\"https:\/\/support.twitter.com\/articles\/20175256\">Informa\u00e7\u00f5es e privacidade no Twitter Ads<\/a><a href=\"https:\/\/twitter.com\/gleisi\/status\/1206601937627570179\">734 pessoas est\u00e3o falando sobre isso<\/a><\/p>\n\n\n\n<figure class=\"wp-block-image\"><a href=\"https:\/\/twitter.com\/DeputadoFederal\"><img data-recalc-dims=\"1\" decoding=\"async\" src=\"https:\/\/i0.wp.com\/pbs.twimg.com\/profile_images\/1199079069851238400\/3GXCMCvf_normal.jpg?w=600&#038;ssl=1\" alt=\"\"\/><\/a><\/figure>\n\n\n\n<p><a href=\"https:\/\/twitter.com\/DeputadoFederal\"><strong>Paulo Pimenta<\/strong><strong>\u2714<\/strong>@DeputadoFederal<\/a><a href=\"https:\/\/twitter.com\/DeputadoFederal\/status\/1206593651649986560\"><\/a><\/p>\n\n\n\n<p>Bolsonaro chamando Paulo Freire de energ\u00fameno vai entrar na lista dos melhores exemplos para ilustrar o efeito Dunning-Kruger.<a href=\"https:\/\/twitter.com\/intent\/like?tweet_id=1206593651649986560\">348<\/a><a href=\"https:\/\/twitter.com\/DeputadoFederal\/status\/1206593651649986560\">12:15 &#8211; 16 de dez de 2019<\/a><a href=\"https:\/\/support.twitter.com\/articles\/20175256\">Informa\u00e7\u00f5es e privacidade no Twitter Ads<\/a><a href=\"https:\/\/twitter.com\/DeputadoFederal\/status\/1206593651649986560\">65 pessoas est\u00e3o falando sobre isso<\/a><\/p>\n\n\n\n<figure class=\"wp-block-image\"><a href=\"https:\/\/twitter.com\/luizaerundina\"><img data-recalc-dims=\"1\" decoding=\"async\" src=\"https:\/\/i0.wp.com\/pbs.twimg.com\/profile_images\/1049420705429942272\/1Xhvkfrp_normal.jpg?w=600&#038;ssl=1\" alt=\"\"\/><\/a><\/figure>\n\n\n\n<p><a href=\"https:\/\/twitter.com\/luizaerundina\"><strong>Luiza Erundina<\/strong><strong>\u2714<\/strong>@luizaerundina<\/a><a href=\"https:\/\/twitter.com\/luizaerundina\/status\/1206589491651207168\"><\/a><\/p>\n\n\n\n<p>Bolsonaro n\u00e3o perde a oportunidade de permanecer calado. Insiste em atacar Paulo Freire, por que \u00e9 um presidente inimigo da Educa\u00e7\u00e3o. O Patrono da Educa\u00e7\u00e3o Brasileira dispensa apresenta\u00e7\u00f5es. Paulo Freire vive! <a href=\"https:\/\/t.co\/K8vjPHtLgf\" rel=\"noreferrer noopener\" target=\"_blank\">https:\/\/twitter.com\/poder360\/status\/1206583460812513281&nbsp;\u2026<\/a><a href=\"https:\/\/twitter.com\/Poder360\/status\/1206583460812513281\" target=\"_blank\" rel=\"noreferrer noopener\"><strong>Poder360<\/strong><strong>\u2714<\/strong>@Poder360Bolsonaro (@jairbolsonaro) chama Paulo Freire de \u201cenerg\u00fameno\u201dhttps:\/\/poder360.com.br\/governo\/bolsonaro-chama-paulo-freire-de-energumeno\/&nbsp;\u2026<\/a><a href=\"https:\/\/twitter.com\/intent\/like?tweet_id=1206589491651207168\">200<\/a><a href=\"https:\/\/twitter.com\/luizaerundina\/status\/1206589491651207168\">11:58 &#8211; 16 de dez de 2019<\/a><a href=\"https:\/\/support.twitter.com\/articles\/20175256\">Informa\u00e7\u00f5es e privacidade no Twitter Ads<\/a><a href=\"https:\/\/twitter.com\/luizaerundina\/status\/1206589491651207168\">40 pessoas est\u00e3o falando sobre isso<\/a><\/p>\n\n\n\n<figure class=\"wp-block-image\"><a href=\"https:\/\/twitter.com\/senadorhumberto\"><img data-recalc-dims=\"1\" decoding=\"async\" src=\"https:\/\/i0.wp.com\/pbs.twimg.com\/profile_images\/1174788056446046208\/5B-30u-3_normal.jpg?w=600&#038;ssl=1\" alt=\"\"\/><\/a><\/figure>\n\n\n\n<p><a href=\"https:\/\/twitter.com\/senadorhumberto\"><strong>Humberto Costa<\/strong><strong>\u2714<\/strong>@senadorhumberto<\/a><a href=\"https:\/\/twitter.com\/senadorhumberto\/status\/1206592255395598337\"><\/a><\/p>\n\n\n\n<p>Paulo Freire &#8211; Um dos mais not\u00e1veis pensadores da pedagogia mundial. O brasileiro mais homenageado da hist\u00f3ria, com pelo menos 35 t\u00edtulos de Doutor Honoris Causa de universidades da Europa e Am\u00e9rica. Pr\u00eamio da UNESCO de Educa\u00e7\u00e3o para a Paz em 1986.<a href=\"https:\/\/t.co\/7Hjbo6daN1\" rel=\"noreferrer noopener\" target=\"_blank\">https:\/\/g1.globo.com\/politica\/noticia\/2019\/12\/16\/bolsonaro-chama-paulo-freire-de-energumeno-e-diz-que-tv-escola-deseduca.ghtml&nbsp;\u2026<\/a><a href=\"https:\/\/t.co\/7Hjbo6daN1\">Bolsonaro chama Paulo Freire de &#8216;energ\u00fameno&#8217; e diz que TV Escola &#8216;deseduca&#8217;Paulo Freire foi declarado o patrono da educa\u00e7\u00e3o brasileira em 2012, mas recebe cr\u00edticas do atual governo. Presidente defendeu o fim do contrato com a entidade que gere a TV Escola.g1.globo.com<\/a><a href=\"https:\/\/twitter.com\/intent\/like?tweet_id=1206592255395598337\">559<\/a><a href=\"https:\/\/twitter.com\/senadorhumberto\/status\/1206592255395598337\">12:09 &#8211; 16 de dez de 2019<\/a>&nbsp;\u00b7&nbsp;<a href=\"https:\/\/twitter.com\/search?q=place%3Af207b85be9f1513e\">Recife, Brazil<\/a><a href=\"https:\/\/support.twitter.com\/articles\/20175256\">Informa\u00e7\u00f5es e privacidade no Twitter Ads<\/a><a href=\"https:\/\/twitter.com\/senadorhumberto\/status\/1206592255395598337\">388 pessoas est\u00e3o falando sobre isso<\/a><\/p>\n\n\n\n<figure class=\"wp-block-image\"><a href=\"https:\/\/twitter.com\/randolfeap\"><img data-recalc-dims=\"1\" decoding=\"async\" src=\"https:\/\/i0.wp.com\/pbs.twimg.com\/profile_images\/1201574504922832896\/NeZ2Kunb_normal.jpg?w=600&#038;ssl=1\" alt=\"\"\/><\/a><\/figure>\n\n\n\n<p><a href=\"https:\/\/twitter.com\/randolfeap\"><strong>Randolfe Rodrigues<\/strong><strong>\u2714<\/strong>@randolfeap<\/a><a href=\"https:\/\/twitter.com\/randolfeap\/status\/1206590835736879105\"><\/a><\/p>\n\n\n\n<p>Nunca antes um educador incomodou tanto um presidente. Arrisco dizer que Paulo Freire se sentiria orgulhoso de n\u00e3o ter o apre\u00e7o de Bolsonaro. Um presidente que desmonta a Educa\u00e7\u00e3o e despreza a Hist\u00f3ria, n\u00e3o pode mesmo saber a import\u00e2ncia que Freire tem.<a href=\"https:\/\/t.co\/OR0zHnwbBs\" rel=\"noreferrer noopener\" target=\"_blank\">https:\/\/g1.globo.com\/politica\/noticia\/2019\/12\/16\/bolsonaro-chama-paulo-freire-de-energumeno-e-diz-que-tv-escola-deseduca.ghtml&nbsp;\u2026<\/a><a href=\"https:\/\/t.co\/OR0zHnwbBs\">Bolsonaro chama Paulo Freire de &#8216;energ\u00fameno&#8217; e diz que TV Escola &#8216;deseduca&#8217;Paulo Freire foi declarado o patrono da educa\u00e7\u00e3o brasileira em 2012, mas recebe cr\u00edticas do atual governo. Presidente defendeu o fim do contrato com a entidade que gere a TV Escola.g1.globo.com<\/a><a href=\"https:\/\/twitter.com\/intent\/like?tweet_id=1206590835736879105\">1.209<\/a><a href=\"https:\/\/twitter.com\/randolfeap\/status\/1206590835736879105\">12:04 &#8211; 16 de dez de 2019<\/a><a href=\"https:\/\/support.twitter.com\/articles\/20175256\">Informa\u00e7\u00f5es e privacidade no Twitter Ads<\/a><a href=\"https:\/\/twitter.com\/randolfeap\/status\/1206590835736879105\">392 pessoas est\u00e3o falando sobre isso<\/a><\/p>\n\n\n\n<figure class=\"wp-block-image\"><a href=\"https:\/\/twitter.com\/fernandapsol\"><img data-recalc-dims=\"1\" decoding=\"async\" src=\"https:\/\/i0.wp.com\/pbs.twimg.com\/profile_images\/1081192650571681792\/VY1KR4pO_normal.jpg?w=600&#038;ssl=1\" alt=\"\"\/><\/a><\/figure>\n\n\n\n<p><a href=\"https:\/\/twitter.com\/fernandapsol\"><strong>Fernanda Melchionna<\/strong><strong>\u2714<\/strong>@fernandapsol<\/a><a href=\"https:\/\/twitter.com\/fernandapsol\/status\/1206593426940186625\"><\/a><\/p>\n\n\n\n<p>Paulo Freire \u00e9 um dos maiores educadores do mundo. Sua experi\u00eancia de uma educa\u00e7\u00e3o emancipadora dos de baixo \u00e9 refer\u00eancia. Mas \u00e9 claro que incomoda aos ignorantes e apologistas da opress\u00e3o dos de cima.<a href=\"https:\/\/t.co\/3FRjCxdNk6\" rel=\"noreferrer noopener\" target=\"_blank\">https:\/\/g1.globo.com\/politica\/noticia\/2019\/12\/16\/bolsonaro-chama-paulo-freire-de-energumeno-e-diz-que-tv-escola-deseduca.ghtml&nbsp;\u2026<\/a><a href=\"https:\/\/t.co\/3FRjCxdNk6\">Bolsonaro chama Paulo Freire de &#8216;energ\u00fameno&#8217; e diz que TV Escola &#8216;deseduca&#8217;Paulo Freire foi declarado o patrono da educa\u00e7\u00e3o brasileira em 2012, mas recebe cr\u00edticas do atual governo. Presidente defendeu o fim do contrato com a entidade que gere a TV Escola.g1.globo.com<\/a><a href=\"https:\/\/twitter.com\/intent\/like?tweet_id=1206593426940186625\">126<\/a><a href=\"https:\/\/twitter.com\/fernandapsol\/status\/1206593426940186625\">12:14 &#8211; 16 de dez de 2019<\/a>&nbsp;\u00b7&nbsp;<a href=\"https:\/\/twitter.com\/search?q=place%3A68e019afec7d0ba5\">Sao Paulo, Brazil<\/a><a href=\"https:\/\/support.twitter.com\/articles\/20175256\">Informa\u00e7\u00f5es e privacidade no Twitter Ads<\/a><a href=\"https:\/\/twitter.com\/fernandapsol\/status\/1206593426940186625\">16 pessoas est\u00e3o falando sobre isso<\/a><\/p>\n\n\n\n<figure class=\"wp-block-image\"><a href=\"https:\/\/twitter.com\/Poder360\"><img data-recalc-dims=\"1\" decoding=\"async\" src=\"https:\/\/i0.wp.com\/pbs.twimg.com\/profile_images\/876820302080225281\/0P_Aes8n_normal.jpg?w=600&#038;ssl=1\" alt=\"\"\/><\/a><\/figure>\n\n\n\n<p><a href=\"https:\/\/twitter.com\/Poder360\"><strong>Poder360<\/strong><strong>\u2714<\/strong>@Poder360<\/a>&nbsp;\u00b7&nbsp;<a href=\"https:\/\/twitter.com\/Poder360\/status\/1206583460812513281\">6<abbr title=\" horas\">h<\/abbr><\/a><a href=\"https:\/\/twitter.com\/Poder360\/status\/1206583460812513281\"><\/a><\/p>\n\n\n\n<p>Bolsonaro (<a href=\"https:\/\/twitter.com\/jairbolsonaro\">@jairbolsonaro<\/a>) chama Paulo Freire de \u201cenerg\u00fameno\u201d<a href=\"https:\/\/t.co\/BQ7E2SHvd7\" rel=\"noreferrer noopener\" target=\"_blank\">https:\/\/poder360.com.br\/governo\/bolsonaro-chama-paulo-freire-de-energumeno\/&nbsp;\u2026<\/a><a href=\"https:\/\/t.co\/BQ7E2SHvd7\">Bolsonaro chama Paulo Freire de \u201cenerg\u00fameno\u201dPresidente falou ao deixar Alvorada. Disse que TV Escola \u00e9 \u2018de esquerda\u2019 e que ag\u00eancias limitam poder. Leia no Poder360poder360.com.br<\/a><\/p>\n\n\n\n<figure class=\"wp-block-image\"><a href=\"https:\/\/twitter.com\/LeonardoBoff\"><img data-recalc-dims=\"1\" decoding=\"async\" src=\"https:\/\/i0.wp.com\/pbs.twimg.com\/profile_images\/1129421994418745349\/oz6YDqYA_normal.png?w=600&#038;ssl=1\" alt=\"\"\/><\/a><\/figure>\n\n\n\n<p><a href=\"https:\/\/twitter.com\/LeonardoBoff\"><strong>Leonardo Boff<\/strong>@LeonardoBoff<\/a><\/p>\n\n\n\n<p><a href=\"https:\/\/twitter.com\/LeonardoBoff\">@LeonardoBoff<\/a> O atual presidente <a href=\"https:\/\/twitter.com\/jairbolsonaro\">@jairbolsonaro<\/a>  chamando Paulo Freire, honra de nosso pa\u00eds diante do mundo, de energ\u00fameno tra\u00e7ou um retrato perfeito dele mesmo. Envergonha a ONU que institu\u00edu o Instituto Paulo Freire e os educadores do mundo inteiro.Vivemos tempos de barb\u00e1rie.<a href=\"https:\/\/twitter.com\/intent\/like?tweet_id=1206596157255962624\">184<\/a><a href=\"https:\/\/twitter.com\/LeonardoBoff\/status\/1206596157255962624\">12:25 &#8211; 16 de dez de 2019<\/a><a href=\"https:\/\/support.twitter.com\/articles\/20175256\">Informa\u00e7\u00f5es e privacidade no Twitter Ads<\/a><a href=\"https:\/\/twitter.com\/LeonardoBoff\/status\/1206596157255962624\">112 pessoas est\u00e3o falando sobre isso<\/a><br><\/p>\n\n\n\n<p><\/p>\n","protected":false},"excerpt":{"rendered":"<p>Na Revista F\u00f3rum &#8211; Ap\u00f3s o presidente Jair Bolsonaro classificar Paulo Freire, patrono da Educa\u00e7\u00e3o no Brasil, como um\u00a0\u201cenerg\u00fameno, \u00eddolo da esquerda\u201d, o nome do educador foi parar, na manh\u00e3 desta segunda-feira (16), entre os assuntos mais comentados do Twitter.<\/p>\n","protected":false},"author":1,"featured_media":0,"comment_status":"closed","ping_status":"open","sticky":false,"template":"","format":"standard","meta":{"_exactmetrics_skip_tracking":false,"_exactmetrics_sitenote_active":false,"_exactmetrics_sitenote_note":"","_exactmetrics_sitenote_category":0,"jetpack_post_was_ever_published":false,"_jetpack_newsletter_access":"","_jetpack_dont_email_post_to_subs":false,"_jetpack_newsletter_tier_id":0,"_jetpack_memberships_contains_paywalled_content":false,"_jetpack_memberships_contains_paid_content":false,"footnotes":"","jetpack_publicize_message":"","jetpack_publicize_feature_enabled":true,"jetpack_social_post_already_shared":true,"jetpack_social_options":{"image_generator_settings":{"template":"highway","enabled":false},"version":2}},"categories":[1],"tags":[],"class_list":["post-25578","post","type-post","status-publish","format-standard","hentry","category-notas"],"jetpack_publicize_connections":[],"jetpack_sharing_enabled":true,"jetpack_featured_media_url":"","jetpack_shortlink":"https:\/\/wp.me\/p7wKYW-6Ey","jetpack-related-posts":[],"_links":{"self":[{"href":"http:\/\/blogdalucianaoliveira.com.br\/blog\/wp-json\/wp\/v2\/posts\/25578","targetHints":{"allow":["GET"]}}],"collection":[{"href":"http:\/\/blogdalucianaoliveira.com.br\/blog\/wp-json\/wp\/v2\/posts"}],"about":[{"href":"http:\/\/blogdalucianaoliveira.com.br\/blog\/wp-json\/wp\/v2\/types\/post"}],"author":[{"embeddable":true,"href":"http:\/\/blogdalucianaoliveira.com.br\/blog\/wp-json\/wp\/v2\/users\/1"}],"replies":[{"embeddable":true,"href":"http:\/\/blogdalucianaoliveira.com.br\/blog\/wp-json\/wp\/v2\/comments?post=25578"}],"version-history":[{"count":1,"href":"http:\/\/blogdalucianaoliveira.com.br\/blog\/wp-json\/wp\/v2\/posts\/25578\/revisions"}],"predecessor-version":[{"id":25579,"href":"http:\/\/blogdalucianaoliveira.com.br\/blog\/wp-json\/wp\/v2\/posts\/25578\/revisions\/25579"}],"wp:attachment":[{"href":"http:\/\/blogdalucianaoliveira.com.br\/blog\/wp-json\/wp\/v2\/media?parent=25578"}],"wp:term":[{"taxonomy":"category","embeddable":true,"href":"http:\/\/blogdalucianaoliveira.com.br\/blog\/wp-json\/wp\/v2\/categories?post=25578"},{"taxonomy":"post_tag","embeddable":true,"href":"http:\/\/blogdalucianaoliveira.com.br\/blog\/wp-json\/wp\/v2\/tags?post=25578"}],"curies":[{"name":"wp","href":"https:\/\/api.w.org\/{rel}","templated":true}]}}