{"id":25585,"date":"2019-12-17T17:31:12","date_gmt":"2019-12-17T21:31:12","guid":{"rendered":"http:\/\/blogdalucianaoliveira.com.br\/blog\/?p=25585"},"modified":"2019-12-17T17:31:24","modified_gmt":"2019-12-17T21:31:24","slug":"pelo-menos-10-escolas-de-samba-do-rj-terao-enredo-critico-no-carnaval-do-ano-que-vem","status":"publish","type":"post","link":"http:\/\/blogdalucianaoliveira.com.br\/blog\/2019\/12\/17\/pelo-menos-10-escolas-de-samba-do-rj-terao-enredo-critico-no-carnaval-do-ano-que-vem\/","title":{"rendered":"Pelo menos 10 escolas de samba do RJ ter\u00e3o enredo cr\u00edtico no carnaval do ano que vem"},"content":{"rendered":"\n<figure class=\"wp-block-image size-large\"><img data-recalc-dims=\"1\" loading=\"lazy\" decoding=\"async\" width=\"600\" height=\"400\" data-attachment-id=\"25586\" data-permalink=\"http:\/\/blogdalucianaoliveira.com.br\/blog\/2019\/12\/17\/pelo-menos-10-escolas-de-samba-do-rj-terao-enredo-critico-no-carnaval-do-ano-que-vem\/5079c76f-8043-402d-a47f-640e0f4a29f3\/\" data-orig-file=\"https:\/\/i0.wp.com\/blogdalucianaoliveira.com.br\/blog\/wp-content\/uploads\/2019\/12\/5079C76F-8043-402D-A47F-640E0F4A29F3.jpeg?fit=639%2C426\" data-orig-size=\"639,426\" data-comments-opened=\"0\" data-image-meta=\"{&quot;aperture&quot;:&quot;0&quot;,&quot;credit&quot;:&quot;&quot;,&quot;camera&quot;:&quot;&quot;,&quot;caption&quot;:&quot;&quot;,&quot;created_timestamp&quot;:&quot;0&quot;,&quot;copyright&quot;:&quot;&quot;,&quot;focal_length&quot;:&quot;0&quot;,&quot;iso&quot;:&quot;0&quot;,&quot;shutter_speed&quot;:&quot;0&quot;,&quot;title&quot;:&quot;&quot;,&quot;orientation&quot;:&quot;0&quot;}\" data-image-title=\"5079C76F-8043-402D-A47F-640E0F4A29F3\" data-image-description=\"\" data-image-caption=\"\" data-medium-file=\"https:\/\/i0.wp.com\/blogdalucianaoliveira.com.br\/blog\/wp-content\/uploads\/2019\/12\/5079C76F-8043-402D-A47F-640E0F4A29F3.jpeg?fit=300%2C200\" data-large-file=\"https:\/\/i0.wp.com\/blogdalucianaoliveira.com.br\/blog\/wp-content\/uploads\/2019\/12\/5079C76F-8043-402D-A47F-640E0F4A29F3.jpeg?fit=600%2C400\" src=\"https:\/\/i0.wp.com\/blogdalucianaoliveira.com.br\/blog\/wp-content\/uploads\/2019\/12\/5079C76F-8043-402D-A47F-640E0F4A29F3.jpeg?resize=600%2C400\" alt=\"\" class=\"wp-image-25586\" srcset=\"https:\/\/i0.wp.com\/blogdalucianaoliveira.com.br\/blog\/wp-content\/uploads\/2019\/12\/5079C76F-8043-402D-A47F-640E0F4A29F3.jpeg?w=639 639w, https:\/\/i0.wp.com\/blogdalucianaoliveira.com.br\/blog\/wp-content\/uploads\/2019\/12\/5079C76F-8043-402D-A47F-640E0F4A29F3.jpeg?resize=300%2C200 300w, https:\/\/i0.wp.com\/blogdalucianaoliveira.com.br\/blog\/wp-content\/uploads\/2019\/12\/5079C76F-8043-402D-A47F-640E0F4A29F3.jpeg?resize=450%2C300 450w\" sizes=\"auto, (max-width: 600px) 100vw, 600px\" \/><\/figure>\n\n\n\n<h4 class=\"wp-block-heading\">&#8220;Favela, pega a vis\u00e3o, n\u00e3o tem futuro sem partilha nem Messias de arma na m\u00e3o\u201d, diz parte da letra do samba da Mangueira<\/h4>\n\n\n\n<!--more-->\n\n\n\n<p>Reda\u00e7\u00e3o<\/p>\n\n\n\n<p>Brasil de Fato<\/p>\n\n\n\n<p>Pelo menos dez das das treze escolas de samba do Rio de Janeiro&nbsp;levar\u00e3o para a Sapuca\u00ed um enredo cr\u00edtico ao contexto pol\u00edtico brasileiro. Uma delas \u00e9 a Esta\u00e7\u00e3o Primeira de Mangueira, que venceu o carnaval de 2019 com o refr\u00e3o &#8220;Brasil, chegou a vez de ouvir as Marias, Mahins, Marielles, mal\u00eas&#8221;.&nbsp;<\/p>\n\n\n\n<p>Em 2020, a verde e rosa se apresenta como a \u201cEsta\u00e7\u00e3o Primeira de Nazar\u00e9\u201d, no \u201cA Verdade Vos Far\u00e1 Livre\u201d. O nome da m\u00fasica faz uma refer\u00eancia expl\u00edcita ao jarg\u00e3o utilizado pelo presidente Jair Bolsonaro, em sua campanha nas elei\u00e7\u00f5es de 2018: \u201cE conhecereis a verdade, e a verdade vos libertar\u00e1\u201d, Jo\u00e3o 8:32, da B\u00edblia Sagrada.&nbsp;<\/p>\n\n\n\n<p>A vers\u00e3o da Mangueira, no entanto, m\u00fasica traz um \u201cJesus da gente\u201d, de \u201crosto negro, sangue \u00edndio, corpo de mulher\u201d, filho de pai carpinteiro desempregado e de m\u00e3e Maria das Dores Brasil. O samba-enredo foi assinado por Manuela Oiticica, a Manu da Cu\u00edca \u2013 que emplacou a can\u00e7\u00e3o do carnaval deste ano \u2013 ao lado de Luiz Carlos M\u00e1ximo.<\/p>\n\n\n\n<p>\u201cSer\u00e1 que todo povo entendeu o meu recado? Porque de novo cravejaram o meu corpo, os profetas da intoler\u00e2ncia (\u2026) Favela, pega a vis\u00e3o, n\u00e3o tem futuro sem partilha nem Messias de arma na m\u00e3o\u201d, conforme trecho da letra.<\/p>\n\n\n\n<p>\u201cCom certeza, ele [Jesus Cristo] aprovaria uma escola espetacular que trata a favela como um ato de sobreviv\u00eancia, especialmente com esse governo que mais mata favelados. Mas o samba mostra que estamos vivos\u201d, disse Manu da Cu\u00edca, em entrevista ao site \u201cCarnavalesco\u201d.<\/p>\n\n\n\n<p>Leia a letra do samba-enredo na \u00edntegra:<\/p>\n\n\n\n<p><strong>A Verdade Vos Far\u00e1 Livre<\/strong><\/p>\n\n\n\n<p>Eu sou da Esta\u00e7\u00e3o Primeira de Nazar\u00e9<br><br>Rosto negro, sangue \u00edndio, corpo de mulher<br><br>Moleque pelintra do buraco quente<br><br>Meu nome \u00e9 Jesus da gente<\/p>\n\n\n\n<p>Nasci de peito aberto, de punho cerrado<br><br>Meu pai carpinteiro desempregado<br><br>Minha m\u00e3e \u00e9 Maria das Dores Brasil<br><br>Enxugo o suor de quem desce e sobe ladeira<br><br>Me encontro no amor que n\u00e3o encontra fronteira<br><br>Procura por mim nas fileiras contra a opress\u00e3o<\/p>\n\n\n\n<p>E no olhar da porta-bandeira pro seu pavilh\u00e3o<\/p>\n\n\n\n<p>Eu t\u00f4 que t\u00f4 dependurado<br><br>Em cord\u00e9is e corcovados<br><br>Mas ser\u00e1 que todo povo entendeu o meu recado?<br><br>Porque de novo cravejaram o meu corpo<br><br>Os profetas da intoler\u00e2ncia<br><br>Sem saber que a esperan\u00e7a<br><br>Brilha mais que a escurid\u00e3o<\/p>\n\n\n\n<p>Favela, pega a vis\u00e3o<br><br>N\u00e3o tem futuro sem partilha<br><br>Nem messias de arma na m\u00e3o<\/p>\n\n\n\n<p>Favela, pega a vis\u00e3o<br><br>Eu fa\u00e7o f\u00e9 na minha gente<br><br>Que \u00e9 semente do seu ch\u00e3o<\/p>\n\n\n\n<p>Do c\u00e9u deu pra ouvir<br><br>O desabafo sincopado da cidade<br><br>Quarei tambor, da cruz fiz esplendor<br><br>E ressurgi pro cord\u00e3o da liberdade<\/p>\n\n\n\n<p>Mangueira<br><br>Samba, teu samba \u00e9 uma reza<br><br>Pela for\u00e7a que ele tem<br><br>Mangueira<br><br>V\u00e3o te inventar mil pecados<br><br>Mas eu estou do seu lado<br><br>E do lado do samba tamb\u00e9m<\/p>\n\n\n\n<p>Edi\u00e7\u00e3o: Julia Chequer<\/p>\n","protected":false},"excerpt":{"rendered":"<p>&#8220;Favela, pega a vis\u00e3o, n\u00e3o tem futuro sem partilha nem Messias de arma na m\u00e3o\u201d, diz parte da letra do samba da Mangueira<\/p>\n","protected":false},"author":1,"featured_media":0,"comment_status":"closed","ping_status":"open","sticky":false,"template":"","format":"standard","meta":{"_exactmetrics_skip_tracking":false,"_exactmetrics_sitenote_active":false,"_exactmetrics_sitenote_note":"","_exactmetrics_sitenote_category":0,"jetpack_post_was_ever_published":false,"_jetpack_newsletter_access":"","_jetpack_dont_email_post_to_subs":false,"_jetpack_newsletter_tier_id":0,"_jetpack_memberships_contains_paywalled_content":false,"_jetpack_memberships_contains_paid_content":false,"footnotes":"","jetpack_publicize_message":"","jetpack_publicize_feature_enabled":true,"jetpack_social_post_already_shared":true,"jetpack_social_options":{"image_generator_settings":{"template":"highway","enabled":false},"version":2}},"categories":[1],"tags":[],"class_list":["post-25585","post","type-post","status-publish","format-standard","hentry","category-notas"],"jetpack_publicize_connections":[],"jetpack_sharing_enabled":true,"jetpack_featured_media_url":"","jetpack_shortlink":"https:\/\/wp.me\/p7wKYW-6EF","jetpack-related-posts":[],"_links":{"self":[{"href":"http:\/\/blogdalucianaoliveira.com.br\/blog\/wp-json\/wp\/v2\/posts\/25585","targetHints":{"allow":["GET"]}}],"collection":[{"href":"http:\/\/blogdalucianaoliveira.com.br\/blog\/wp-json\/wp\/v2\/posts"}],"about":[{"href":"http:\/\/blogdalucianaoliveira.com.br\/blog\/wp-json\/wp\/v2\/types\/post"}],"author":[{"embeddable":true,"href":"http:\/\/blogdalucianaoliveira.com.br\/blog\/wp-json\/wp\/v2\/users\/1"}],"replies":[{"embeddable":true,"href":"http:\/\/blogdalucianaoliveira.com.br\/blog\/wp-json\/wp\/v2\/comments?post=25585"}],"version-history":[{"count":1,"href":"http:\/\/blogdalucianaoliveira.com.br\/blog\/wp-json\/wp\/v2\/posts\/25585\/revisions"}],"predecessor-version":[{"id":25587,"href":"http:\/\/blogdalucianaoliveira.com.br\/blog\/wp-json\/wp\/v2\/posts\/25585\/revisions\/25587"}],"wp:attachment":[{"href":"http:\/\/blogdalucianaoliveira.com.br\/blog\/wp-json\/wp\/v2\/media?parent=25585"}],"wp:term":[{"taxonomy":"category","embeddable":true,"href":"http:\/\/blogdalucianaoliveira.com.br\/blog\/wp-json\/wp\/v2\/categories?post=25585"},{"taxonomy":"post_tag","embeddable":true,"href":"http:\/\/blogdalucianaoliveira.com.br\/blog\/wp-json\/wp\/v2\/tags?post=25585"}],"curies":[{"name":"wp","href":"https:\/\/api.w.org\/{rel}","templated":true}]}}