{"id":25588,"date":"2019-12-17T20:05:46","date_gmt":"2019-12-18T00:05:46","guid":{"rendered":"http:\/\/blogdalucianaoliveira.com.br\/blog\/?p=25588"},"modified":"2019-12-17T20:05:58","modified_gmt":"2019-12-18T00:05:58","slug":"chamado-de-energumeno-por-bolsonaro-paulo-freire-sera-homenageado-no-senado","status":"publish","type":"post","link":"http:\/\/blogdalucianaoliveira.com.br\/blog\/2019\/12\/17\/chamado-de-energumeno-por-bolsonaro-paulo-freire-sera-homenageado-no-senado\/","title":{"rendered":"Chamado de energ\u00fameno por Bolsonaro, Paulo Freire ser\u00e1 homenageado no Senado"},"content":{"rendered":"\n<figure class=\"wp-block-image size-large\"><img data-recalc-dims=\"1\" loading=\"lazy\" decoding=\"async\" width=\"600\" height=\"360\" data-attachment-id=\"25589\" data-permalink=\"http:\/\/blogdalucianaoliveira.com.br\/blog\/2019\/12\/17\/chamado-de-energumeno-por-bolsonaro-paulo-freire-sera-homenageado-no-senado\/4a7b4ae4-19c3-4004-8da0-be002bb7fb56\/\" data-orig-file=\"https:\/\/i0.wp.com\/blogdalucianaoliveira.com.br\/blog\/wp-content\/uploads\/2019\/12\/4A7B4AE4-19C3-4004-8DA0-BE002BB7FB56.jpeg?fit=768%2C461\" data-orig-size=\"768,461\" data-comments-opened=\"0\" data-image-meta=\"{&quot;aperture&quot;:&quot;0&quot;,&quot;credit&quot;:&quot;&quot;,&quot;camera&quot;:&quot;&quot;,&quot;caption&quot;:&quot;&quot;,&quot;created_timestamp&quot;:&quot;0&quot;,&quot;copyright&quot;:&quot;&quot;,&quot;focal_length&quot;:&quot;0&quot;,&quot;iso&quot;:&quot;0&quot;,&quot;shutter_speed&quot;:&quot;0&quot;,&quot;title&quot;:&quot;&quot;,&quot;orientation&quot;:&quot;0&quot;}\" data-image-title=\"4A7B4AE4-19C3-4004-8DA0-BE002BB7FB56\" data-image-description=\"\" data-image-caption=\"\" data-medium-file=\"https:\/\/i0.wp.com\/blogdalucianaoliveira.com.br\/blog\/wp-content\/uploads\/2019\/12\/4A7B4AE4-19C3-4004-8DA0-BE002BB7FB56.jpeg?fit=300%2C180\" data-large-file=\"https:\/\/i0.wp.com\/blogdalucianaoliveira.com.br\/blog\/wp-content\/uploads\/2019\/12\/4A7B4AE4-19C3-4004-8DA0-BE002BB7FB56.jpeg?fit=600%2C360\" src=\"https:\/\/i0.wp.com\/blogdalucianaoliveira.com.br\/blog\/wp-content\/uploads\/2019\/12\/4A7B4AE4-19C3-4004-8DA0-BE002BB7FB56.jpeg?resize=600%2C360\" alt=\"\" class=\"wp-image-25589\" srcset=\"https:\/\/i0.wp.com\/blogdalucianaoliveira.com.br\/blog\/wp-content\/uploads\/2019\/12\/4A7B4AE4-19C3-4004-8DA0-BE002BB7FB56.jpeg?w=768 768w, https:\/\/i0.wp.com\/blogdalucianaoliveira.com.br\/blog\/wp-content\/uploads\/2019\/12\/4A7B4AE4-19C3-4004-8DA0-BE002BB7FB56.jpeg?resize=300%2C180 300w, https:\/\/i0.wp.com\/blogdalucianaoliveira.com.br\/blog\/wp-content\/uploads\/2019\/12\/4A7B4AE4-19C3-4004-8DA0-BE002BB7FB56.jpeg?resize=500%2C300 500w\" sizes=\"auto, (max-width: 600px) 100vw, 600px\" \/><\/figure>\n\n\n\n<h4 class=\"wp-block-heading\">O presidente atacou o renomado educador brasileiro, a quem chamou de \u2018energ\u00fameno\u2019 e \u2018\u00eddolo da esquerda\u2019<\/h4>\n\n\n\n<!--more-->\n\n\n\n<p>Na Carta Capital &#8211; O Senado Federal aprovou, nesta ter\u00e7a-feira 17,\u00a0um requerimento para a realiza\u00e7\u00e3o de uma sess\u00e3o solene em homenagem ao educador Paulo Freire. O pedido, feito pelo senador Weverton Rocha (PDT-MA), \u00e9 uma resposta ao presidente Jair Bolsonaro,\u00a0<\/p>\n\n\n\n<p>O requerimento foi assinado por v\u00e1rios senadores, inclusive o l\u00edder do governo no Congresso, Eduardo Gomes (MDB-TO).\u00a0A previs\u00e3o \u00e9 de que a sess\u00e3o no plen\u00e1rio seja realizada em 4 de maio de 2020, m\u00eas em que a morte de Freire completar\u00e1 23 anos.<\/p>\n\n\n\n<p>Bolsonaro fez afirma\u00e7\u00f5es contra Paulo Freire e tamb\u00e9m contra a TV Escola nesta segunda-feira 16, na sa\u00edda da resid\u00eancia oficial do Pal\u00e1cio da Alvorada, ao ser questionado sobre a descontinuidade do contrato com a&nbsp;Associa\u00e7\u00e3o de Comunica\u00e7\u00e3o Educativa Roquette Pinto (Acerp), gestora da TV Escola, para 2020. \u201cEra uma programa\u00e7\u00e3o [da TV Escola] totalmente de esquerda, ideologia de g\u00eanero, dinheiro p\u00fablico para ideologia de g\u00eanero. Ent\u00e3o, tem que mudar. Reflexo, daqui a 5, 10, 15 anos vai ter reflexo. Os caras est\u00e3o h\u00e1 30 anos [no minist\u00e9rio], tem muito formado aqui em cima dessa filosofia do Paulo Freire da vida, esse energ\u00fameno, \u00eddolo da esquerda\u201d, disse o presidente na ocasi\u00e3o.<\/p>\n\n\n\n<p>O senador&nbsp;Fabiano Contarato (Rede-ES) recomendou que Bolsonaro estude Paulo Freire. \u201cVoc\u00ea falar, querer acabar com a TV Escola? Atribuir esse adjetivo de energ\u00fameno a Paulo Freire? Eu n\u00e3o posso me calar. Paulo Freire nos faz pensar, ele nos ensina a pensar. Eu queria sugerir ao presidente da Rep\u00fablica que procedesse a leitura de algumas obras de Paulo Freire\u201d, disse.<\/p>\n\n\n\n<p>Randolfe Rodrigues (Rede-AP) lembrou o reconhecimento internacional do educador e fez uma compara\u00e7\u00e3o da import\u00e2ncia hist\u00f3rica entre Bolsonaro e Paulo Freire. \u201cO lugar de um: o pante\u00e3o dos her\u00f3is da hist\u00f3ria; o lugar de outro: a lata do lixo da hist\u00f3ria a que ele caminha a passos largos\u201d, disse.<\/p>\n\n\n\n<h3 class=\"wp-block-heading\">Mo\u00e7\u00e3o de aplauso na C\u00e2mara<\/h3>\n\n\n\n<p>Em resposta \u00e0 afirma\u00e7\u00e3o do presidente, o plen\u00e1rio da C\u00e2mara dos Deputados aprovou&nbsp;uma mo\u00e7\u00e3o de aplauso ao educador brasileiro, que ser\u00e1 realizada na primeira semana de 2020.<\/p>\n","protected":false},"excerpt":{"rendered":"<p>O presidente atacou o renomado educador brasileiro, a quem chamou de \u2018energ\u00fameno\u2019 e \u2018\u00eddolo da esquerda\u2019<\/p>\n","protected":false},"author":1,"featured_media":0,"comment_status":"closed","ping_status":"open","sticky":false,"template":"","format":"standard","meta":{"_exactmetrics_skip_tracking":false,"_exactmetrics_sitenote_active":false,"_exactmetrics_sitenote_note":"","_exactmetrics_sitenote_category":0,"jetpack_post_was_ever_published":false,"_jetpack_newsletter_access":"","_jetpack_dont_email_post_to_subs":false,"_jetpack_newsletter_tier_id":0,"_jetpack_memberships_contains_paywalled_content":false,"_jetpack_memberships_contains_paid_content":false,"footnotes":"","jetpack_publicize_message":"","jetpack_publicize_feature_enabled":true,"jetpack_social_post_already_shared":true,"jetpack_social_options":{"image_generator_settings":{"template":"highway","enabled":false},"version":2}},"categories":[1],"tags":[],"class_list":["post-25588","post","type-post","status-publish","format-standard","hentry","category-notas"],"jetpack_publicize_connections":[],"jetpack_sharing_enabled":true,"jetpack_featured_media_url":"","jetpack_shortlink":"https:\/\/wp.me\/p7wKYW-6EI","jetpack-related-posts":[],"_links":{"self":[{"href":"http:\/\/blogdalucianaoliveira.com.br\/blog\/wp-json\/wp\/v2\/posts\/25588","targetHints":{"allow":["GET"]}}],"collection":[{"href":"http:\/\/blogdalucianaoliveira.com.br\/blog\/wp-json\/wp\/v2\/posts"}],"about":[{"href":"http:\/\/blogdalucianaoliveira.com.br\/blog\/wp-json\/wp\/v2\/types\/post"}],"author":[{"embeddable":true,"href":"http:\/\/blogdalucianaoliveira.com.br\/blog\/wp-json\/wp\/v2\/users\/1"}],"replies":[{"embeddable":true,"href":"http:\/\/blogdalucianaoliveira.com.br\/blog\/wp-json\/wp\/v2\/comments?post=25588"}],"version-history":[{"count":1,"href":"http:\/\/blogdalucianaoliveira.com.br\/blog\/wp-json\/wp\/v2\/posts\/25588\/revisions"}],"predecessor-version":[{"id":25590,"href":"http:\/\/blogdalucianaoliveira.com.br\/blog\/wp-json\/wp\/v2\/posts\/25588\/revisions\/25590"}],"wp:attachment":[{"href":"http:\/\/blogdalucianaoliveira.com.br\/blog\/wp-json\/wp\/v2\/media?parent=25588"}],"wp:term":[{"taxonomy":"category","embeddable":true,"href":"http:\/\/blogdalucianaoliveira.com.br\/blog\/wp-json\/wp\/v2\/categories?post=25588"},{"taxonomy":"post_tag","embeddable":true,"href":"http:\/\/blogdalucianaoliveira.com.br\/blog\/wp-json\/wp\/v2\/tags?post=25588"}],"curies":[{"name":"wp","href":"https:\/\/api.w.org\/{rel}","templated":true}]}}