{"id":25595,"date":"2019-12-18T09:51:09","date_gmt":"2019-12-18T13:51:09","guid":{"rendered":"http:\/\/blogdalucianaoliveira.com.br\/blog\/?p=25595"},"modified":"2019-12-18T09:51:20","modified_gmt":"2019-12-18T13:51:20","slug":"governo-bolsonaro-interrompe-25-anos-de-ganho-real-para-o-salario-minimo","status":"publish","type":"post","link":"http:\/\/blogdalucianaoliveira.com.br\/blog\/2019\/12\/18\/governo-bolsonaro-interrompe-25-anos-de-ganho-real-para-o-salario-minimo\/","title":{"rendered":"Governo Bolsonaro interrompe 25 anos de ganho real para o sal\u00e1rio m\u00ednimo"},"content":{"rendered":"\n<figure class=\"wp-block-image\"><img data-recalc-dims=\"1\" decoding=\"async\" src=\"https:\/\/i0.wp.com\/publisher-publish.s3.eu-central-1.amazonaws.com\/pb-brasil247\/swp\/jtjeq9\/media\/20191218111256_34e9ddb9-110e-4222-863b-9ebe41175d5a.jpeg?w=600&#038;ssl=1\" alt=\"\"\/><figcaption><br><\/figcaption><\/figure>\n\n\n\n<p><strong>247<\/strong>\u00a0&#8211; O governo de Jair Bolsonaro interrompeu um ciclo de ganho real do sal\u00e1rio m\u00ednimo que j\u00e1 durava 25 anos. O or\u00e7amento de 2020, aprovado nesta ter\u00e7a-feira 17 no Congresso Nacional, fixou um m\u00ednimo de R$ 1.031 a partir de janeiro. Dessa forma, n\u00e3o h\u00e1 aumento acima da infla\u00e7\u00e3o em rela\u00e7\u00e3o ao valor atual, de R$ 998. O valor final do m\u00ednimo \u00e9 fixado por decreto presidencial. <\/p>\n\n\n\n<!--more-->\n\n\n\n<p>Em agosto, a equipe do ministro da Economia, Paulo Guedes, anunciou que o piso salarial poderia subir para R$ 1.039 no ano que vem. O valor, por\u00e9m, tende a ser revisado, j\u00e1 que houve uma queda nos indicadores de infla\u00e7\u00e3o de 2019.&nbsp;<\/p>\n\n\n\n<p>Leia mais sobre a aprova\u00e7\u00e3o do Or\u00e7amento na reportagem da Ag\u00eancia Brasil:<\/p>\n\n\n\n<h1 class=\"wp-block-heading\">Congresso Nacional aprova texto-base do Or\u00e7amento para 2020<\/h1>\n\n\n\n<h3 class=\"wp-block-heading\">Por Heloisa Cristaldo \u2013 Rep\u00f3rter da Ag\u00eancia Brasil &nbsp;Bras\u00edlia<\/h3>\n\n\n\n<p>O Congresso Nacional aprovou h\u00e1 pouco o texto-base do parecer final sobre o Or\u00e7amento da Uni\u00e3o para 2020. Neste momento, deputados e senadores analisam as propostas de modifica\u00e7\u00e3o ao texto, em sess\u00e3o conjunta.<\/p>\n\n\n\n<p>O Projeto de Lei do Congresso Nacional (PLN) 22\/19 foi aprovado com a previs\u00e3o de R$ 2,034 bilh\u00f5es para o Fundo Especial de Financiamento de Campanha (FEFC). Contr\u00e1rios \u00e0 proposta, parlamentares do partido Novo pediram a redu\u00e7\u00e3o do valor, mas o destaque foi rejeitado pelos parlamentares.<\/p>\n\n\n\n<p>Em vota\u00e7\u00e3o tamb\u00e9m nesta ter\u00e7a-feira (17) na Comiss\u00e3o Mista de Or\u00e7amento, congressistas do Novo j\u00e1 haviam pedido a redu\u00e7\u00e3o do fundo para R$ 765 milh\u00f5es. O destaque, contudo, foi rejeitado pelo Colegiado. Apesar da rejei\u00e7\u00e3o da proposta, os parlamentares voltaram com a tentativa de diminui\u00e7\u00e3o do valor em plen\u00e1rio.<\/p>\n\n\n\n<h2 class=\"wp-block-heading\">Or\u00e7amento<\/h2>\n\n\n\n<p>O projeto prev\u00ea R$ 3,6 trilh\u00f5es para as proje\u00e7\u00f5es de receita e de despesa. Desse total, R$ 3,5 trilh\u00f5es s\u00e3o dos or\u00e7amentos fiscal e de seguridade social, dos quais R$ 917,1 bilh\u00f5es referem-se ao refinanciamento da d\u00edvida p\u00fablica.<\/p>\n\n\n\n<p>O sal\u00e1rio m\u00ednimo, em janeiro de 2020, passar\u00e1 dos atuais R$ 998 para cerca de R$ 1.031. O valor est\u00e1 abaixo dos R$ 1.039 inicialmente previsto. Em 2020, a meta fiscal para o resultado prim\u00e1rio do governo central (Tesouro Nacional, Previd\u00eancia Social e Banco Central) corresponder\u00e1 a um d\u00e9ficit de R$ 124,1 bilh\u00f5es.<\/p>\n\n\n\n<p>Para o pr\u00f3ximo ano, a proposta or\u00e7ament\u00e1ria prev\u00ea ainda um crescimento real do Produto Interno Bruto (PIB) de 2,32%, pouco acima da expectativa do mercado (2,20%). A infla\u00e7\u00e3o prevista para o pr\u00f3ximo ano, medida pelo \u00cdndice de Pre\u00e7os ao Consumidor Amplo (IPCA), \u00e9 de 3,53%.<\/p>\n","protected":false},"excerpt":{"rendered":"<p>247\u00a0&#8211; O governo de Jair Bolsonaro interrompeu um ciclo de ganho real do sal\u00e1rio m\u00ednimo que j\u00e1 durava 25 anos. O or\u00e7amento de 2020, aprovado nesta ter\u00e7a-feira 17 no Congresso Nacional, fixou um m\u00ednimo de R$ 1.031 a partir de janeiro. Dessa forma, n\u00e3o h\u00e1 aumento acima da infla\u00e7\u00e3o em rela\u00e7\u00e3o ao valor atual, de&#8230;<a class=\"more-link\" href=\"http:\/\/blogdalucianaoliveira.com.br\/blog\/2019\/12\/18\/governo-bolsonaro-interrompe-25-anos-de-ganho-real-para-o-salario-minimo\/\">Continue a leitura <span class=\"meta-nav\">&raquo;<\/span><\/a><\/p>\n","protected":false},"author":1,"featured_media":0,"comment_status":"closed","ping_status":"open","sticky":false,"template":"","format":"standard","meta":{"_exactmetrics_skip_tracking":false,"_exactmetrics_sitenote_active":false,"_exactmetrics_sitenote_note":"","_exactmetrics_sitenote_category":0,"jetpack_post_was_ever_published":false,"_jetpack_newsletter_access":"","_jetpack_dont_email_post_to_subs":false,"_jetpack_newsletter_tier_id":0,"_jetpack_memberships_contains_paywalled_content":false,"_jetpack_memberships_contains_paid_content":false,"footnotes":"","jetpack_publicize_message":"","jetpack_publicize_feature_enabled":true,"jetpack_social_post_already_shared":true,"jetpack_social_options":{"image_generator_settings":{"template":"highway","enabled":false},"version":2}},"categories":[1],"tags":[],"class_list":["post-25595","post","type-post","status-publish","format-standard","hentry","category-notas"],"jetpack_publicize_connections":[],"jetpack_sharing_enabled":true,"jetpack_featured_media_url":"","jetpack_shortlink":"https:\/\/wp.me\/p7wKYW-6EP","jetpack-related-posts":[],"_links":{"self":[{"href":"http:\/\/blogdalucianaoliveira.com.br\/blog\/wp-json\/wp\/v2\/posts\/25595","targetHints":{"allow":["GET"]}}],"collection":[{"href":"http:\/\/blogdalucianaoliveira.com.br\/blog\/wp-json\/wp\/v2\/posts"}],"about":[{"href":"http:\/\/blogdalucianaoliveira.com.br\/blog\/wp-json\/wp\/v2\/types\/post"}],"author":[{"embeddable":true,"href":"http:\/\/blogdalucianaoliveira.com.br\/blog\/wp-json\/wp\/v2\/users\/1"}],"replies":[{"embeddable":true,"href":"http:\/\/blogdalucianaoliveira.com.br\/blog\/wp-json\/wp\/v2\/comments?post=25595"}],"version-history":[{"count":1,"href":"http:\/\/blogdalucianaoliveira.com.br\/blog\/wp-json\/wp\/v2\/posts\/25595\/revisions"}],"predecessor-version":[{"id":25596,"href":"http:\/\/blogdalucianaoliveira.com.br\/blog\/wp-json\/wp\/v2\/posts\/25595\/revisions\/25596"}],"wp:attachment":[{"href":"http:\/\/blogdalucianaoliveira.com.br\/blog\/wp-json\/wp\/v2\/media?parent=25595"}],"wp:term":[{"taxonomy":"category","embeddable":true,"href":"http:\/\/blogdalucianaoliveira.com.br\/blog\/wp-json\/wp\/v2\/categories?post=25595"},{"taxonomy":"post_tag","embeddable":true,"href":"http:\/\/blogdalucianaoliveira.com.br\/blog\/wp-json\/wp\/v2\/tags?post=25595"}],"curies":[{"name":"wp","href":"https:\/\/api.w.org\/{rel}","templated":true}]}}