{"id":25597,"date":"2019-12-19T12:28:23","date_gmt":"2019-12-19T16:28:23","guid":{"rendered":"http:\/\/blogdalucianaoliveira.com.br\/blog\/?p=25597"},"modified":"2019-12-19T12:28:23","modified_gmt":"2019-12-19T16:28:23","slug":"revista-nature-chama-cientista-demitido-por-bolsonaro-de-heroi-nacional","status":"publish","type":"post","link":"http:\/\/blogdalucianaoliveira.com.br\/blog\/2019\/12\/19\/revista-nature-chama-cientista-demitido-por-bolsonaro-de-heroi-nacional\/","title":{"rendered":"Revista Nature chama cientista demitido por Bolsonaro de &#8221;her\u00f3i nacional&#8221;"},"content":{"rendered":"\n<figure class=\"wp-block-image size-large\"><img data-recalc-dims=\"1\" loading=\"lazy\" decoding=\"async\" width=\"600\" height=\"400\" data-attachment-id=\"25598\" data-permalink=\"http:\/\/blogdalucianaoliveira.com.br\/blog\/2019\/12\/19\/revista-nature-chama-cientista-demitido-por-bolsonaro-de-heroi-nacional\/heri\/\" data-orig-file=\"https:\/\/i0.wp.com\/blogdalucianaoliveira.com.br\/blog\/wp-content\/uploads\/2019\/12\/heri.jpg?fit=675%2C450\" data-orig-size=\"675,450\" data-comments-opened=\"0\" data-image-meta=\"{&quot;aperture&quot;:&quot;0&quot;,&quot;credit&quot;:&quot;&quot;,&quot;camera&quot;:&quot;&quot;,&quot;caption&quot;:&quot;&quot;,&quot;created_timestamp&quot;:&quot;0&quot;,&quot;copyright&quot;:&quot;&quot;,&quot;focal_length&quot;:&quot;0&quot;,&quot;iso&quot;:&quot;0&quot;,&quot;shutter_speed&quot;:&quot;0&quot;,&quot;title&quot;:&quot;&quot;,&quot;orientation&quot;:&quot;0&quot;}\" data-image-title=\"heri\" data-image-description=\"\" data-image-caption=\"\" data-medium-file=\"https:\/\/i0.wp.com\/blogdalucianaoliveira.com.br\/blog\/wp-content\/uploads\/2019\/12\/heri.jpg?fit=300%2C200\" data-large-file=\"https:\/\/i0.wp.com\/blogdalucianaoliveira.com.br\/blog\/wp-content\/uploads\/2019\/12\/heri.jpg?fit=600%2C400\" src=\"https:\/\/i0.wp.com\/blogdalucianaoliveira.com.br\/blog\/wp-content\/uploads\/2019\/12\/heri.jpg?resize=600%2C400\" alt=\"\" class=\"wp-image-25598\" srcset=\"https:\/\/i0.wp.com\/blogdalucianaoliveira.com.br\/blog\/wp-content\/uploads\/2019\/12\/heri.jpg?w=675 675w, https:\/\/i0.wp.com\/blogdalucianaoliveira.com.br\/blog\/wp-content\/uploads\/2019\/12\/heri.jpg?resize=300%2C200 300w, https:\/\/i0.wp.com\/blogdalucianaoliveira.com.br\/blog\/wp-content\/uploads\/2019\/12\/heri.jpg?resize=450%2C300 450w\" sizes=\"auto, (max-width: 600px) 100vw, 600px\" \/><\/figure>\n\n\n\n<p>Ricardo Galv\u00e3o, demitido do Inpe ap\u00f3s divulgar dados sobre o desmatamento, entrou na lista de 10 maiores cientistas do ano, publicada nesta ter\u00e7a-feira pela Nature<\/p>\n\n\n\n<!--more-->\n\n\n\n<p>No Correio Braziliense &#8211; Uma das mais renomadas revistas cient\u00edficas do mundo, a brit\u00e2nica\u00a0<strong><em>Nature<\/em><\/strong>\u00a0divulgou, nesta ter\u00e7a-feira, sua tradicional lista de<strong>\u00a010 cientistas do ano<\/strong>. Como\u00a0<a href=\"https:\/\/www.correiobraziliense.com.br\/app\/noticia\/ciencia-e-saude\/2019\/12\/14\/interna_ciencia_saude,814003\/exonerado-por-bolsonaro-ricardo-galvao-esta-entre-os-10-cientistas-do.shtml\">antecipado na semana passada<\/a>, o f\u00edsico brasileiro, Ricardo Galv\u00e3o, ex-presidente do Instituo Nacional de Pesquisas Espaciais (Inpe), est\u00e1 na rela\u00e7\u00e3o.<br> <\/p>\n\n\n\n<p>\n\nGalv\u00e3o acabou demitido do cargo ap\u00f3s se desentender publicamente com o presidente Jair Bolsonaro, que questionou dados divulgados pela equipe de Galv\u00e3o que apontavam aumento significativo do desmatamento da Amaz\u00f4nia.<\/p>\n\n\n\n<p>O presidente chegou a sugerir que Galv\u00e3o estava a servi\u00e7os de ONGs internacionais. A resposta do cientista foi incisiva: afirmou que&nbsp;<a href=\"http:\/\/blogs.correiobraziliense.com.br\/4elementos\/2019\/08\/02\/diretor-do-inpe-ricardo-galvao-diz-que-sera-exonerado-do-cargo\/\">Bolsonaro n\u00e3o tinha &#8220;qualidade ou qualifica\u00e7\u00e3o de fazer an\u00e1lise de dados&#8221;<\/a>. Acabou demitido,&nbsp;<a href=\"https:\/\/www.correiobraziliense.com.br\/app\/noticia\/politica\/2019\/08\/04\/interna_politica,775474\/bolsonaro-confirma-que-pediu-demissao-de-diretor-do-inpe.shtml\">a pedido do pr\u00f3prio presidente<\/a>.<br><\/p>\n\n\n\n<h3 class=\"wp-block-heading\">Responsabilidade<\/h3>\n\n\n\n<p>Para a\u00a0<em>Nature<\/em>, no epis\u00f3dio, Galv\u00e3o se comportou como um &#8220;her\u00f3i nacional&#8221; e um &#8220;defensor da ci\u00eancia&#8221;. &#8220;O que ele n\u00e3o sabia \u00e9 que se tornaria uma esp\u00e9cie de her\u00f3i, louvado por seus colegas cientistas e tamb\u00e9m por estranhos nas ruas. Uma mulher chegou a par\u00e1-lo no metr\u00f4 de S\u00e3o Paulo para agradec\u00ea-lo por se posicionar contra Bolsonaro e ajud\u00e1-la a entender a import\u00e2ncia de se preservar a Amaz\u00f4nia&#8221;, descreve a revista,\u00a0<a href=\"https:\/\/www.nature.com\/immersive\/d41586-019-03749-0\/index.html\">cuja reportagem pode ser lida na internet<\/a>, em ingl\u00eas.<br> Ainda segunda a revista, Galv\u00e3o voltou a assumir seu posto na Universidade de S\u00e3o Paulo e chegou a pensar em parar de dar entrevistas. Por\u00e9m, ap\u00f3s receber mensagens de colegas agradecendo-o por defender a ci\u00eancia diante de press\u00f5es pol\u00edticas, percebeu que tem uma responsabilidade. &#8220;Sou apenas um velho homem humilde que trabalha com f\u00edsica. Mas decidi continuar por essa raz\u00e3o&#8221;, afirma Galv\u00e3o \u00e0 Nature.<br><\/p>\n","protected":false},"excerpt":{"rendered":"<p>Ricardo Galv\u00e3o, demitido do Inpe ap\u00f3s divulgar dados sobre o desmatamento, entrou na lista de 10 maiores cientistas do ano, publicada nesta ter\u00e7a-feira pela Nature<\/p>\n","protected":false},"author":1,"featured_media":0,"comment_status":"closed","ping_status":"open","sticky":false,"template":"","format":"standard","meta":{"_exactmetrics_skip_tracking":false,"_exactmetrics_sitenote_active":false,"_exactmetrics_sitenote_note":"","_exactmetrics_sitenote_category":0,"jetpack_post_was_ever_published":false,"_jetpack_newsletter_access":"","_jetpack_dont_email_post_to_subs":false,"_jetpack_newsletter_tier_id":0,"_jetpack_memberships_contains_paywalled_content":false,"_jetpack_memberships_contains_paid_content":false,"footnotes":"","jetpack_publicize_message":"","jetpack_publicize_feature_enabled":true,"jetpack_social_post_already_shared":true,"jetpack_social_options":{"image_generator_settings":{"template":"highway","enabled":false},"version":2}},"categories":[1],"tags":[],"class_list":["post-25597","post","type-post","status-publish","format-standard","hentry","category-notas"],"jetpack_publicize_connections":[],"jetpack_sharing_enabled":true,"jetpack_featured_media_url":"","jetpack_shortlink":"https:\/\/wp.me\/p7wKYW-6ER","jetpack-related-posts":[],"_links":{"self":[{"href":"http:\/\/blogdalucianaoliveira.com.br\/blog\/wp-json\/wp\/v2\/posts\/25597","targetHints":{"allow":["GET"]}}],"collection":[{"href":"http:\/\/blogdalucianaoliveira.com.br\/blog\/wp-json\/wp\/v2\/posts"}],"about":[{"href":"http:\/\/blogdalucianaoliveira.com.br\/blog\/wp-json\/wp\/v2\/types\/post"}],"author":[{"embeddable":true,"href":"http:\/\/blogdalucianaoliveira.com.br\/blog\/wp-json\/wp\/v2\/users\/1"}],"replies":[{"embeddable":true,"href":"http:\/\/blogdalucianaoliveira.com.br\/blog\/wp-json\/wp\/v2\/comments?post=25597"}],"version-history":[{"count":1,"href":"http:\/\/blogdalucianaoliveira.com.br\/blog\/wp-json\/wp\/v2\/posts\/25597\/revisions"}],"predecessor-version":[{"id":25603,"href":"http:\/\/blogdalucianaoliveira.com.br\/blog\/wp-json\/wp\/v2\/posts\/25597\/revisions\/25603"}],"wp:attachment":[{"href":"http:\/\/blogdalucianaoliveira.com.br\/blog\/wp-json\/wp\/v2\/media?parent=25597"}],"wp:term":[{"taxonomy":"category","embeddable":true,"href":"http:\/\/blogdalucianaoliveira.com.br\/blog\/wp-json\/wp\/v2\/categories?post=25597"},{"taxonomy":"post_tag","embeddable":true,"href":"http:\/\/blogdalucianaoliveira.com.br\/blog\/wp-json\/wp\/v2\/tags?post=25597"}],"curies":[{"name":"wp","href":"https:\/\/api.w.org\/{rel}","templated":true}]}}