{"id":25604,"date":"2019-12-19T12:38:05","date_gmt":"2019-12-19T16:38:05","guid":{"rendered":"http:\/\/blogdalucianaoliveira.com.br\/blog\/?p=25604"},"modified":"2019-12-19T13:30:57","modified_gmt":"2019-12-19T17:30:57","slug":"rondoniense-afro-indigena-arruma-as-malas-para-o-bale-bolshoi","status":"publish","type":"post","link":"http:\/\/blogdalucianaoliveira.com.br\/blog\/2019\/12\/19\/rondoniense-afro-indigena-arruma-as-malas-para-o-bale-bolshoi\/","title":{"rendered":"RONDONIENSE AFRO-IND\u00cdGENA ARRUMA AS MALAS PARA O BAL\u00c9 BOLSHOI"},"content":{"rendered":"\n<figure class=\"wp-block-image size-large\"><img data-recalc-dims=\"1\" loading=\"lazy\" decoding=\"async\" width=\"585\" height=\"526\" data-attachment-id=\"25608\" data-permalink=\"http:\/\/blogdalucianaoliveira.com.br\/blog\/2019\/12\/19\/rondoniense-afro-indigena-arruma-as-malas-para-o-bale-bolshoi\/21bd11f7-35d1-4356-9dc1-73a5e34b2c7d\/\" data-orig-file=\"https:\/\/i0.wp.com\/blogdalucianaoliveira.com.br\/blog\/wp-content\/uploads\/2019\/12\/21BD11F7-35D1-4356-9DC1-73A5E34B2C7D.jpeg?fit=585%2C526\" data-orig-size=\"585,526\" data-comments-opened=\"0\" data-image-meta=\"{&quot;aperture&quot;:&quot;0&quot;,&quot;credit&quot;:&quot;&quot;,&quot;camera&quot;:&quot;&quot;,&quot;caption&quot;:&quot;&quot;,&quot;created_timestamp&quot;:&quot;0&quot;,&quot;copyright&quot;:&quot;&quot;,&quot;focal_length&quot;:&quot;0&quot;,&quot;iso&quot;:&quot;0&quot;,&quot;shutter_speed&quot;:&quot;0&quot;,&quot;title&quot;:&quot;&quot;,&quot;orientation&quot;:&quot;0&quot;}\" data-image-title=\"21BD11F7-35D1-4356-9DC1-73A5E34B2C7D\" data-image-description=\"\" data-image-caption=\"\" data-medium-file=\"https:\/\/i0.wp.com\/blogdalucianaoliveira.com.br\/blog\/wp-content\/uploads\/2019\/12\/21BD11F7-35D1-4356-9DC1-73A5E34B2C7D.jpeg?fit=300%2C270\" data-large-file=\"https:\/\/i0.wp.com\/blogdalucianaoliveira.com.br\/blog\/wp-content\/uploads\/2019\/12\/21BD11F7-35D1-4356-9DC1-73A5E34B2C7D.jpeg?fit=585%2C526\" src=\"https:\/\/i0.wp.com\/blogdalucianaoliveira.com.br\/blog\/wp-content\/uploads\/2019\/12\/21BD11F7-35D1-4356-9DC1-73A5E34B2C7D.jpeg?resize=585%2C526\" alt=\"\" class=\"wp-image-25608\" srcset=\"https:\/\/i0.wp.com\/blogdalucianaoliveira.com.br\/blog\/wp-content\/uploads\/2019\/12\/21BD11F7-35D1-4356-9DC1-73A5E34B2C7D.jpeg?w=585 585w, https:\/\/i0.wp.com\/blogdalucianaoliveira.com.br\/blog\/wp-content\/uploads\/2019\/12\/21BD11F7-35D1-4356-9DC1-73A5E34B2C7D.jpeg?resize=300%2C270 300w, https:\/\/i0.wp.com\/blogdalucianaoliveira.com.br\/blog\/wp-content\/uploads\/2019\/12\/21BD11F7-35D1-4356-9DC1-73A5E34B2C7D.jpeg?resize=334%2C300 334w\" sizes=\"auto, (max-width: 585px) 100vw, 585px\" \/><\/figure>\n\n\n\n<p>\u00c9 do Norte, da Amaz\u00f4nia, de Let\u00edcia Maciel Nunes, uma das vagas na maior seletiva de dan\u00e7a do pa\u00eds, a da Escola do Teatro Bolshoi.<\/p>\n\n\n\n<p>Ela disputou\ncom mais de 5 mil candidatos a oportunidade de estudar no curso b\u00e1sico e t\u00e9cnico\nde dan\u00e7a cl\u00e1ssica na filial do famoso teatro da R\u00fassia. <\/p>\n\n\n\n<!--more-->\n\n\n\n<p>Vai passar\noito anos em Joinville aprendendo a t\u00e9cnica de bal\u00e9 pela metodologia Vaganova, com\ndan\u00e7a contempor\u00e2nea e disciplinas complementares ao lado de alunos de v\u00e1rios\nestados brasileiros e de outros pa\u00edses. <\/p>\n\n\n\n<p>De origem\nhumilde, negra e ind\u00edgena, come\u00e7ou a estudar bal\u00e9 com a m\u00e3e numa escola no\nmunic\u00edpio de Candeias do Jamari que fica distante 25 quil\u00f4metros da capital,\nPorto Velho. <\/p>\n\n\n\n<p>At\u00e9 passar, aos 10 anos na fina peneira do Bolshoi, Let\u00edcia venceu v\u00e1rias batalhas na vida.<\/p>\n\n\n\n<p>Quando a escola fechou, a m\u00e3e improvisou um est\u00fadio em casa e mais tarde o transformou numa ONG. A menina tinha aulas com a m\u00e3e no munic\u00edpio e como bolsista com a professora Talita Brasil, na capital.<\/p>\n\n\n\n<figure class=\"wp-block-image size-large\"><img data-recalc-dims=\"1\" loading=\"lazy\" decoding=\"async\" width=\"600\" height=\"776\" data-attachment-id=\"25609\" data-permalink=\"http:\/\/blogdalucianaoliveira.com.br\/blog\/2019\/12\/19\/rondoniense-afro-indigena-arruma-as-malas-para-o-bale-bolshoi\/b6c18ef4-8c73-4695-a868-8d46a169ec13\/\" data-orig-file=\"https:\/\/i0.wp.com\/blogdalucianaoliveira.com.br\/blog\/wp-content\/uploads\/2019\/12\/B6C18EF4-8C73-4695-A868-8D46A169EC13.jpeg?fit=627%2C811\" data-orig-size=\"627,811\" data-comments-opened=\"0\" data-image-meta=\"{&quot;aperture&quot;:&quot;0&quot;,&quot;credit&quot;:&quot;&quot;,&quot;camera&quot;:&quot;&quot;,&quot;caption&quot;:&quot;&quot;,&quot;created_timestamp&quot;:&quot;0&quot;,&quot;copyright&quot;:&quot;&quot;,&quot;focal_length&quot;:&quot;0&quot;,&quot;iso&quot;:&quot;0&quot;,&quot;shutter_speed&quot;:&quot;0&quot;,&quot;title&quot;:&quot;&quot;,&quot;orientation&quot;:&quot;0&quot;}\" data-image-title=\"B6C18EF4-8C73-4695-A868-8D46A169EC13\" data-image-description=\"\" data-image-caption=\"\" data-medium-file=\"https:\/\/i0.wp.com\/blogdalucianaoliveira.com.br\/blog\/wp-content\/uploads\/2019\/12\/B6C18EF4-8C73-4695-A868-8D46A169EC13.jpeg?fit=232%2C300\" data-large-file=\"https:\/\/i0.wp.com\/blogdalucianaoliveira.com.br\/blog\/wp-content\/uploads\/2019\/12\/B6C18EF4-8C73-4695-A868-8D46A169EC13.jpeg?fit=600%2C776\" src=\"https:\/\/i0.wp.com\/blogdalucianaoliveira.com.br\/blog\/wp-content\/uploads\/2019\/12\/B6C18EF4-8C73-4695-A868-8D46A169EC13.jpeg?resize=600%2C776\" alt=\"\" class=\"wp-image-25609\" srcset=\"https:\/\/i0.wp.com\/blogdalucianaoliveira.com.br\/blog\/wp-content\/uploads\/2019\/12\/B6C18EF4-8C73-4695-A868-8D46A169EC13.jpeg?w=627 627w, https:\/\/i0.wp.com\/blogdalucianaoliveira.com.br\/blog\/wp-content\/uploads\/2019\/12\/B6C18EF4-8C73-4695-A868-8D46A169EC13.jpeg?resize=232%2C300 232w\" sizes=\"auto, (max-width: 600px) 100vw, 600px\" \/><\/figure>\n\n\n\n<figure class=\"wp-block-image\"><img decoding=\"async\" src=\"https:\/\/apis.mail.yahoo.com\/ws\/v3\/mailboxes\/@.id==VjN-03q5a2ZhHLPLNbF6kKDpWLnmFcZkcTeMBIEyGe9xCvV2Yfw9N5DjF7ROE9zWzQHLGlaNosrWpuBHmOD6eMSoog\/messages\/@.id==AKdMRxZxuLfzXfulSgOGWJiu-WU\/content\/parts\/@.id==2\/thumbnail?appId=YMailNorrin&amp;downloadWhenThumbnailFails=true&amp;pid=2\" alt=\"\"\/><\/figure>\n\n\n\n<blockquote class=\"wp-block-quote is-layout-flow wp-block-quote-is-layout-flow\"><p> \u201cEla sempre impulsionou, acreditou que ia dar certo e investiu muito na Let\u00edcia\u201d, disse a m\u00e3e Maira Nunes Maciel, sobre a professora. <\/p><\/blockquote>\n\n\n\n<p>Em 2018 teve\na primeira seletiva do Bolshoi em Rond\u00f4nia e por pouco Let\u00edcia n\u00e3o conseguiu\nvaga, chegou \u00e0 etapa final com outras tr\u00eas meninas.<\/p>\n\n\n\n<p>A fam\u00edlia perseguiu\no sonho com a mudan\u00e7a para Joinville este ano e l\u00e1, Let\u00edcia passou novamente\npor todas as etapas classificat\u00f3rias.<\/p>\n\n\n\n<p>A etapa nacional de sele\u00e7\u00e3o foi em outubro e a concorr\u00eancia de mais de 100 alunos por 1 vaga.<\/p>\n\n\n\n<figure class=\"wp-block-image size-large\"><img data-recalc-dims=\"1\" loading=\"lazy\" decoding=\"async\" width=\"600\" height=\"597\" data-attachment-id=\"25610\" data-permalink=\"http:\/\/blogdalucianaoliveira.com.br\/blog\/2019\/12\/19\/rondoniense-afro-indigena-arruma-as-malas-para-o-bale-bolshoi\/33f72751-6e8a-4f25-a0c3-5752d17ddab7\/\" data-orig-file=\"https:\/\/i0.wp.com\/blogdalucianaoliveira.com.br\/blog\/wp-content\/uploads\/2019\/12\/33F72751-6E8A-4F25-A0C3-5752D17DDAB7.jpeg?fit=720%2C716\" data-orig-size=\"720,716\" data-comments-opened=\"0\" data-image-meta=\"{&quot;aperture&quot;:&quot;0&quot;,&quot;credit&quot;:&quot;&quot;,&quot;camera&quot;:&quot;&quot;,&quot;caption&quot;:&quot;&quot;,&quot;created_timestamp&quot;:&quot;0&quot;,&quot;copyright&quot;:&quot;&quot;,&quot;focal_length&quot;:&quot;0&quot;,&quot;iso&quot;:&quot;0&quot;,&quot;shutter_speed&quot;:&quot;0&quot;,&quot;title&quot;:&quot;&quot;,&quot;orientation&quot;:&quot;0&quot;}\" data-image-title=\"33F72751-6E8A-4F25-A0C3-5752D17DDAB7\" data-image-description=\"\" data-image-caption=\"\" data-medium-file=\"https:\/\/i0.wp.com\/blogdalucianaoliveira.com.br\/blog\/wp-content\/uploads\/2019\/12\/33F72751-6E8A-4F25-A0C3-5752D17DDAB7.jpeg?fit=300%2C298\" data-large-file=\"https:\/\/i0.wp.com\/blogdalucianaoliveira.com.br\/blog\/wp-content\/uploads\/2019\/12\/33F72751-6E8A-4F25-A0C3-5752D17DDAB7.jpeg?fit=600%2C597\" src=\"https:\/\/i0.wp.com\/blogdalucianaoliveira.com.br\/blog\/wp-content\/uploads\/2019\/12\/33F72751-6E8A-4F25-A0C3-5752D17DDAB7.jpeg?resize=600%2C597\" alt=\"\" class=\"wp-image-25610\" srcset=\"https:\/\/i0.wp.com\/blogdalucianaoliveira.com.br\/blog\/wp-content\/uploads\/2019\/12\/33F72751-6E8A-4F25-A0C3-5752D17DDAB7.jpeg?w=720 720w, https:\/\/i0.wp.com\/blogdalucianaoliveira.com.br\/blog\/wp-content\/uploads\/2019\/12\/33F72751-6E8A-4F25-A0C3-5752D17DDAB7.jpeg?resize=300%2C298 300w, https:\/\/i0.wp.com\/blogdalucianaoliveira.com.br\/blog\/wp-content\/uploads\/2019\/12\/33F72751-6E8A-4F25-A0C3-5752D17DDAB7.jpeg?resize=150%2C150 150w, https:\/\/i0.wp.com\/blogdalucianaoliveira.com.br\/blog\/wp-content\/uploads\/2019\/12\/33F72751-6E8A-4F25-A0C3-5752D17DDAB7.jpeg?resize=302%2C300 302w\" sizes=\"auto, (max-width: 600px) 100vw, 600px\" \/><\/figure>\n\n\n\n<p>A fam\u00edlia retornou a Porto Velho para organizar a mudan\u00e7a definitiva e deixar ativo o projeto da ONG Tenda Cultural NoaStudio que existe desde 2014. \u00c9 um projeto social de resgate de crian\u00e7as e adolescentes que vivem \u00e0 margem da vulnerabilidade.<\/p>\n\n\n\n<p>Let\u00edcia vem de uma fam\u00edlia com sangue ind\u00edgena Mura e tem parentesco com o saudoso professor Manoel Maciel Nunes que criou no distrito ribeirinho de Nazar\u00e9, o festival folcl\u00f3rico mais denso do estado. De l\u00e1 tamb\u00e9m, o Grupo familiar Minhas Ra\u00edzes que produz instrumentos com mat\u00e9ria-prima descartada pela floresta e que j\u00e1  gravou tr\u00eas cds.<\/p>\n\n\n\n<p>A Escola que Let\u00edcia vai estudar dan\u00e7a\ncl\u00e1ssica oferece v\u00e1rios benef\u00edcios al\u00e9m do ensino gratuito de dan\u00e7a, entre eles,\na\u00e7\u00f5es art\u00edstico-culturais, alimenta\u00e7\u00e3o complementar, apoio psicol\u00f3gico, aprendizado\ncom renomados mestres e assist\u00eancia m\u00e9dica de emerg\u00eancia\/urg\u00eancia e pr\u00e9-hospitalar.<\/p>\n\n\n\n<p>A fam\u00edlia est\u00e1 arrumando as malas para seguir a Joinville e Ludmila, a irm\u00e3 mais velha, tamb\u00e9m \u00e9 bailarina. A mudan\u00e7a envolve custos e os pais se socorreram com empr\u00e9stimos e doa\u00e7\u00f5es.<\/p>\n\n\n\n<p><\/p>\n\n\n\n<blockquote class=\"wp-block-quote is-layout-flow wp-block-quote-is-layout-flow\"><p> \u201cTodo o sacrif\u00edcio vai valer a pena\u201d, diz Maira. <\/p><\/blockquote>\n\n\n\n<p>A m\u00e3e identifica a nova bailarina do Bolshoi como afro-ind\u00edgena pelo sangue negro e ind\u00edgena. Os Mura, etnia da fam\u00edlia de Let\u00edcia, ocupam vastas \u00e1reas nos rios Madeira, Amazonas e Purus. Vivem em terras ind\u00edgenas e centros urbanos como Porto Velho, Manaus, Borba, Humait\u00e1 e L\u00e1brea.<\/p>\n\n\n\n<blockquote class=\"wp-block-quote is-layout-flow wp-block-quote-is-layout-flow\"><p>\u201cTemos orgulho de nossas origens e foi isso que nos motivou em cada batalha. No meio da maioria branca, entre estrangeiros, ter\u00e1 sim, uma negra e ind\u00edgena, de Rond\u00f4nia\u201d, ressalta a m\u00e3e.<\/p><\/blockquote>\n","protected":false},"excerpt":{"rendered":"<p>\u00c9 do Norte, da Amaz\u00f4nia, de Let\u00edcia Maciel Nunes, uma das vagas na maior seletiva de dan\u00e7a do pa\u00eds, a da Escola do Teatro Bolshoi. Ela disputou com mais de 5 mil candidatos a oportunidade de estudar no curso b\u00e1sico e t\u00e9cnico de dan\u00e7a cl\u00e1ssica na filial do famoso teatro da R\u00fassia.<\/p>\n","protected":false},"author":1,"featured_media":25608,"comment_status":"closed","ping_status":"open","sticky":false,"template":"","format":"standard","meta":{"_exactmetrics_skip_tracking":false,"_exactmetrics_sitenote_active":false,"_exactmetrics_sitenote_note":"","_exactmetrics_sitenote_category":0,"jetpack_post_was_ever_published":false,"_jetpack_newsletter_access":"","_jetpack_dont_email_post_to_subs":false,"_jetpack_newsletter_tier_id":0,"_jetpack_memberships_contains_paywalled_content":false,"_jetpack_memberships_contains_paid_content":false,"footnotes":"","jetpack_publicize_message":"","jetpack_publicize_feature_enabled":true,"jetpack_social_post_already_shared":true,"jetpack_social_options":{"image_generator_settings":{"template":"highway","enabled":false},"version":2}},"categories":[1],"tags":[],"class_list":["post-25604","post","type-post","status-publish","format-standard","has-post-thumbnail","hentry","category-notas"],"jetpack_publicize_connections":[],"jetpack_sharing_enabled":true,"jetpack_featured_media_url":"https:\/\/i0.wp.com\/blogdalucianaoliveira.com.br\/blog\/wp-content\/uploads\/2019\/12\/21BD11F7-35D1-4356-9DC1-73A5E34B2C7D.jpeg?fit=585%2C526","jetpack_shortlink":"https:\/\/wp.me\/p7wKYW-6EY","jetpack-related-posts":[],"_links":{"self":[{"href":"http:\/\/blogdalucianaoliveira.com.br\/blog\/wp-json\/wp\/v2\/posts\/25604","targetHints":{"allow":["GET"]}}],"collection":[{"href":"http:\/\/blogdalucianaoliveira.com.br\/blog\/wp-json\/wp\/v2\/posts"}],"about":[{"href":"http:\/\/blogdalucianaoliveira.com.br\/blog\/wp-json\/wp\/v2\/types\/post"}],"author":[{"embeddable":true,"href":"http:\/\/blogdalucianaoliveira.com.br\/blog\/wp-json\/wp\/v2\/users\/1"}],"replies":[{"embeddable":true,"href":"http:\/\/blogdalucianaoliveira.com.br\/blog\/wp-json\/wp\/v2\/comments?post=25604"}],"version-history":[{"count":8,"href":"http:\/\/blogdalucianaoliveira.com.br\/blog\/wp-json\/wp\/v2\/posts\/25604\/revisions"}],"predecessor-version":[{"id":25616,"href":"http:\/\/blogdalucianaoliveira.com.br\/blog\/wp-json\/wp\/v2\/posts\/25604\/revisions\/25616"}],"wp:featuredmedia":[{"embeddable":true,"href":"http:\/\/blogdalucianaoliveira.com.br\/blog\/wp-json\/wp\/v2\/media\/25608"}],"wp:attachment":[{"href":"http:\/\/blogdalucianaoliveira.com.br\/blog\/wp-json\/wp\/v2\/media?parent=25604"}],"wp:term":[{"taxonomy":"category","embeddable":true,"href":"http:\/\/blogdalucianaoliveira.com.br\/blog\/wp-json\/wp\/v2\/categories?post=25604"},{"taxonomy":"post_tag","embeddable":true,"href":"http:\/\/blogdalucianaoliveira.com.br\/blog\/wp-json\/wp\/v2\/tags?post=25604"}],"curies":[{"name":"wp","href":"https:\/\/api.w.org\/{rel}","templated":true}]}}