{"id":25620,"date":"2019-12-19T14:40:23","date_gmt":"2019-12-19T18:40:23","guid":{"rendered":"http:\/\/blogdalucianaoliveira.com.br\/blog\/?p=25620"},"modified":"2019-12-19T14:40:35","modified_gmt":"2019-12-19T18:40:35","slug":"contas-de-miliciano-foram-usadas-em-rachadinha-de-flavio-diz-promotoria","status":"publish","type":"post","link":"http:\/\/blogdalucianaoliveira.com.br\/blog\/2019\/12\/19\/contas-de-miliciano-foram-usadas-em-rachadinha-de-flavio-diz-promotoria\/","title":{"rendered":"Contas de miliciano foram usadas em &#8216;rachadinha&#8217; de Fl\u00e1vio, diz Promotoria"},"content":{"rendered":"\n<figure class=\"wp-block-image size-large\"><img data-recalc-dims=\"1\" loading=\"lazy\" decoding=\"async\" width=\"600\" height=\"375\" data-attachment-id=\"25621\" data-permalink=\"http:\/\/blogdalucianaoliveira.com.br\/blog\/2019\/12\/19\/contas-de-miliciano-foram-usadas-em-rachadinha-de-flavio-diz-promotoria\/63ccc64e-a62a-49da-8ecd-1106bb282abd\/\" data-orig-file=\"https:\/\/i0.wp.com\/blogdalucianaoliveira.com.br\/blog\/wp-content\/uploads\/2019\/12\/63CCC64E-A62A-49DA-8ECD-1106BB282ABD.jpeg?fit=732%2C457\" data-orig-size=\"732,457\" data-comments-opened=\"0\" data-image-meta=\"{&quot;aperture&quot;:&quot;0&quot;,&quot;credit&quot;:&quot;&quot;,&quot;camera&quot;:&quot;&quot;,&quot;caption&quot;:&quot;&quot;,&quot;created_timestamp&quot;:&quot;0&quot;,&quot;copyright&quot;:&quot;&quot;,&quot;focal_length&quot;:&quot;0&quot;,&quot;iso&quot;:&quot;0&quot;,&quot;shutter_speed&quot;:&quot;0&quot;,&quot;title&quot;:&quot;&quot;,&quot;orientation&quot;:&quot;0&quot;}\" data-image-title=\"63CCC64E-A62A-49DA-8ECD-1106BB282ABD\" data-image-description=\"\" data-image-caption=\"\" data-medium-file=\"https:\/\/i0.wp.com\/blogdalucianaoliveira.com.br\/blog\/wp-content\/uploads\/2019\/12\/63CCC64E-A62A-49DA-8ECD-1106BB282ABD.jpeg?fit=300%2C187\" data-large-file=\"https:\/\/i0.wp.com\/blogdalucianaoliveira.com.br\/blog\/wp-content\/uploads\/2019\/12\/63CCC64E-A62A-49DA-8ECD-1106BB282ABD.jpeg?fit=600%2C375\" src=\"https:\/\/i0.wp.com\/blogdalucianaoliveira.com.br\/blog\/wp-content\/uploads\/2019\/12\/63CCC64E-A62A-49DA-8ECD-1106BB282ABD.jpeg?resize=600%2C375\" alt=\"\" class=\"wp-image-25621\" srcset=\"https:\/\/i0.wp.com\/blogdalucianaoliveira.com.br\/blog\/wp-content\/uploads\/2019\/12\/63CCC64E-A62A-49DA-8ECD-1106BB282ABD.jpeg?w=732 732w, https:\/\/i0.wp.com\/blogdalucianaoliveira.com.br\/blog\/wp-content\/uploads\/2019\/12\/63CCC64E-A62A-49DA-8ECD-1106BB282ABD.jpeg?resize=300%2C187 300w, https:\/\/i0.wp.com\/blogdalucianaoliveira.com.br\/blog\/wp-content\/uploads\/2019\/12\/63CCC64E-A62A-49DA-8ECD-1106BB282ABD.jpeg?resize=481%2C300 481w\" sizes=\"auto, (max-width: 600px) 100vw, 600px\" \/><\/figure>\n\n\n\n<p>Devolu\u00e7\u00e3o de remunera\u00e7\u00e3o de ex-assessora passava pelo caixa de ex-capit\u00e3o da PM antes de ser repassado a ex-bra\u00e7o-direito do filho do presidente Bolsonaro<\/p>\n\n\n\n<!--more-->\n\n\n\n<p><strong><a href=\"https:\/\/www1.folha.uol.com.br\/autores\/italo-nogueira.shtml\">Italo Nogueira<\/a><\/strong><br><strong> <\/strong>FSP<\/p>\n\n\n\n<p>Contas banc\u00e1rias controladas pelo ex-capit\u00e3o da PM Adriano da N\u00f3brega,&nbsp;<a href=\"https:\/\/www1.folha.uol.com.br\/poder\/2019\/01\/flavio-bolsonaro-empregou-mae-e-mulher-de-capitao-preso-em-operacao-contra-milicias.shtml\">foragido sob acusa\u00e7\u00e3o de integrar uma mil\u00edcia<\/a>, foram usadas para abastecer Fabr\u00edcio Queiroz no suposto esquema de &#8220;rachadinha&#8221;&nbsp;no antigo gabinete do hoje senador Fl\u00e1vio Bolsonaro (sem partido-RJ) na Assembleia Legislativa do Rio de Janeiro.<\/p>\n\n\n\n<p>A conclus\u00e3o \u00e9 do Minist\u00e9rio P\u00fablico do Rio de Janeiro com base em dados da quebra de sigilo banc\u00e1rio e fiscal de Queiroz e da mulher de Adriano, Danielle Mendon\u00e7a da N\u00f3brega, ex-assessora de Fl\u00e1vio.<\/p>\n\n\n\n<p>A Promotoria apura a pr\u00e1tica da &#8220;rachadinha&#8221; no antigo gabinete de Fl\u00e1vio, que consiste em coagir servidores a devolver parte do sal\u00e1rio para os parlamentares. Est\u00e3o sendo investigados crimes de peculato, lavagem de dinheiro, oculta\u00e7\u00e3o de patrim\u00f4nio e organiza\u00e7\u00e3o criminosa.<\/p>\n\n\n\n<p>O\u00a0piv\u00f4 da investiga\u00e7\u00e3o \u00e9<a href=\"https:\/\/www1.folha.uol.com.br\/poder\/2019\/04\/caso-queiroz-e-do-filho-do-presidente-completa-482-dias-sem-conclusao-entenda.shtml\">\u00a0Queiroz<\/a>,\u00a0policial militar aposentado\u00a0que era assessor de Fl\u00e1vio.\u00a0A origem da rela\u00e7\u00e3o de Queiroz com a fam\u00edlia\u00a0Bolsonaro\u00a0\u00e9 o presidente da Rep\u00fablica. Os dois se conhecem desde 1984 e pescavam juntos em Angra dos Reis.<\/p>\n\n\n\n<p>Os investigadores afirmam que Danielle devolveu ao menos R$ 150 mil do sal\u00e1rio que recebeu de&nbsp;2007 a 2018 a Queiroz \u2014cerca de 19% do total de seus&nbsp;vencimentos. Desse volume, R$ 115 mil foram repassados por interm\u00e9dio de contas banc\u00e1rias controladas por Adriano, de acordo com o Minist\u00e9rio P\u00fablico.<\/p>\n\n\n\n<p>Foram usadas contas em nome de dois restaurantes da fam\u00edlia do ex-capit\u00e3o e da m\u00e3e dele, Raimunda Veras Magalh\u00e3es, em per\u00edodo anterior \u00e0 tamb\u00e9m nomea\u00e7\u00e3o dela no gabinete de Fl\u00e1vio.<\/p>\n\n\n\n<p>Tamb\u00e9m h\u00e1 indica\u00e7\u00e3o do controle por Adriano do dinheiro que seria repassado por Danielle a Queiroz, em di\u00e1logos entre o casal por aplicativo de mensagem. Eles foram obtidos durante a Opera\u00e7\u00e3o Os Intoc\u00e1veis, em janeiro, quando o telefone da mulher do ex-PM foi apreendido e ele se tornou foragido.<\/p>\n\n\n\n<p>Quando a ex-assessora de Fl\u00e1vio se queixa de sua exonera\u00e7\u00e3o em novembro, Adriano afirma que \u201ccontava com o que vinha do seu tmbm [tamb\u00e9m]\u201d. Para o Minist\u00e9rio P\u00fablico, a frase revela que o ex-capit\u00e3o tamb\u00e9m ficava com parte do sal\u00e1rio dela.<\/p>\n\n\n\n<p>Em outro di\u00e1logo, Adriano afirma que iria conversar com Queiroz sobre a exonera\u00e7\u00e3o, a fim de evit\u00e1-la. O ex-assessor de Fl\u00e1vio \u00e9 chamado apenas de \u201camigo\u201d.<\/p>\n\n\n\n<p>O ex-capit\u00e3o \u00e9 acusado de comandar uma das mil\u00edcias mais antigas e violentas do Rio de Janeiro, na favela de Rio das Pedras (zona oeste). \u00c9 tamb\u00e9m suspeito de v\u00ednculos com jogo do bicho. Foragido h\u00e1 quase um ano, Adriano foi companheiro no 18\u00ba Batalh\u00e3o da PM de Fabr\u00edcio Queiroz.<\/p>\n\n\n\n<p>Apesar das transa\u00e7\u00f5es financeiras, as mensagens tamb\u00e9m mostram que a fam\u00edlia Bolsonaro se preocupava com a eventual vincula\u00e7\u00e3o do gabinete de Fl\u00e1vio com o ex-capit\u00e3o.<\/p>\n\n\n\n<p>&#8220;Sobre seu sobrenome&#8230; N\u00e3o querem correrem risco, tendo em vista que est\u00e3o concorrendo e visibilidade que est\u00e3o. Eu disse que vc est\u00e1 separada e est\u00e1 se divorciando&#8221;, escreveu Queiroz para Danielle em dezembro de 2017.<\/p>\n\n\n\n<p>A ex-assessora explica que permanecem casados, mas &#8220;separados de corpos&#8221; e pede para ser mantida no cargo. Ela ficou at\u00e9 novembro de 2018.<\/p>\n\n\n\n<p>Na ocasi\u00e3o desta troca de mensagens, Adriano n\u00e3o era considerado foragido e n\u00e3o respondia mais a a\u00e7\u00f5es penais. Ele j\u00e1 havia sido expulso da Pol\u00edcia Militar em 2014 porque, para a corpora\u00e7\u00e3o, ele atuou como seguran\u00e7a de um bicheiro.<\/p>\n\n\n\n<p>N\u00e3o h\u00e1 nas mensagens indica\u00e7\u00e3o de que Queiroz e a fam\u00edlia Bolsonaro soubessem da atua\u00e7\u00e3o de Adriano com a mil\u00edcia de Rio das Pedras.<\/p>\n\n\n\n<p>O Minist\u00e9rio P\u00fablico afirma tamb\u00e9m que as mensagens mostram que Danielle reconheceu a amigas que era uma funcion\u00e1ria fantasma. Numa mensagem enviada para uma delas, diz que \u201cj\u00e1 vinha [h\u00e1] um tempo muito incomodada com a origem desse $ [dinheiro] na minha vida\u201d.<\/p>\n\n\n\n<p>Em outra conversa, uma amiga identificada como Paty diz para Danielle que foi Adriano quem arrumou a nomea\u00e7\u00e3o e que ela \u201cpoderia ter se enrolado com isso\u201d.<\/p>\n\n\n\n<p>Queiroz tamb\u00e9m conversa diretamente com Danielle. Logo ap\u00f3s a divulga\u00e7\u00e3o de reportagens sobre a movimenta\u00e7\u00e3o at\u00edpica em sua conta banc\u00e1ria identificada pelo Coaf (Conselho de Controle das Atividades Financeiras), o ex-assessor de Fl\u00e1vio sugere a ela que tome cuidado ao falar no telefone.<\/p>\n\n\n\n<p>O advogado Paulo Klein, que defende Queiroz, disse que os di\u00e1logos est\u00e3o sendo interpretados de forma distorcida.<\/p>\n\n\n\n<p>\u201cA interpreta\u00e7\u00e3o dada a esses di\u00e1logos \u00e9 feita de forma distorcida e a partir de recortes de di\u00e1logos obtidos de forma ilegal. Portanto, para que os fatos possam ser avaliados com isen\u00e7\u00e3o \u00e9 necess\u00e1rio que todo o di\u00e1logo seja apresentado\u201d, disse ele.<\/p>\n\n\n\n<p>Ele afirmou ainda que \u201cvalores milion\u00e1rios v\u00eam sendo apresentados de forma distorcida, para que a opini\u00e3o p\u00fablica veja ilegalidades onde n\u00e3o h\u00e1\u201d.<\/p>\n\n\n\n<p>\u201cEmbora se insistam em criar esc\u00e2ndalos, como j\u00e1 devidamente esclarecido, o sr. Fabr\u00edcio Queiroz recebia parte dos sal\u00e1rios de alguns assessores para aumentar a base de atua\u00e7\u00e3o do deputado. Ou seja, com a mesma finalidade p\u00fablica dos recursos, n\u00e3o constituindo qualquer ilegalidade\u201d, declarou ele.<\/p>\n\n\n\n<p>A&nbsp;<strong>Folha<\/strong>&nbsp;n\u00e3o conseguiu contato com as defesas de Adriano e Danielle.<\/p>\n\n\n\n<figure><iframe loading=\"lazy\" src=\"https:\/\/arte.folha.uol.com.br\/poder\/2019\/01\/24\/cronologia-adriano-flavio\/?initialWidth=1&amp;childId=infographic-1&amp;parentTitle=Contas%20de%20miliciano%20foram%20usadas%20em%20%27rachadinha%27%20de%20Fl%C3%A1vio%2C%20diz%20Promotoria%20-%2019%2F12%2F2019%20-%20Poder%20-%20Folha&amp;parentUrl=https%3A%2F%2Fwww1.folha.uol.com.br%2Fpoder%2F2019%2F12%2Fcontas-de-miliciano-foram-usadas-em-rachadinha-de-flavio-diz-promotoria.shtml\" width=\"100%\" height=\"2519px\"><\/iframe><\/figure>\n\n\n\n<p><\/p>\n","protected":false},"excerpt":{"rendered":"<p>Devolu\u00e7\u00e3o de remunera\u00e7\u00e3o de ex-assessora passava pelo caixa de ex-capit\u00e3o da PM antes de ser repassado a ex-bra\u00e7o-direito do filho do presidente Bolsonaro<\/p>\n","protected":false},"author":1,"featured_media":0,"comment_status":"closed","ping_status":"open","sticky":false,"template":"","format":"standard","meta":{"_exactmetrics_skip_tracking":false,"_exactmetrics_sitenote_active":false,"_exactmetrics_sitenote_note":"","_exactmetrics_sitenote_category":0,"jetpack_post_was_ever_published":false,"_jetpack_newsletter_access":"","_jetpack_dont_email_post_to_subs":false,"_jetpack_newsletter_tier_id":0,"_jetpack_memberships_contains_paywalled_content":false,"_jetpack_memberships_contains_paid_content":false,"footnotes":"","jetpack_publicize_message":"","jetpack_publicize_feature_enabled":true,"jetpack_social_post_already_shared":true,"jetpack_social_options":{"image_generator_settings":{"template":"highway","enabled":false},"version":2}},"categories":[1],"tags":[],"class_list":["post-25620","post","type-post","status-publish","format-standard","hentry","category-notas"],"jetpack_publicize_connections":[],"jetpack_sharing_enabled":true,"jetpack_featured_media_url":"","jetpack_shortlink":"https:\/\/wp.me\/p7wKYW-6Fe","jetpack-related-posts":[],"_links":{"self":[{"href":"http:\/\/blogdalucianaoliveira.com.br\/blog\/wp-json\/wp\/v2\/posts\/25620","targetHints":{"allow":["GET"]}}],"collection":[{"href":"http:\/\/blogdalucianaoliveira.com.br\/blog\/wp-json\/wp\/v2\/posts"}],"about":[{"href":"http:\/\/blogdalucianaoliveira.com.br\/blog\/wp-json\/wp\/v2\/types\/post"}],"author":[{"embeddable":true,"href":"http:\/\/blogdalucianaoliveira.com.br\/blog\/wp-json\/wp\/v2\/users\/1"}],"replies":[{"embeddable":true,"href":"http:\/\/blogdalucianaoliveira.com.br\/blog\/wp-json\/wp\/v2\/comments?post=25620"}],"version-history":[{"count":1,"href":"http:\/\/blogdalucianaoliveira.com.br\/blog\/wp-json\/wp\/v2\/posts\/25620\/revisions"}],"predecessor-version":[{"id":25622,"href":"http:\/\/blogdalucianaoliveira.com.br\/blog\/wp-json\/wp\/v2\/posts\/25620\/revisions\/25622"}],"wp:attachment":[{"href":"http:\/\/blogdalucianaoliveira.com.br\/blog\/wp-json\/wp\/v2\/media?parent=25620"}],"wp:term":[{"taxonomy":"category","embeddable":true,"href":"http:\/\/blogdalucianaoliveira.com.br\/blog\/wp-json\/wp\/v2\/categories?post=25620"},{"taxonomy":"post_tag","embeddable":true,"href":"http:\/\/blogdalucianaoliveira.com.br\/blog\/wp-json\/wp\/v2\/tags?post=25620"}],"curies":[{"name":"wp","href":"https:\/\/api.w.org\/{rel}","templated":true}]}}