{"id":25623,"date":"2019-12-19T18:41:05","date_gmt":"2019-12-19T22:41:05","guid":{"rendered":"http:\/\/blogdalucianaoliveira.com.br\/blog\/?p=25623"},"modified":"2019-12-19T18:41:17","modified_gmt":"2019-12-19T22:41:17","slug":"investigacao-se-fecha-sobre-flavio-e-bolsonaro-passa-recibo","status":"publish","type":"post","link":"http:\/\/blogdalucianaoliveira.com.br\/blog\/2019\/12\/19\/investigacao-se-fecha-sobre-flavio-e-bolsonaro-passa-recibo\/","title":{"rendered":"Investiga\u00e7\u00e3o se fecha sobre Fl\u00e1vio, e Bolsonaro passa recibo"},"content":{"rendered":"\n<figure class=\"wp-block-image size-large\"><img data-recalc-dims=\"1\" loading=\"lazy\" decoding=\"async\" width=\"600\" height=\"400\" data-attachment-id=\"25624\" data-permalink=\"http:\/\/blogdalucianaoliveira.com.br\/blog\/2019\/12\/19\/investigacao-se-fecha-sobre-flavio-e-bolsonaro-passa-recibo\/image-13-2\/\" data-orig-file=\"https:\/\/i0.wp.com\/blogdalucianaoliveira.com.br\/blog\/wp-content\/uploads\/2019\/12\/image-13.jpeg?fit=768%2C512\" data-orig-size=\"768,512\" data-comments-opened=\"0\" data-image-meta=\"{&quot;aperture&quot;:&quot;0&quot;,&quot;credit&quot;:&quot;&quot;,&quot;camera&quot;:&quot;&quot;,&quot;caption&quot;:&quot;&quot;,&quot;created_timestamp&quot;:&quot;0&quot;,&quot;copyright&quot;:&quot;&quot;,&quot;focal_length&quot;:&quot;0&quot;,&quot;iso&quot;:&quot;0&quot;,&quot;shutter_speed&quot;:&quot;0&quot;,&quot;title&quot;:&quot;&quot;,&quot;orientation&quot;:&quot;0&quot;}\" data-image-title=\"image-13\" data-image-description=\"\" data-image-caption=\"\" data-medium-file=\"https:\/\/i0.wp.com\/blogdalucianaoliveira.com.br\/blog\/wp-content\/uploads\/2019\/12\/image-13.jpeg?fit=300%2C200\" data-large-file=\"https:\/\/i0.wp.com\/blogdalucianaoliveira.com.br\/blog\/wp-content\/uploads\/2019\/12\/image-13.jpeg?fit=600%2C400\" src=\"https:\/\/i0.wp.com\/blogdalucianaoliveira.com.br\/blog\/wp-content\/uploads\/2019\/12\/image-13.jpeg?resize=600%2C400\" alt=\"\" class=\"wp-image-25624\" srcset=\"https:\/\/i0.wp.com\/blogdalucianaoliveira.com.br\/blog\/wp-content\/uploads\/2019\/12\/image-13.jpeg?w=768 768w, https:\/\/i0.wp.com\/blogdalucianaoliveira.com.br\/blog\/wp-content\/uploads\/2019\/12\/image-13.jpeg?resize=300%2C200 300w, https:\/\/i0.wp.com\/blogdalucianaoliveira.com.br\/blog\/wp-content\/uploads\/2019\/12\/image-13.jpeg?resize=450%2C300 450w\" sizes=\"auto, (max-width: 600px) 100vw, 600px\" \/><\/figure>\n\n\n\n<p>Presidente tornou atos dos filhos indissoci\u00e1veis dos seus, e isso cobra um pre\u00e7o. <br><\/p>\n\n\n\n<!--more-->\n\n\n\n<p>Na FSP<\/p>\n\n\n\n<p><strong><a href=\"https:\/\/www1.folha.uol.com.br\/autores\/igor-gielow.shtml\">gor Gielow<\/a><\/strong><strong>S\u00c3O PAULO<\/strong><\/p>\n\n\n\n<p>O presidente Jair\u00a0Bolsonaro\u00a0(sem partido)<a href=\"https:\/\/www1.folha.uol.com.br\/poder\/2019\/12\/bolsonaro-chama-de-pequenos-problemas-suspeitas-sobre-filho-flavio.shtml\">\u00a0passou um recibo bastante claro<\/a>sobre o tamanho do problema que as\u00a0<a href=\"https:\/\/www1.folha.uol.com.br\/poder\/2019\/12\/fabricio-queiroz-e-ex-assessores-de-flavio-bolsonaro-sao-alvo-de-operacao-no-rio.shtml\">renovadas investiga\u00e7\u00f5es acerca das eventuais pr\u00e1ticas ilegais de sua fam\u00edlia<\/a>\u00a0e eventual associa\u00e7\u00e3o a\u00a0mil\u00edcias no Rio significam.<\/p>\n\n\n\n<p>\u201cO Brasil \u00e9 muito maior do que pequenos problemas. Eu falo por mim. Problemas meus podem perguntar que eu respondo. Dos outros, n\u00e3o tenho nada a ver com isso\u201d, disse um contrariado&nbsp;Bolsonaro&nbsp;nesta quinta (19).<\/p>\n\n\n\n<p>A quest\u00e3o \u00e9 que a transforma\u00e7\u00e3o da Presid\u00eancia numa sucursal do condom\u00ednio Vivendas da Barra cobra seu pre\u00e7o. Desde os prim\u00f3rdios da campanha eleitoral, quando era um subestimado \u201coutsider\u201d, apenas a fam\u00edlia importava na tomada de decis\u00f5es do agora ocupante do Planalto.<\/p>\n\n\n\n<p>Havia uma divis\u00e3o de trabalho, com um qu\u00ea hier\u00e1rquico.&nbsp;<a href=\"https:\/\/www1.folha.uol.com.br\/poder\/2019\/12\/mr-rj-diz-que-flavio-lavou-r-638-mil-em-compra-de-imoveis-com-dinheiro-vivo.shtml\">O agora senador e alvo de apura\u00e7\u00e3o Fl\u00e1vio<\/a>&nbsp;sempre operou mais \u00e0 sombra, procurando se apresentar como o ente mais racional do cl\u00e3 junto ao mundo pol\u00edtico.<\/p>\n\n\n\n<p>O deputado Eduardo brincava de ide\u00f3logo e se consolidava como herdeiro pol\u00edtico central, enquanto o vereador Carlos era respeitado por todos como o dono da palavra final nas estrat\u00e9gias de campanha.<\/p>\n\n\n\n<p>Como Eduardo era o nome da fam\u00edlia em S\u00e3o Paulo, os dois outros irm\u00e3os absorveram muito das pr\u00e1ticas e conex\u00f5es do pai em d\u00e9cadas de atua\u00e7\u00e3o no Rio. Inclusive um certo&nbsp;<a href=\"https:\/\/www1.folha.uol.com.br\/poder\/2018\/12\/ex-assessor-de-flavio-bolsonaro-pm-ganhou-premio-por-coragem.shtml\">Fabr\u00edcio Queiroz<\/a>, chapa de pescaria de&nbsp;Bolsonaro&nbsp;desde os anos 1980.<\/p>\n\n\n\n<p>Um aliado muito pr\u00f3ximo do presidente disse no come\u00e7o deste ano, quando as suspeitas sobre a amplitude do que parecia um esquema paroquial de desvio de dinheiro p\u00fablico se adensavam, que \u201cQueiroz \u00e9 Jair, n\u00e3o \u00e9 Fl\u00e1vio\u201d.<\/p>\n\n\n\n<p>O vatic\u00ednio n\u00e3o poderia ser mais correto.&nbsp;Bolsonaro, ao longo deste 2019, priorizou a opini\u00e3o e os interesses familiares em detrimento do bem p\u00fablico em diversas ocasi\u00f5es, seja na indica\u00e7\u00e3o de pessoas inadequadas para cargos, seja na condu\u00e7\u00e3o err\u00e1tica de pol\u00edticas p\u00fablicas \u2014isso para n\u00e3o falar em atos expl\u00edcitos de nepotismo,&nbsp;<a href=\"https:\/\/www1.folha.uol.com.br\/mundo\/2019\/10\/eduardo-bolsonaro-desiste-da-embaixada-nos-eua-apos-ser-confirmado-lider-do-psl.shtml\">como a tentativa micada de dar o \u201cfil\u00e9 mignon\u201d diplom\u00e1tico de Washington a Eduardo.<\/a><\/p>\n\n\n\n<p><a href=\"https:\/\/www1.folha.uol.com.br\/colunas\/igorgielow\/2019\/05\/titanic-de-bolsonaro-encara-iceberg-chamado-apuracao-das-milicias.shtml\">O horror do presidente com o \u201cproblema pequeno\u201d vem da realidade de que ele n\u00e3o o \u00e9<\/a>. \u00c9 praticamente imposs\u00edvel dissociar atos de seus filhos daqueles do presidente, tal \u00e9 a integra\u00e7\u00e3o dos fios do cipoal do cl\u00e3. E se Queiroz \u00e9 Jair, como diria o aliado, o imbr\u00f3glio \u00e9 certo.<\/p>\n\n\n\n<p>At\u00e9 aqui, a estrat\u00e9gia palaciana de tentar separar as coisas se amparava numa apura\u00e7\u00e3o que se constru\u00eda em torno do ex-assessor, e n\u00e3o t\u00e3o diretamente do filho senador. Agora esse t\u00eanue cord\u00e3o sanit\u00e1rio est\u00e1 rompido, com ind\u00edcios diretos de apura\u00e7\u00e3o sobre lavagem de dinheiro e outras pr\u00e1ticas pelo ent\u00e3o deputado estadual.<\/p>\n\n\n\n<p>Dada a quantidade de elementos desse universo particular das mil\u00edcias fluminenses no radar, parece quest\u00e3o de tempo uma associa\u00e7\u00e3o inquestion\u00e1vel com o cl\u00e3&nbsp;Bolsonaro, o que dada a integra\u00e7\u00e3o entre as partes carrega potencial catastr\u00f3fico para o presidente.&nbsp;<a href=\"https:\/\/www1.folha.uol.com.br\/poder\/2019\/08\/apuracao-do-caso-queiroz-ajudou-a-derrubar-diretor-da-pf-rj.shtml\">O inc\u00f4modo o persegue.<\/a><\/p>\n\n\n\n<p>Concorrem para o agravamento da situa\u00e7\u00e3o o fato de que Carlos \u00e9 objeto de investiga\u00e7\u00e3o semelhante, sigilosa e sobre a qual pouco se sabe at\u00e9 aqui, e o mais grave: h\u00e1 pontos de contato entre o que se apura sobre os filhos do presidente e a investiga\u00e7\u00e3o do rumoroso assassinato da vereadora&nbsp;Marielle&nbsp;Franco.<\/p>\n\n\n\n<p>Em favor da pessoa f\u00edsica\u00a0Bolsonaro, h\u00e1 exatamente essa confus\u00e3o, em que movimentos como o depoimento falso do porteiro do condom\u00ednio o ligando aos matadores presumidos de\u00a0Marielle\u00a0inserem d\u00favidas sobre o todo apurado.<\/p>\n\n\n\n<p>Quando seus aliados acusam&nbsp;<a href=\"https:\/\/www1.folha.uol.com.br\/colunas\/igorgielow\/2019\/12\/witzel-poe-a-propria-cabecinha-sob-fogo-na-disputa-com-bolsonaro.shtml\">Wilson&nbsp;Witzel&nbsp;de arma\u00e7\u00e3o contra o mandat\u00e1rio m\u00e1ximo,<\/a>&nbsp;ainda que n\u00e3o se tenha not\u00edcia de influ\u00eancia do governador fluminense sobre a investiga\u00e7\u00e3o do Minist\u00e9rio P\u00fablico, est\u00e1 sendo trabalhado um discurso cr\u00edvel de persegui\u00e7\u00e3o pol\u00edtica.<\/p>\n\n\n\n<p>Aqui entra uma quest\u00e3o nada desprez\u00edvel de dosimetria.&nbsp;<a href=\"https:\/\/www1.folha.uol.com.br\/colunas\/igorgielow\/2019\/01\/marielle-surge-no-caso-queiroz-para-assombrar-comeco-do-governo-bolsonaro.shtml\">Retire da equa\u00e7\u00e3o&nbsp;Marielle, um chamariz internacional para o caso<\/a>, e ainda assim temos um epis\u00f3dio no qual, no limite, a fam\u00edlia do presidente pode ser acusada de dar dinheiro p\u00fablico para criminosos. \u00c9 escandaloso, ainda mais pelo contato pregresso de&nbsp;Bolsonaro&nbsp;com os personagens do caso.<\/p>\n\n\n\n<p>Novamente, isso pode n\u00e3o atingir a pessoa f\u00edsica do presidente, mas sim a&nbsp;persona&nbsp;pol\u00edtica. Se nada disso hoje \u00e9 suficiente para amea\u00e7ar diretamente a rede de apoio de&nbsp;Bolsonaro, a mera promessa de que nada mudar\u00e1 no Congresso pelo premi\u00ea de fato Rodrigo Maia soa mais como uma advert\u00eancia de depend\u00eancia.<\/p>\n\n\n\n<p>Sem a prometida recupera\u00e7\u00e3o econ\u00f4mica na ponta e com a fragilidade que sua articula\u00e7\u00e3o pol\u00edtica invertebrada fornece, o \u201cpequeno problema\u201d pode virar coisa bem pior num horizonte vis\u00edvel.&nbsp;E&nbsp;Bolsonaro&nbsp;demonstra saber disso.<\/p>\n\n\n\n<p><\/p>\n","protected":false},"excerpt":{"rendered":"<p>Presidente tornou atos dos filhos indissoci\u00e1veis dos seus, e isso cobra um pre\u00e7o.<\/p>\n","protected":false},"author":1,"featured_media":0,"comment_status":"closed","ping_status":"open","sticky":false,"template":"","format":"standard","meta":{"_exactmetrics_skip_tracking":false,"_exactmetrics_sitenote_active":false,"_exactmetrics_sitenote_note":"","_exactmetrics_sitenote_category":0,"jetpack_post_was_ever_published":false,"_jetpack_newsletter_access":"","_jetpack_dont_email_post_to_subs":false,"_jetpack_newsletter_tier_id":0,"_jetpack_memberships_contains_paywalled_content":false,"_jetpack_memberships_contains_paid_content":false,"footnotes":"","jetpack_publicize_message":"","jetpack_publicize_feature_enabled":true,"jetpack_social_post_already_shared":true,"jetpack_social_options":{"image_generator_settings":{"template":"highway","enabled":false},"version":2}},"categories":[1],"tags":[],"class_list":["post-25623","post","type-post","status-publish","format-standard","hentry","category-notas"],"jetpack_publicize_connections":[],"jetpack_sharing_enabled":true,"jetpack_featured_media_url":"","jetpack_shortlink":"https:\/\/wp.me\/p7wKYW-6Fh","jetpack-related-posts":[],"_links":{"self":[{"href":"http:\/\/blogdalucianaoliveira.com.br\/blog\/wp-json\/wp\/v2\/posts\/25623","targetHints":{"allow":["GET"]}}],"collection":[{"href":"http:\/\/blogdalucianaoliveira.com.br\/blog\/wp-json\/wp\/v2\/posts"}],"about":[{"href":"http:\/\/blogdalucianaoliveira.com.br\/blog\/wp-json\/wp\/v2\/types\/post"}],"author":[{"embeddable":true,"href":"http:\/\/blogdalucianaoliveira.com.br\/blog\/wp-json\/wp\/v2\/users\/1"}],"replies":[{"embeddable":true,"href":"http:\/\/blogdalucianaoliveira.com.br\/blog\/wp-json\/wp\/v2\/comments?post=25623"}],"version-history":[{"count":1,"href":"http:\/\/blogdalucianaoliveira.com.br\/blog\/wp-json\/wp\/v2\/posts\/25623\/revisions"}],"predecessor-version":[{"id":25625,"href":"http:\/\/blogdalucianaoliveira.com.br\/blog\/wp-json\/wp\/v2\/posts\/25623\/revisions\/25625"}],"wp:attachment":[{"href":"http:\/\/blogdalucianaoliveira.com.br\/blog\/wp-json\/wp\/v2\/media?parent=25623"}],"wp:term":[{"taxonomy":"category","embeddable":true,"href":"http:\/\/blogdalucianaoliveira.com.br\/blog\/wp-json\/wp\/v2\/categories?post=25623"},{"taxonomy":"post_tag","embeddable":true,"href":"http:\/\/blogdalucianaoliveira.com.br\/blog\/wp-json\/wp\/v2\/tags?post=25623"}],"curies":[{"name":"wp","href":"https:\/\/api.w.org\/{rel}","templated":true}]}}