{"id":25626,"date":"2019-12-19T18:43:34","date_gmt":"2019-12-19T22:43:34","guid":{"rendered":"http:\/\/blogdalucianaoliveira.com.br\/blog\/?p=25626"},"modified":"2019-12-19T18:43:47","modified_gmt":"2019-12-19T22:43:47","slug":"a-casa-caiu-advogado-abandona-queiroz-depois-da-revelacao-do-esquema-de-corrupcao-do-cla-bolsonaro","status":"publish","type":"post","link":"http:\/\/blogdalucianaoliveira.com.br\/blog\/2019\/12\/19\/a-casa-caiu-advogado-abandona-queiroz-depois-da-revelacao-do-esquema-de-corrupcao-do-cla-bolsonaro\/","title":{"rendered":"A casa caiu: advogado abandona Queiroz depois da revela\u00e7\u00e3o do esquema de corrup\u00e7\u00e3o do cl\u00e3 Bolsonaro"},"content":{"rendered":"\n<figure class=\"wp-block-image size-large\"><img data-recalc-dims=\"1\" loading=\"lazy\" decoding=\"async\" width=\"500\" height=\"240\" data-attachment-id=\"25627\" data-permalink=\"http:\/\/blogdalucianaoliveira.com.br\/blog\/2019\/12\/19\/a-casa-caiu-advogado-abandona-queiroz-depois-da-revelacao-do-esquema-de-corrupcao-do-cla-bolsonaro\/image-14-2\/\" data-orig-file=\"https:\/\/i0.wp.com\/blogdalucianaoliveira.com.br\/blog\/wp-content\/uploads\/2019\/12\/image-14.jpeg?fit=500%2C240\" data-orig-size=\"500,240\" data-comments-opened=\"0\" data-image-meta=\"{&quot;aperture&quot;:&quot;0&quot;,&quot;credit&quot;:&quot;&quot;,&quot;camera&quot;:&quot;&quot;,&quot;caption&quot;:&quot;&quot;,&quot;created_timestamp&quot;:&quot;0&quot;,&quot;copyright&quot;:&quot;&quot;,&quot;focal_length&quot;:&quot;0&quot;,&quot;iso&quot;:&quot;0&quot;,&quot;shutter_speed&quot;:&quot;0&quot;,&quot;title&quot;:&quot;&quot;,&quot;orientation&quot;:&quot;0&quot;}\" data-image-title=\"image-14\" data-image-description=\"\" data-image-caption=\"\" data-medium-file=\"https:\/\/i0.wp.com\/blogdalucianaoliveira.com.br\/blog\/wp-content\/uploads\/2019\/12\/image-14.jpeg?fit=300%2C144\" data-large-file=\"https:\/\/i0.wp.com\/blogdalucianaoliveira.com.br\/blog\/wp-content\/uploads\/2019\/12\/image-14.jpeg?fit=500%2C240\" src=\"https:\/\/i0.wp.com\/blogdalucianaoliveira.com.br\/blog\/wp-content\/uploads\/2019\/12\/image-14.jpeg?resize=500%2C240\" alt=\"\" class=\"wp-image-25627\" srcset=\"https:\/\/i0.wp.com\/blogdalucianaoliveira.com.br\/blog\/wp-content\/uploads\/2019\/12\/image-14.jpeg?w=500 500w, https:\/\/i0.wp.com\/blogdalucianaoliveira.com.br\/blog\/wp-content\/uploads\/2019\/12\/image-14.jpeg?resize=300%2C144 300w\" sizes=\"auto, (max-width: 500px) 100vw, 500px\" \/><\/figure>\n\n\n\n<p><strong>247<\/strong>\u00a0&#8211; O advogado Paulo Klein, respons\u00e1vel pela defesa de Fabr\u00edcio Queiroz, ex-assessor do senador Fl\u00e1vio Bolsonaro, e seus familiares, abandou o caso depois da revela\u00e7\u00e3o do esquema de corrup\u00e7\u00e3o do cl\u00e3 Bolsonaro.<\/p>\n\n\n\n<!--more-->\n\n\n\n<p>\u00c0\u00a0<a href=\"https:\/\/noticias.uol.com.br\/politica\/ultimas-noticias\/2019\/12\/19\/advogado-de-queiroz-abandona-o-caso-depois-de-operacao-do-mp-rj.htm\">reportagem do UOL<\/a>, Klein alegou &#8220;foro \u00edntimo&#8221; para abandonar o caso e disse ter &#8220;convic\u00e7\u00e3o da honestidade dos \u2014 agora \u2014 ex-clientes&#8221;.<\/p>\n\n\n\n<p>A decis\u00e3o foi tomada no dia seguinte \u00e0 opera\u00e7\u00e3o do Minist\u00e9rio P\u00fablico do Rio de Janeiro, que cumpriu 24 mandados de busca e apreens\u00e3o em endere\u00e7os ligados a Queiroz, e a parentes de Ana Cristina Valle, ex-mulher de Bolsonaro, e revelou um grande esquema de &#8216;rachadinha&#8217; no antigo gabinete de Fl\u00e1vio, quando era deputado estadual na Alerj.<\/p>\n\n\n\n<p>Na mira do MP, h\u00e1 a apura\u00e7\u00e3o de desvio de dinheiro p\u00fablico comandado por Fl\u00e1vio Bolsonaro e Queiroz a partir do recolhimento de parte dos sal\u00e1rios de funcion\u00e1rios fantasmas em seu gabinete. A loja de chocolates do atual senador tamb\u00e9m \u00e9 alvo de investiga\u00e7\u00e3o, por suspeita de lavagem de dinheiro, assim como o crescimento do patrim\u00f4nio do parlamentar.<\/p>\n","protected":false},"excerpt":{"rendered":"<p>247\u00a0&#8211; O advogado Paulo Klein, respons\u00e1vel pela defesa de Fabr\u00edcio Queiroz, ex-assessor do senador Fl\u00e1vio Bolsonaro, e seus familiares, abandou o caso depois da revela\u00e7\u00e3o do esquema de corrup\u00e7\u00e3o do cl\u00e3 Bolsonaro.<\/p>\n","protected":false},"author":1,"featured_media":0,"comment_status":"closed","ping_status":"open","sticky":false,"template":"","format":"standard","meta":{"_exactmetrics_skip_tracking":false,"_exactmetrics_sitenote_active":false,"_exactmetrics_sitenote_note":"","_exactmetrics_sitenote_category":0,"jetpack_post_was_ever_published":false,"_jetpack_newsletter_access":"","_jetpack_dont_email_post_to_subs":false,"_jetpack_newsletter_tier_id":0,"_jetpack_memberships_contains_paywalled_content":false,"_jetpack_memberships_contains_paid_content":false,"footnotes":"","jetpack_publicize_message":"","jetpack_publicize_feature_enabled":true,"jetpack_social_post_already_shared":true,"jetpack_social_options":{"image_generator_settings":{"template":"highway","enabled":false},"version":2}},"categories":[1],"tags":[],"class_list":["post-25626","post","type-post","status-publish","format-standard","hentry","category-notas"],"jetpack_publicize_connections":[],"jetpack_sharing_enabled":true,"jetpack_featured_media_url":"","jetpack_shortlink":"https:\/\/wp.me\/p7wKYW-6Fk","jetpack-related-posts":[],"_links":{"self":[{"href":"http:\/\/blogdalucianaoliveira.com.br\/blog\/wp-json\/wp\/v2\/posts\/25626","targetHints":{"allow":["GET"]}}],"collection":[{"href":"http:\/\/blogdalucianaoliveira.com.br\/blog\/wp-json\/wp\/v2\/posts"}],"about":[{"href":"http:\/\/blogdalucianaoliveira.com.br\/blog\/wp-json\/wp\/v2\/types\/post"}],"author":[{"embeddable":true,"href":"http:\/\/blogdalucianaoliveira.com.br\/blog\/wp-json\/wp\/v2\/users\/1"}],"replies":[{"embeddable":true,"href":"http:\/\/blogdalucianaoliveira.com.br\/blog\/wp-json\/wp\/v2\/comments?post=25626"}],"version-history":[{"count":1,"href":"http:\/\/blogdalucianaoliveira.com.br\/blog\/wp-json\/wp\/v2\/posts\/25626\/revisions"}],"predecessor-version":[{"id":25628,"href":"http:\/\/blogdalucianaoliveira.com.br\/blog\/wp-json\/wp\/v2\/posts\/25626\/revisions\/25628"}],"wp:attachment":[{"href":"http:\/\/blogdalucianaoliveira.com.br\/blog\/wp-json\/wp\/v2\/media?parent=25626"}],"wp:term":[{"taxonomy":"category","embeddable":true,"href":"http:\/\/blogdalucianaoliveira.com.br\/blog\/wp-json\/wp\/v2\/categories?post=25626"},{"taxonomy":"post_tag","embeddable":true,"href":"http:\/\/blogdalucianaoliveira.com.br\/blog\/wp-json\/wp\/v2\/tags?post=25626"}],"curies":[{"name":"wp","href":"https:\/\/api.w.org\/{rel}","templated":true}]}}